{"id":1035,"date":"2025-07-16T08:55:34","date_gmt":"2025-07-16T08:55:34","guid":{"rendered":"https:\/\/www.mallandmotto.com\/?p=1035"},"modified":"2025-07-16T08:55:35","modified_gmt":"2025-07-16T08:55:35","slug":"aydde-nuri-sapkaci-yeniden-baskan","status":"publish","type":"post","link":"https:\/\/www.mallandmotto.com\/index.php\/2025\/07\/16\/aydde-nuri-sapkaci-yeniden-baskan\/","title":{"rendered":"AYD\u2019de Nuri \u015eapkac\u0131 Yeniden Ba\u015fkan"},"content":{"rendered":"\n<h3 class=\"wp-block-heading\"><strong>Al\u0131\u015fveri\u015f merkezi sekt\u00f6r\u00fcne sorumlu liderlik yapma ve sekt\u00f6r\u00fcn sa\u011fl\u0131kl\u0131 geli\u015fimine katk\u0131da bulunma misyonu \u00e7er\u00e7evesinde faaliyetlerini s\u00fcrd\u00fcren Al\u0131\u015fveri\u015f Merkezleri ve Yat\u0131r\u0131mc\u0131lar\u0131 Derne\u011fi\u2019nin (AYD) 27 \u015eubat 2025 tarihinde d\u00fczenlenen 17. Se\u00e7imli Ola\u011fan Genel Kurul Toplant\u0131s\u0131\u2019nda 2025-2028 d\u00f6nemi Ba\u015fkanl\u0131k g\u00f6revine oy birli\u011fiyle Nuri \u015eapkac\u0131 tekrar se\u00e7ildi.<\/strong><\/h3>\n\n\n\n<p>AYD\u2019nin yeni y\u00f6netim kurulu, dan\u0131\u015fma ve denetim kurullar\u0131n\u0131n da belirlenmesi amac\u0131yla yap\u0131lan Genel Kurul Toplant\u0131s\u0131\u2019nda, Nuri \u015eapkac\u0131 oy birli\u011fi ile Ba\u015fkanl\u0131k g\u00f6revine getirildi. 2025-2028 d\u00f6neminde ba\u015fkanl\u0131k g\u00f6revini y\u00fcr\u00fctecek olan 1965 Malatya do\u011fumlu \u015eapkac\u0131, ECE T\u00fcrkiye\u2019de Y\u00f6netim Kurulu \u00dcyesi ve E\u015f Genel M\u00fcd\u00fcr olarak g\u00f6rev yap\u0131yor.<\/p>\n\n\n\n<p>AYD Y\u00f6netim Kurulu Ba\u015fkanl\u0131\u011f\u0131 g\u00f6revine ikinci kez se\u00e7ilen Nuri \u015eapkac\u0131, Genel Kurul Toplant\u0131s\u0131\u2019nda yapt\u0131\u011f\u0131 konu\u015fmas\u0131na Y\u00fcksek \u0130sti\u015fare Kurulu\u2019na Dan\u0131\u015fma Kurulu\u2019na, Y\u00f6netim Kurulu\u2019na ve t\u00fcm AYD \u00fcyelerine \u00e7al\u0131\u015fmalar\u0131 ve destekleri i\u00e7in te\u015fekk\u00fcr ederek ba\u015flad\u0131. \u015eapkac\u0131, \u201cY\u00f6netim Kurulu\u2019muz ge\u00e7ti\u011fimiz d\u00f6nemde sekt\u00f6r\u00fcm\u00fcz\u00fcn kamuoyu nezdinde do\u011fru temsil edilmesini ve ifade etti\u011fi ekonomik b\u00fcy\u00fckl\u00fc\u011f\u00fcn anla\u015f\u0131lmas\u0131n\u0131 sa\u011flamak, sekt\u00f6rel standartlar\u0131n olu\u015fturulmas\u0131na katk\u0131da bulunmak, kar\u015f\u0131la\u015f\u0131lan sorunlar\u0131 tespit ederek \u00e7\u00f6z\u00fcm odakl\u0131 ad\u0131mlar atmak amac\u0131yla hem sekt\u00f6r i\u00e7inde hem de d\u0131\u015f payda\u015flarla etkili bir diyalog s\u00fcrd\u00fcrd\u00fc. Daha \u00f6nceki d\u00f6nemlerde temelleri at\u0131lan ve bizim de son iki y\u0131ld\u0131r yo\u011fun bir \u015fekilde sekt\u00f6r\u00fcm\u00fcz lehine kararlar\u0131n al\u0131nmas\u0131 i\u00e7in \u00e7al\u0131\u015ft\u0131\u011f\u0131m\u0131z bu s\u00fcreci, en \u00fcst d\u00fczeyde g\u00fcndemde tutmam\u0131z\u0131n yan\u0131 s\u0131ra bas\u0131n ve yay\u0131n organlar\u0131 arac\u0131l\u0131\u011f\u0131yla kamuoyunda da g\u00fc\u00e7l\u00fc bir \u015fekilde dile getirdik.&nbsp; Konut rejiminden ayr\u0131lan bir ticari gayrimenkul mevzuat\u0131n\u0131n olu\u015fturulmas\u0131, bu sayede geli\u015fmi\u015f \u00fclkelerdeki standartlar\u0131n \u00fclkemizde de uygulanabilmesi amac\u0131yla yapt\u0131\u011f\u0131m\u0131z \u00e7al\u0131\u015fmalarla ticari gayrimenkul\u00fcn t\u00fcm alanlar\u0131nda yerli ve yabanc\u0131 yat\u0131r\u0131mlar\u0131n artmas\u0131n\u0131, yarat\u0131lan istihdam ve gelirle \u00fclke ekonomisine katk\u0131m\u0131z\u0131n daha da b\u00fcy\u00fcmesini hedefliyoruz\u201d dedi.<\/p>\n\n\n\n<p>\u015eapkac\u0131, konu\u015fmas\u0131na \u015f\u00f6yle devam etti: \u201cKamu kurumlar\u0131 nezdinde ve bas\u0131n yay\u0131n organlar\u0131 arac\u0131l\u0131\u011f\u0131yla yapt\u0131\u011f\u0131m\u0131z yo\u011fun ileti\u015fim, sekt\u00f6r\u00fcn \u00e7at\u0131 derne\u011fi olan AYD\u2019nin do\u011fru bilginin kayna\u011f\u0131 olarak g\u00f6r\u00fclmesinde \u00f6nemli katk\u0131 sa\u011flamaktad\u0131r. Bunun yan\u0131 s\u0131ra gerek 600 ki\u015filik kat\u0131l\u0131mla ses getirerek sekt\u00f6r\u00fcm\u00fcz\u00fcn vazge\u00e7ilmez organizasyonu haline gelen AYD Al\u0131\u015fveri\u015f Ekonomisi Zirvesi\u2019nde gerekse kat\u0131ld\u0131\u011f\u0131m\u0131z ulusal ve uluslararas\u0131 di\u011fer sekt\u00f6rel organizasyonlarda hakl\u0131 taleplerimizi geni\u015f kitlelere a\u00e7\u0131k ve net bir \u015fekilde ula\u015ft\u0131rma imk\u00e2n\u0131 bulduk. Bakanl\u0131klar, yerel y\u00f6netimler, sekt\u00f6r dernekleri ve STK\u2019lar taraf\u0131ndan y\u00fcr\u00fct\u00fclen projelere, i\u015f birliklerine ve ara\u015ft\u0131rmalara aktif olarak kat\u0131l\u0131m sa\u011flad\u0131k. Farkl\u0131 gruplar\u0131n taleplerini bar\u0131nd\u0131ran ve k\u0131sa vadede kesin \u00e7\u00f6z\u00fcmler \u00fcretmenin kolay olmad\u0131\u011f\u0131 bu s\u00fcre\u00e7te, y\u0131lmadan, do\u011fru ileti\u015fim stratejileriyle ve herkesin anlayabilece\u011fi bir dille mesajlar\u0131m\u0131z\u0131 iletmenin ortak paydada bulu\u015fmam\u0131z i\u00e7in en etkili yol oldu\u011funa inan\u0131yoruz.\u201d<\/p>\n\n\n\n<p><strong>\u201cBirlikten kuvvet do\u011far\u201d<\/strong><\/p>\n\n\n\n<p>Konu\u015fmas\u0131nda AYD\u2019nin 2024 y\u0131l\u0131 de\u011ferlendirmesi ve gelecek hedefleri hakk\u0131nda da bilgi veren \u015eapkac\u0131: \u201c85 milyonluk g\u00fc\u00e7l\u00fc i\u00e7 pazara ve turizme hizmet eden 447 al\u0131\u015fveri\u015f merkezinde, 2024 y\u0131l\u0131nda 55 milyar dolar ciro elde edilerek kay\u0131t i\u00e7i ekonomiye destek sa\u011fland\u0131. Al\u0131\u015fveri\u015f merkezlerimiz, ayn\u0131 y\u0131l 2,9 milyar ki\u015fi taraf\u0131ndan ziyaret edildi. Son 14 y\u0131lda kiralanabilir alan arz\u0131m\u0131z y\u00fczde 136; ziyaret\u00e7i say\u0131lar\u0131m\u0131z y\u00fczde 150 oran\u0131nda artt\u0131. AYD olarak, do\u011frudan 600 bin, dolayl\u0131 olarak 2,1 milyon ki\u015fiye istihdam sa\u011flayan sekt\u00f6r\u00fcm\u00fcz\u00fcn geli\u015fimi ve ticari gayrimenkul\u00fcn t\u00fcm unsurlar\u0131na yat\u0131r\u0131mlar\u0131n artmas\u0131 i\u00e7in \u00e7al\u0131\u015fmaya devam edece\u011fiz\u201d dedi.&nbsp; AYD ve EY i\u015f birli\u011fiyle haz\u0131rlanan s\u00fcrd\u00fcr\u00fclebilirlik raporunun ve Akademetre Research ile hayata ge\u00e7irilecek olan S\u00fcrd\u00fcr\u00fclebilirlik ve Enerji Endeksi\u2019nin sekt\u00f6r i\u00e7in yol g\u00f6sterici olaca\u011f\u0131n\u0131 dile getiren \u015eapkac\u0131, AVM ciro endeksinin ise ekonomist Fatih Keresteci\u2019nin yorumlar\u0131yla daha zengin bir i\u00e7erikle yay\u0131nlanaca\u011f\u0131n\u0131 belirtti.<\/p>\n\n\n\n<p>\u00d6n\u00fcm\u00fczdeki d\u00f6nemde kamuoyu olu\u015fturmaya y\u00f6nelik \u00e7al\u0131\u015fmalara h\u00fck\u00fcmet, bas\u0131n, dernekler ve perakendeciler nezdinde temaslarla devam edilece\u011fini vurgulayan \u015eapkac\u0131; \u201cB\u00f6ylelikle ticari gayrimenkul\u00fcn t\u00fcm alanlar\u0131nda yerli ve yabanc\u0131 yeni yat\u0131r\u0131mlar\u0131n \u00f6n\u00fcn\u00fcn a\u00e7abilece\u011fimize inan\u0131yoruz. Bu s\u00fcre\u00e7te bizlerle birlikte yol alan, katk\u0131 sa\u011flayan ve eme\u011fini esirgemeyen herkese te\u015fekk\u00fcr etmek istiyorum. \u201cBirlikten kuvvet do\u011far\u201d anlay\u0131\u015f\u0131yla, 2025 y\u0131l\u0131nda da dayan\u0131\u015fmam\u0131z\u0131 s\u00fcrd\u00fcrerek sekt\u00f6r\u00fcm\u00fcz\u00fc daha ileriye ta\u015f\u0131may\u0131 ve hep birlikte g\u00fc\u00e7l\u00fc ad\u0131mlarla yol almay\u0131 temenni ediyorum.\u201d dedi.<\/p>\n\n\n\n<p>ECE T\u00fcrkiye\u2019de Y\u00f6netim Kurulu \u00dcyesi ve E\u015f Genel M\u00fcd\u00fcr olarak g\u00f6rev yapan Nuri \u015eapkac\u0131, kariyerine KPMG\u2019de denet\u00e7i olarak ba\u015flad\u0131. Y\u00f6netim alan\u0131nda 25 y\u0131l\u0131 a\u015fk\u0131n tecr\u00fcbesi ile ba\u015far\u0131l\u0131 bir kariyere sahip olan \u015eapkac\u0131, ECE T\u00fcrkiye\u2019ye kat\u0131lmadan \u00f6nce Teknoser, Yap\u0131 Kredi Finansal Kiralama, Teknoloji Holding, ITE Group PLC ve Pegasus Havayollar\u0131\u2019nda \u00fcst d\u00fczey y\u00f6netici olarak \u00e7al\u0131\u015ft\u0131. Nuri \u015eapkac\u0131, Y\u0131ld\u0131z Teknik \u00dcniversitesi\u2019nde End\u00fcstri M\u00fchendisli\u011fi lisans\u0131n\u0131 tamamlad\u0131ktan sonra San Francisco\u2019daki Golden Gate \u00dcniversitesi\u2019nden Finans alan\u0131nda MBA derecesini ald\u0131. Nuri \u015eapkac\u0131, 2025-2028 d\u00f6neminde ikinci kez AYD Y\u00f6netim Kurulu Ba\u015fkan\u0131 olarak g\u00f6rev yapacak.<\/p>\n\n\n\n<p><strong>AYD OLA\u011eAN GENEL KURUL \u2013 KURULLAR L\u0130STES\u0130<\/strong><\/p>\n\n\n\n<p><strong>Y\u00d6NET\u0130M KURULU<\/strong><\/p>\n\n\n\n<figure class=\"wp-block-table\"><table class=\"has-fixed-layout\"><tbody><tr><td>1<\/td><td>Nuri \u015eapkac\u0131<\/td><td>ECE T\u00fcrkiye Proje Y\u00f6n. A.\u015e.<\/td><\/tr><tr><td>2<\/td><td>Mustafa Cem Eri\u00e7<\/td><td>Esas Gayrimenkul<\/td><\/tr><tr><td>3<\/td><td>Ya\u011fmur Ya\u015far<\/td><td>R\u00f6nesans Gayrimenkul Yat\u0131r\u0131m A.\u015e.<\/td><\/tr><tr><td>4<\/td><td>Hakan Kurt<\/td><td>Orjin Gayrimenkul Yat\u0131r\u0131m \u0130n\u015faat A.\u015e.<\/td><\/tr><tr><td>5<\/td><td>Ertu\u011frul Acar<\/td><td>Multi Turkey Y\u00f6netim A.\u015e.<\/td><\/tr><tr><td>6<\/td><td>Yurdaer Kahraman<\/td><td>Fiba Commercial Properties<\/td><\/tr><tr><td>7<\/td><td>Avraam Alka\u015f<\/td><td>Alka\u015f Dan\u0131\u015fmanl\u0131k<\/td><\/tr><tr><td>8<\/td><td>Mahmut Sefa \u00c7elik<\/td><td>Sinpa\u015f GYO<\/td><\/tr><tr><td>9<\/td><td>Mehmet Sami Milli<\/td><td>\u0130stanbul Akvaryum Turizm Ticaret Ltd. \u015eti<\/td><\/tr><tr><td>10<\/td><td>Yusuf Bu\u011fra Tan\u0131k<\/td><td>Nata \u0130n\u015f. Tur. Ta\u015f. Tic. San. A.\u015e.<\/td><\/tr><tr><td>11<\/td><td>Levent \u00c7anak\u00e7\u0131l\u0131<\/td><td>AK\u0130\u015e GYO<\/td><\/tr><tr><td>12<\/td><td>Mehmet G\u00fclay<\/td><td>G\u00fclaylar Group<\/td><\/tr><tr><td>13<\/td><td>Hayal Olcay<\/td><td>Tepe Emlak Yat\u0131r\u0131m \u0130n\u015f. ve Tic. A.\u015e.<\/td><\/tr><tr><td>14<\/td><td>Serhan \u00c7etinsaya<\/td><td>Avrupakent Gayrimenkul Geli\u015ftirme A.\u015e.<\/td><\/tr><tr><td>15<\/td><td>Fatih Tamince<\/td><td>Tersane \u0130stanbul \u2013 Hali\u00e7 Alt\u0131n Boynuz Marina Tur. Gay. \u0130n\u015f. Yat. Tic. A.\u015e.<\/td><\/tr><tr><td>16<\/td><td>Levent Kirman<\/td><td>Yeni Gimat GYO A.\u015e.<\/td><\/tr><tr><td>17<\/td><td>M. Veysel Vural<\/td><td>\u0130sra Holding A.\u015e.<\/td><\/tr><tr><td>18<\/td><td>Sabiha G\u00fcle\u00e7<\/td><td>Pradera Gayrimenkul Y\u00f6netimi ve Tic. Ltd. \u015eti.<\/td><\/tr><tr><td>19<\/td><td>Ersin T\u00fcrk<\/td><td>Arcadium Y\u00f6netim Dan. ve Kiralama Hiz A.\u015e.<\/td><\/tr><tr><td>20<\/td><td>Ata Bayraktar<\/td><td>Bayraktar Gayrimenkul Geli\u015ftirme A.\u015e.<\/td><\/tr><tr><td>21<\/td><td>Kaan Y\u00fccel<\/td><td>Piyalepa\u015fa Gayrimenkul Geli\u015ftirme Yat\u0131r\u0131m ve Tic. A.\u015e.<\/td><\/tr><tr><td>22<\/td><td>Yusuf Kuzu<\/td><td>Kuzu Group<\/td><\/tr><\/tbody><\/table><\/figure>\n\n\n\n<p><strong>DENET\u0130M KURULU<\/strong><\/p>\n\n\n\n<figure class=\"wp-block-table\"><table class=\"has-fixed-layout\"><tbody><tr><td>1<\/td><td>\u0130lker \u00d6zcan<\/td><td>Zorlu Gayrimenkul Y\u00f6n. A.\u015e.<\/td><\/tr><tr><td>2<\/td><td>Tu\u011frul C\u00f6mert<\/td><td>Emaar Properties Gayrimenkul Gel. A.\u015e. T\u00fcrkiye<\/td><\/tr><tr><td>3<\/td><td>G\u00fcrcan Kerem Oral<\/td><td>Odak Group<\/td><\/tr><tr><td>4<\/td><td>Hakan T\u00fcmkaya<\/td><td>Akmerkez Gayrimenkul Yat. Ortakl\u0131\u011f\u0131 A.\u015e.<\/td><\/tr><tr><td>5<\/td><td>Orhan Demir<\/td><td>Baymer Turizm ve Yat\u0131r\u0131m A.\u015e. (Carousel)<\/td><\/tr><tr><td>6<\/td><td>Ceren \u00c7olpan<\/td><td>Klepierre Gayrimenkul Y\u00f6n. Yat. A.\u015e.<\/td><\/tr><\/tbody><\/table><\/figure>\n\n\n\n<p><strong>DANI\u015eMA KURULU<\/strong><\/p>\n\n\n\n<figure class=\"wp-block-table\"><table class=\"has-fixed-layout\"><tbody><tr><td>1<\/td><td>Zafer Kur\u015fun<\/td><td>Orjin Gayrimenkul Yat\u0131r\u0131m \u0130n\u015faat A.\u015e.<\/td><\/tr><tr><td>2<\/td><td>Mehmet B\u00fcy\u00fckek\u015fi<\/td><td>Ziylan Group<\/td><\/tr><tr><td>3<\/td><td>Kaz\u0131m K\u00f6seo\u011flu<\/td><td>Esas Holding<\/td><\/tr><tr><td>4<\/td><td>\u0130hsan G\u00fclay<\/td><td>G\u00fclaylar Group<\/td><\/tr><tr><td>5<\/td><td>Murat \u00d6zye\u011fin<\/td><td>Fiba Commercial Properties<\/td><\/tr><tr><td>6<\/td><td>Mustafa Bayraktar<\/td><td>Bayraktar Gayrimenkul Geli\u015ftirme A.\u015e.<\/td><\/tr><tr><td>7<\/td><td>Ali Nuho\u011flu<\/td><td>\u0130stanbul Akvaryum Turizm Tic. Ltd. \u015eti.<\/td><\/tr><tr><td>8<\/td><td>Hakan Kodal<\/td><td>Krea Gayrimenkul<\/td><\/tr><tr><td>9<\/td><td>Hulusi Belg\u00fc<\/td><td>Multi Turkey Y\u00f6netim A.\u015e.<\/td><\/tr><tr><td>10<\/td><td>\u0130smail Mert F\u0131rat<\/td><td>Panora Gayrimenkul Yat. Ort. A.\u015e.<\/td><\/tr><tr><td>11<\/td><td>Fuat Atalay<\/td><td>Maya Holding A.\u015e.<\/td><\/tr><tr><td>12<\/td><td>Vahap K\u00fc\u00e7\u00fck<\/td><td>LC Waikiki Ma\u011fazac\u0131l\u0131k Hizmetleri Ticaret A.\u015e.<\/td><\/tr><tr><td>13<\/td><td>\u0130hsan G\u00f6k\u015fin Durusoy<\/td><td>AKK\u00d6K Holding<\/td><\/tr><\/tbody><\/table><\/figure>\n\n\n\n<p><strong>Y\u00dcKSEK \u0130ST\u0130\u015eARE KURULU<\/strong><\/p>\n\n\n\n<figure class=\"wp-block-table\"><table class=\"has-fixed-layout\"><tbody><tr><td>1<\/td><td>S\u00fcleyman \u00c7etinsaya<\/td><td>Avrupakent Gayrimenkul Geli\u015ftirme A.\u015e.<\/td><\/tr><tr><td>2<\/td><td>Avni \u00c7elik<\/td><td>Sinpa\u015f GYO<\/td><\/tr><tr><td>3<\/td><td>Altan Elmas<\/td><td>Sur Yap\u0131 End. San. Tic. A.\u015e.<\/td><\/tr><tr><td>4<\/td><td>Erman Il\u0131cak<\/td><td>R\u00f6nesans Holding A.\u015e.<\/td><\/tr><tr><td>5<\/td><td>Aziz Torun<\/td><td>Torunlar GYO<\/td><\/tr><tr><td>6<\/td><td>Ahmet Zorlu<\/td><td>Zorlu Holding<\/td><\/tr><tr><td>7<\/td><td>H\u00fcsn\u00fc Akhan<\/td><td>Do\u011fu\u015f GYO<\/td><\/tr><tr><td>8<\/td><td>Necdet G\u00fcrcan Oral<\/td><td>Odak \u0130n\u015faat A.\u015e.<\/td><\/tr><tr><td>9<\/td><td>Adnan Polat<\/td><td>Polat Holding<\/td><\/tr><tr><td>10<\/td><td>Salih Bezci<\/td><td>Panora Gayrimenkul Yat. Ort. A.\u015e.<\/td><\/tr><tr><td>11<\/td><td>Y\u00fcksel Mermer<\/td><td>Baymer Turizm ve Yat\u0131r\u0131mlar\u0131 A.\u015e.<\/td><\/tr><tr><td>12<\/td><td>Abdurrahim Tavl\u0131<\/td><td>\u0130sra Holding A.\u015e.<\/td><\/tr><tr><td>13<\/td><td>Prof. Dr. H\u00fcseyin Alta\u015f<\/td><td>Arcadium Y\u00f6netim Dan. Ve Kiralama Hiz A.\u015e.<\/td><\/tr><tr><td>14<\/td><td>\u00d6zcan Tahincio\u011flu<\/td><td>Tahincio\u011flu Gayrimenkul \u0130n\u015f. Tur. A.\u015e.<\/td><\/tr><tr><td>15<\/td><td>Adnan Ba\u015fdemir<\/td><td>G\u00fcrba\u015flar Grup<\/td><\/tr><tr><td>16<\/td><td>Nurettin Ero\u011flu<\/td><td>Ero\u011flu Holding<\/td><\/tr><\/tbody><\/table><\/figure>\n","protected":false},"excerpt":{"rendered":"<p>Al\u0131\u015fveri\u015f merkezi sekt\u00f6r\u00fcne sorumlu liderlik yapma ve sekt\u00f6r\u00fcn sa\u011fl\u0131kl\u0131 geli\u015fimine katk\u0131da bulunma misyonu \u00e7er\u00e7evesinde faaliyetlerini s\u00fcrd\u00fcren Al\u0131\u015fveri\u015f Merkezleri ve Yat\u0131r\u0131mc\u0131lar\u0131 Derne\u011fi\u2019nin (AYD) 27 \u015eubat 2025&hellip;<\/p>\n","protected":false},"author":6,"featured_media":1036,"comment_status":"open","ping_status":"open","sticky":false,"template":"","format":"standard","meta":{"footnotes":""},"categories":[30,13],"tags":[],"class_list":["post-1035","post","type-post","status-publish","format-standard","has-post-thumbnail","hentry","category-surmanset","category-yonetimdanismanlik"],"_links":{"self":[{"href":"https:\/\/www.mallandmotto.com\/index.php\/wp-json\/wp\/v2\/posts\/1035","targetHints":{"allow":["GET"]}}],"collection":[{"href":"https:\/\/www.mallandmotto.com\/index.php\/wp-json\/wp\/v2\/posts"}],"about":[{"href":"https:\/\/www.mallandmotto.com\/index.php\/wp-json\/wp\/v2\/types\/post"}],"author":[{"embeddable":true,"href":"https:\/\/www.mallandmotto.com\/index.php\/wp-json\/wp\/v2\/users\/6"}],"replies":[{"embeddable":true,"href":"https:\/\/www.mallandmotto.com\/index.php\/wp-json\/wp\/v2\/comments?post=1035"}],"version-history":[{"count":1,"href":"https:\/\/www.mallandmotto.com\/index.php\/wp-json\/wp\/v2\/posts\/1035\/revisions"}],"predecessor-version":[{"id":1037,"href":"https:\/\/www.mallandmotto.com\/index.php\/wp-json\/wp\/v2\/posts\/1035\/revisions\/1037"}],"wp:featuredmedia":[{"embeddable":true,"href":"https:\/\/www.mallandmotto.com\/index.php\/wp-json\/wp\/v2\/media\/1036"}],"wp:attachment":[{"href":"https:\/\/www.mallandmotto.com\/index.php\/wp-json\/wp\/v2\/media?parent=1035"}],"wp:term":[{"taxonomy":"category","embeddable":true,"href":"https:\/\/www.mallandmotto.com\/index.php\/wp-json\/wp\/v2\/categories?post=1035"},{"taxonomy":"post_tag","embeddable":true,"href":"https:\/\/www.mallandmotto.com\/index.php\/wp-json\/wp\/v2\/tags?post=1035"}],"curies":[{"name":"wp","href":"https:\/\/api.w.org\/{rel}","templated":true}]}}