{"id":1079,"date":"2025-07-16T09:35:08","date_gmt":"2025-07-16T09:35:08","guid":{"rendered":"https:\/\/www.mallandmotto.com\/?p=1079"},"modified":"2025-07-16T09:35:09","modified_gmt":"2025-07-16T09:35:09","slug":"evidea-denizlideki-ikinci-magazasini-acti","status":"publish","type":"post","link":"https:\/\/www.mallandmotto.com\/index.php\/2025\/07\/16\/evidea-denizlideki-ikinci-magazasini-acti\/","title":{"rendered":"Evidea, Denizli\u2019deki \u0130kinci ma\u011fazas\u0131n\u0131 a\u00e7t\u0131"},"content":{"rendered":"\n<h3 class=\"wp-block-heading\"><strong>Ev ve ya\u015fam sekt\u00f6r\u00fcn\u00fcn lider markalar\u0131ndan Evidea, t\u00fcketici dostu ma\u011fazalar\u0131na bir yenisini daha ekledi. Denizli\u2019deki ikinci ma\u011fazas\u0131n\u0131 Teras Park AVM\u2019de a\u00e7an marka, T\u00fcrkiye genelinde 52 ma\u011fazaya ula\u015fm\u0131\u015f oldu. A\u00e7\u0131l\u0131\u015fa \u00f6zel olarak kampanya yapan Evidea, 16-26 Nisan tarihleri aras\u0131nda her 1.500 TL\u2019lik al\u0131\u015fveri\u015fe 300 TL indirim f\u0131rsat\u0131* sunuyor!<\/strong><\/h3>\n\n\n\n<p>Ev ya\u015fam sekt\u00f6r\u00fcn\u00fcn lider markalar\u0131ndan Evidea, Denizli\u2019deki ikinci ma\u011fazas\u0131n\u0131 16 Nisan 2025\u2019te Teras Park AVM\u2019de a\u00e7t\u0131. Al\u0131\u015fveri\u015f merkezinin zemin kat\u0131nda hizmet vermeye ba\u015flayan Evidea, bu yeni ma\u011fazas\u0131yla birlikte T\u00fcrkiye\u2019de 52 ma\u011fazaya ula\u015ft\u0131.<\/p>\n\n\n\n<p>Kaliteli, trend ve kurulumu ustal\u0131k gerektirmeyen \u00fcr\u00fcnleri uygun fiyatlarla sunan Evidea, mutfak gere\u00e7lerinden ev tekstiline, mobilyadan ayd\u0131nlatma \u00e7\u00f6z\u00fcmlerine kadar her \u015feyi tek \u00e7at\u0131 alt\u0131nda bulu\u015fturuyor. Evine de\u011fer veren herkes i\u00e7in ideal bir al\u0131\u015fveri\u015f deneyimi ya\u015fatan marka, her zevke ve her b\u00fct\u00e7eye hitap eden geni\u015f bir \u00fcr\u00fcn gam\u0131na sahip.<\/p>\n\n\n\n<p><strong>A\u00e7\u0131l\u0131\u015fa ilgi b\u00fcy\u00fck oldu<\/strong><br>Ya\u015fam alanlar\u0131na konforu ve esteti\u011fi bir araya getiren Evidea\u2019n\u0131n, a\u00e7\u0131l\u0131\u015fa \u00f6zel yapt\u0131\u011f\u0131 her 1.500 TL\u2019lik al\u0131\u015fveri\u015fe 300 TL indirim f\u0131rsat\u0131* b\u00fcy\u00fck ilgi g\u00f6rd\u00fc. Geni\u015f, keyifli ve ferah ma\u011faza konseptiyle t\u00fcketicilere keyifli bir al\u0131\u015fveri\u015f deneyimi ya\u015fatan Evidea\u2019n\u0131n kampanyas\u0131, 26 Nisan tarihine kadar devam edecek.<\/p>\n\n\n\n<p>Ma\u011fazala\u015fma stratejisiyle perakende sekt\u00f6r\u00fcnde \u00f6nemli bir yere sahip olduklar\u0131n\u0131 belirten Evidea Pazarlama Direkt\u00f6r\u00fc Sevde Y\u0131ld\u0131r\u0131m Gezer, \u201cEvidea olarak Denizli\u2019deki ilk ma\u011fazam\u0131z\u0131 ge\u00e7ti\u011fimiz y\u0131l hizmete a\u00e7m\u0131\u015ft\u0131k. Denizli halk\u0131ndan g\u00f6rm\u00fc\u015f oldu\u011fumuz yo\u011fun talep ve ev dekorasyonuna olan ilgi, bizi burada ikinci bir ma\u011faza a\u00e7ma konusunda motive etti. Bu sebeple Denizli\u2019de ikinci ma\u011fazam\u0131za kavu\u015fman\u0131n gururunu ya\u015f\u0131yoruz. Teras Park AVM\u2019deki yeni ma\u011fazam\u0131zda ziyaret\u00e7ilerimizi t\u00fcm Evidea ma\u011fazalar\u0131nda oldu\u011fu gibi en iyi \u015fekilde a\u011f\u0131rlayaca\u011f\u0131z.\u201d diye konu\u015ftu.<\/p>\n\n\n\n<p>Evidea\u2019n\u0131n geni\u015f \u00fcr\u00fcn yelpazesi ve avantajl\u0131 fiyatlar\u0131 ile tan\u0131\u015fmak i\u00e7in, Denizli Teras Park AVM\u2019nin zemin kat\u0131ndaki Evidea ma\u011fazas\u0131na u\u011framay\u0131 unutmay\u0131n!<\/p>\n","protected":false},"excerpt":{"rendered":"<p>Ev ve ya\u015fam sekt\u00f6r\u00fcn\u00fcn lider markalar\u0131ndan Evidea, t\u00fcketici dostu ma\u011fazalar\u0131na bir yenisini daha ekledi. Denizli\u2019deki ikinci ma\u011fazas\u0131n\u0131 Teras Park AVM\u2019de a\u00e7an marka, T\u00fcrkiye genelinde 52&hellip;<\/p>\n","protected":false},"author":6,"featured_media":1080,"comment_status":"open","ping_status":"open","sticky":false,"template":"","format":"standard","meta":{"footnotes":""},"categories":[12],"tags":[],"class_list":["post-1079","post","type-post","status-publish","format-standard","has-post-thumbnail","hentry","category-perakende"],"_links":{"self":[{"href":"https:\/\/www.mallandmotto.com\/index.php\/wp-json\/wp\/v2\/posts\/1079","targetHints":{"allow":["GET"]}}],"collection":[{"href":"https:\/\/www.mallandmotto.com\/index.php\/wp-json\/wp\/v2\/posts"}],"about":[{"href":"https:\/\/www.mallandmotto.com\/index.php\/wp-json\/wp\/v2\/types\/post"}],"author":[{"embeddable":true,"href":"https:\/\/www.mallandmotto.com\/index.php\/wp-json\/wp\/v2\/users\/6"}],"replies":[{"embeddable":true,"href":"https:\/\/www.mallandmotto.com\/index.php\/wp-json\/wp\/v2\/comments?post=1079"}],"version-history":[{"count":1,"href":"https:\/\/www.mallandmotto.com\/index.php\/wp-json\/wp\/v2\/posts\/1079\/revisions"}],"predecessor-version":[{"id":1081,"href":"https:\/\/www.mallandmotto.com\/index.php\/wp-json\/wp\/v2\/posts\/1079\/revisions\/1081"}],"wp:featuredmedia":[{"embeddable":true,"href":"https:\/\/www.mallandmotto.com\/index.php\/wp-json\/wp\/v2\/media\/1080"}],"wp:attachment":[{"href":"https:\/\/www.mallandmotto.com\/index.php\/wp-json\/wp\/v2\/media?parent=1079"}],"wp:term":[{"taxonomy":"category","embeddable":true,"href":"https:\/\/www.mallandmotto.com\/index.php\/wp-json\/wp\/v2\/categories?post=1079"},{"taxonomy":"post_tag","embeddable":true,"href":"https:\/\/www.mallandmotto.com\/index.php\/wp-json\/wp\/v2\/tags?post=1079"}],"curies":[{"name":"wp","href":"https:\/\/api.w.org\/{rel}","templated":true}]}}