{"id":1091,"date":"2025-07-16T09:41:51","date_gmt":"2025-07-16T09:41:51","guid":{"rendered":"https:\/\/www.mallandmotto.com\/?p=1091"},"modified":"2025-07-16T09:41:51","modified_gmt":"2025-07-16T09:41:51","slug":"koton-dubai-mallda-magaza-acti","status":"publish","type":"post","link":"https:\/\/www.mallandmotto.com\/index.php\/2025\/07\/16\/koton-dubai-mallda-magaza-acti\/","title":{"rendered":"Koton, Dubai Mall\u2019da Ma\u011faza A\u00e7t\u0131"},"content":{"rendered":"\n<h4 class=\"wp-block-heading\"><strong>T\u00fcrkiye\u2019nin lider moda markas\u0131 Koton, 6 May\u0131s\u2019ta ger\u00e7ekle\u015fen \u00f6zel bir lansman davetiyle, K\u00f6rfez\u2019in simge noktalar\u0131ndan biri olan Dubai Mall\u2019daki yenilenen ma\u011fazas\u0131n\u0131n kap\u0131lar\u0131n\u0131 a\u00e7t\u0131. Y\u0131lda 100 milyon ziyaret\u00e7isiyle d\u00fcnyan\u0131n en \u00e7ok ziyaret alan ve 1.1 milyon metrekare alan\u0131yla d\u00fcnyan\u0131n en b\u00fcy\u00fck al\u0131\u015fveri\u015f merkezi olarak dikkat \u00e7eken Dubai Mall\u2019daki Koton Ma\u011fazas\u0131 Koton\u2019un k\u00fcresel \u00e7apta b\u00fcy\u00fcme ve markala\u015fma hedeflerinin \u00f6nemli bir par\u00e7as\u0131n\u0131 olu\u015fturuyor.<\/strong><\/h4>\n\n\n\n<p>Apparel Group ortakl\u0131\u011f\u0131 kapsam\u0131ndaki ilk ma\u011faza \u00f6zelli\u011fi de ta\u015f\u0131yan ma\u011fazan\u0131n a\u00e7\u0131l\u0131\u015f lansman\u0131 Koton Y\u00f6netim Kurulu Ba\u015fkan\u0131 Y\u0131lmaz Y\u0131lmaz, Koton Y\u00f6netim Kurulu \u00dcyesi G\u00fclden Y\u0131lmaz, Koton CEO\u2019su Dr. A. B\u00fclent Sabuncu ev sahipli\u011finde b\u00f6lgenin moda, sanat ve i\u015f d\u00fcnyas\u0131n\u0131n \u00f6nde gelen isimlerinin kat\u0131l\u0131m\u0131yla ger\u00e7ekle\u015fti. T\u00fcrkiye\u2019nin Dubai Ba\u015fkonsolosu Onur \u015eaylan ve Apparel Y\u00f6netim Kurulu Ba\u015fkan\u0131 Nilesh Ved\u2019in de kat\u0131ld\u0131\u011f\u0131 lansmanda, Dubai\u2019nin pop\u00fcler DJ\u2019i Tala Samaan, kat\u0131l\u0131mc\u0131lara m\u00fczik ziyafeti sundu.<\/p>\n\n\n\n<p>Markan\u0131n K\u00f6rfez B\u00f6lgesi\u2019ndeki 18. ma\u011fazas\u0131 olan Dubai Mall ma\u011fazas\u0131, ayr\u0131ca bu lokasyondaki tek konsept ma\u011faza olma \u00f6zelli\u011fini ta\u015f\u0131yor. B\u00f6lgedeki yat\u0131r\u0131mlar\u0131na 2004 y\u0131l\u0131nda ba\u015flayan Koton, 2025 y\u0131l\u0131 sonuna kadar b\u00f6lgede 9 ma\u011faza daha a\u00e7may\u0131 hedefliyor.<\/p>\n\n\n\n<p>Yeni ma\u011faza, m\u00fc\u015fteri deneyimini \u00f6ne \u00e7\u0131karan \u00e7a\u011fda\u015f tasar\u0131m\u0131yla ve teknolojik h\u0131zl\u0131 \u00f6deme noktalar\u0131yla Koton\u2019un global vizyonunun somut bir yans\u0131mas\u0131 olarak olduk\u00e7a ilgi g\u00f6rd\u00fc.<\/p>\n\n\n\n<p><strong>\u2018K\u00f6rfez bizim i\u00e7in \u00f6nemli bir pazar\u2019<\/strong><br>Koton Y\u00f6netim Kurulu Ba\u015fkan\u0131 Y\u0131lmaz Y\u0131lmaz, a\u00e7\u0131l\u0131\u015fta yapt\u0131\u011f\u0131 konu\u015fmas\u0131nda \u015funlar\u0131 s\u00f6yledi: \u201cK\u00f6rfez B\u00f6lgesi, Koton\u2019un uluslararas\u0131 b\u00fcy\u00fcme hedeflerinde stratejik \u00f6neme sahip bir pazar. 2004 y\u0131l\u0131ndan bu yana aktif oldu\u011fumuz bu b\u00f6lgede, Apparel Group ile g\u00fc\u00e7lerimizi birle\u015ftirerek Dubai Mall gibi prestijli bir lokasyonda yeni ma\u011faza konseptimizi hayata ge\u00e7irmekten b\u00fcy\u00fck mutluluk duyuyoruz. Bu i\u015f birli\u011fi, ayn\u0131 zamanda gelecekteki b\u00fcy\u00fcme planlar\u0131m\u0131z\u0131n g\u00fc\u00e7l\u00fc bir ba\u015flang\u0131c\u0131 olacak. Eticaret taraf\u0131nda Koton.com\u2019u da b\u00f6lgede hayata ge\u00e7irmi\u015f olaca\u011f\u0131z. 2025 sonuna kadar b\u00f6lgedeki varl\u0131\u011f\u0131m\u0131z\u0131 daha da sa\u011flamla\u015ft\u0131rmay\u0131 hedefliyoruz.\u201d<\/p>\n\n\n\n<p>Dubai Mall ma\u011fazas\u0131n\u0131n, Koton\u2019un yeni ma\u011faza konseptinin ilk \u00f6rne\u011fi oldu\u011funu da vurgulayan Y\u0131lmaz, \u201cYeni ma\u011fazam\u0131z, m\u00fc\u015fteri deneyimini daha \u00e7a\u011fda\u015f, teknolojik odakl\u0131 hale getiriyor. Moda trendlerine y\u00f6n veren koleksiyonlar\u0131m\u0131z, farkl\u0131 m\u00fc\u015fteri profillerine hitap eden \u00fcr\u00fcn \u00e7e\u015fitlili\u011fimiz ve s\u00fcrd\u00fcr\u00fclebilirlik yakla\u015f\u0131m\u0131m\u0131z\u0131 yans\u0131tan tasar\u0131mlar yeni ma\u011fazam\u0131zda da \u00f6n planda olacak\u201d dedi.<\/p>\n\n\n\n<p>Koton\u2019un, b\u00fcy\u00fcme ve globalle\u015fme hedefi do\u011frultusunda 2024 y\u0131l\u0131n\u0131 ba\u015far\u0131yla ge\u00e7irdiklerini an\u0131msatan Y\u0131lmaz, \u201cBug\u00fcn Koton modas\u0131n\u0131, fiziki ve pazar yeri kanallar\u0131yla 70\u2019ten fazla \u00fclkede moda severlerle bulu\u015fturuyoruz. Ve yeni a\u00e7\u0131klad\u0131\u011f\u0131m\u0131z vizyonumuz da Koton\u2019u 2030 y\u0131l\u0131na kadar d\u00fcnya genelinde 1 milyar m\u00fc\u015fteriye ula\u015ft\u0131rmak. S\u00fcrd\u00fcr\u00fclebilir b\u00fcy\u00fcme yolculu\u011fumuza h\u0131z kesmeden, kararl\u0131 ve emin ad\u0131mlarla devam ediyoruz\u201d diye konu\u015ftu.<\/p>\n\n\n\n<p>Apparel Group CEO\u2019su Neeraj Teckchandani, \u201cKoton\u2019un Dubai Mall\u2019da yeni konsept ile a\u00e7t\u0131\u011f\u0131 ma\u011faza, Apparel Group olarak g\u00fc\u00e7l\u00fc marka i\u015f birlikleri hedefimizin ba\u015far\u0131l\u0131 bir sonucu. K\u00f6rfez b\u00f6lgesinde perakende sekt\u00f6r\u00fc h\u0131zla de\u011fi\u015fiyor. Bu a\u00e7\u0131l\u0131\u015fla birlikte, BAE ve \u00e7evresindeki m\u00fc\u015fterilerimize g\u00fc\u00e7l\u00fc ve etkileyici bir al\u0131\u015fveri\u015f deneyimi sunma s\u00f6z\u00fcm\u00fcz\u00fc yineliyoruz. Koton, uygun fiyatl\u0131 modada \u00f6ne \u00e7\u0131kan markalardan biri ve markan\u0131n bu b\u00f6lgedeki b\u00fcy\u00fcme yolculu\u011funu desteklemekten mutluluk duyuyoruz\u201d dedi.<\/p>\n","protected":false},"excerpt":{"rendered":"<p>T\u00fcrkiye\u2019nin lider moda markas\u0131 Koton, 6 May\u0131s\u2019ta ger\u00e7ekle\u015fen \u00f6zel bir lansman davetiyle, K\u00f6rfez\u2019in simge noktalar\u0131ndan biri olan Dubai Mall\u2019daki yenilenen ma\u011fazas\u0131n\u0131n kap\u0131lar\u0131n\u0131 a\u00e7t\u0131. Y\u0131lda 100&hellip;<\/p>\n","protected":false},"author":6,"featured_media":1093,"comment_status":"open","ping_status":"open","sticky":false,"template":"","format":"standard","meta":{"footnotes":""},"categories":[12,1],"tags":[],"class_list":["post-1091","post","type-post","status-publish","format-standard","has-post-thumbnail","hentry","category-perakende","category-serbest"],"_links":{"self":[{"href":"https:\/\/www.mallandmotto.com\/index.php\/wp-json\/wp\/v2\/posts\/1091","targetHints":{"allow":["GET"]}}],"collection":[{"href":"https:\/\/www.mallandmotto.com\/index.php\/wp-json\/wp\/v2\/posts"}],"about":[{"href":"https:\/\/www.mallandmotto.com\/index.php\/wp-json\/wp\/v2\/types\/post"}],"author":[{"embeddable":true,"href":"https:\/\/www.mallandmotto.com\/index.php\/wp-json\/wp\/v2\/users\/6"}],"replies":[{"embeddable":true,"href":"https:\/\/www.mallandmotto.com\/index.php\/wp-json\/wp\/v2\/comments?post=1091"}],"version-history":[{"count":1,"href":"https:\/\/www.mallandmotto.com\/index.php\/wp-json\/wp\/v2\/posts\/1091\/revisions"}],"predecessor-version":[{"id":1092,"href":"https:\/\/www.mallandmotto.com\/index.php\/wp-json\/wp\/v2\/posts\/1091\/revisions\/1092"}],"wp:featuredmedia":[{"embeddable":true,"href":"https:\/\/www.mallandmotto.com\/index.php\/wp-json\/wp\/v2\/media\/1093"}],"wp:attachment":[{"href":"https:\/\/www.mallandmotto.com\/index.php\/wp-json\/wp\/v2\/media?parent=1091"}],"wp:term":[{"taxonomy":"category","embeddable":true,"href":"https:\/\/www.mallandmotto.com\/index.php\/wp-json\/wp\/v2\/categories?post=1091"},{"taxonomy":"post_tag","embeddable":true,"href":"https:\/\/www.mallandmotto.com\/index.php\/wp-json\/wp\/v2\/tags?post=1091"}],"curies":[{"name":"wp","href":"https:\/\/api.w.org\/{rel}","templated":true}]}}