{"id":1095,"date":"2025-07-16T09:50:08","date_gmt":"2025-07-16T09:50:08","guid":{"rendered":"https:\/\/www.mallandmotto.com\/?p=1095"},"modified":"2025-07-16T09:50:09","modified_gmt":"2025-07-16T09:50:09","slug":"ebebek-turkiyenin-super-markalari-arasinda","status":"publish","type":"post","link":"https:\/\/www.mallandmotto.com\/index.php\/2025\/07\/16\/ebebek-turkiyenin-super-markalari-arasinda\/","title":{"rendered":"Ebebek, \u2018T\u00fcrkiye\u2019nin S\u00fcper Markalar\u0131\u2019 Aras\u0131nda\u00a0"},"content":{"rendered":"\n<h3 class=\"wp-block-heading\"><strong>Anne ve bebek kategorisinde sekt\u00f6r lideri olan ebebek,<\/strong>\u00a0<strong>ba\u011f\u0131ms\u0131z marka de\u011ferlendirme kurulu\u015fu Superbrands T\u00fcrkiye taraf\u0131ndan y\u00fcr\u00fct\u00fclen ara\u015ft\u0131rmada, \u2018T\u00fcrkiye\u2019nin S\u00fcper Markalar\u0131\u2019 aras\u0131nda yer ald\u0131. ebebek, Superbrands T\u00fcrkiye 2025 listesinde, kendi kategorisinde se\u00e7ilen tek marka oldu.<\/strong><\/h3>\n\n\n\n<p>T\u00fcrkiye\u2019de 277, Birle\u015fik Krall\u0131k\u2019ta ise 3 ma\u011fazas\u0131yla faaliyet g\u00f6steren, anne-bebek kategorisinin \u00f6nc\u00fc perakende markas\u0131 ebebek, uluslararas\u0131 \u00f6l\u00e7ekte d\u00fczenlenen ve bu y\u0131l T\u00fcrkiye\u2019de sekizincisi yap\u0131lan Superbrands 2025 ara\u015ft\u0131rmas\u0131 kapsam\u0131nda&nbsp;<strong>\u201cS\u00fcper Marka\u201d&nbsp;<\/strong>se\u00e7ildi. \u2018One stop shop\u2019 yakla\u015f\u0131m\u0131yla, h\u0131zl\u0131 t\u00fcketim, tamamlay\u0131c\u0131 \u00fcr\u00fcnler, bebek ara\u00e7-gere\u00e7 ve mobilya ile tekstil \u00fcr\u00fcnleri olmak \u00fczere d\u00f6rt ana kategoride on binlerce \u00fcr\u00fcn ve uzman bilgisiyle bebeveynlerin t\u00fcm ihtiya\u00e7lar\u0131n\u0131 tek bir yerde kar\u015f\u0131layan ebebek, kendi kategorisinde \u201cS\u00fcper Marka\u201d se\u00e7ilen tek marka oldu.<\/p>\n\n\n\n<p>Superbrands de\u011ferlendirme sistemi kapsam\u0131nda Superbrands Se\u00e7ici Kurul \u00f6n de\u011ferlendirmesini takiben ba\u011f\u0131ms\u0131z ara\u015ft\u0131rma kurulu\u015fu Nielsen IQ taraf\u0131ndan y\u00fcz y\u00fcze y\u00fcr\u00fct\u00fclen saha ara\u015ft\u0131rmas\u0131 sonras\u0131 belirlendi. \u0130stanbul, Ankara ve \u0130zmir\u2019de 18-55 ya\u015f aral\u0131\u011f\u0131ndaki t\u00fcketicilerle yap\u0131lan g\u00f6r\u00fc\u015fmelerin yan\u0131 s\u0131ra uzman j\u00fcri de\u011ferlendirmeleri de s\u00fcrece dahil edildi. 3.674 marka aras\u0131ndan yap\u0131lan elemeler sonucunda 150 marka \u201cS\u00fcper Marka\u201d olarak se\u00e7ildi. De\u011ferlendirmeye anne-bebek sekt\u00f6r\u00fcnden giren tek marka olan ebebek; finansal g\u00fcc\u00fc, teknoloji yat\u0131r\u0131mlar\u0131, s\u00fcrd\u00fcr\u00fclebilir b\u00fcy\u00fcme performans\u0131, sosyal sorumluluk projeleri, \u00e7evreye duyarl\u0131l\u0131\u011f\u0131 ve etik de\u011ferlere ba\u011fl\u0131l\u0131\u011f\u0131yla hem t\u00fcketiciler hem de j\u00fcri taraf\u0131ndan ba\u015far\u0131l\u0131 bulundu.<\/p>\n\n\n\n<p><strong>Ebebek Ma\u011fazac\u0131l\u0131k A.\u015e. Genel M\u00fcd\u00fcr\u00fc Can Karadeniz konuyla ilgili,&nbsp;<\/strong>\u201c24 y\u0131l\u0131 a\u015fk\u0131n s\u00fcredir bilgiden gelen deneyimle y\u00fcr\u00fctt\u00fc\u011f\u00fcm\u00fcz yolculu\u011fumuzda, hem T\u00fcrkiye\u2019de hem de yurt d\u0131\u015f\u0131 a\u00e7\u0131l\u0131mlar\u0131nda g\u00fcvenle tercih edilen bir marka haline geldik. T\u00fcketicilerimizin g\u00fcveni ve sevgisiyle bug\u00fcn \u2018T\u00fcrkiye\u2019nin S\u00fcper Markalar\u0131\u2019 aras\u0131nda yer almak bizim i\u00e7in b\u00fcy\u00fck bir gurur kayna\u011f\u0131 oldu. Bu ba\u015far\u0131y\u0131, bebeklerin sa\u011fl\u0131kl\u0131, mutlu ve g\u00fcvenli bir \u015fekilde b\u00fcy\u00fcmesine katk\u0131 sa\u011flama hedefimizin yan\u0131 s\u0131ra onlara sevgiyle e\u015flik eden t\u00fcm yak\u0131nlar\u0131n\u0131n ihtiya\u00e7lar\u0131n\u0131 anlayan ve kar\u015f\u0131layan bir marka olma vizyonumuzun bir yans\u0131mas\u0131 olarak g\u00f6r\u00fcyoruz\u201d dedi.<\/p>\n","protected":false},"excerpt":{"rendered":"<p>Anne ve bebek kategorisinde sekt\u00f6r lideri olan ebebek,\u00a0ba\u011f\u0131ms\u0131z marka de\u011ferlendirme kurulu\u015fu Superbrands T\u00fcrkiye taraf\u0131ndan y\u00fcr\u00fct\u00fclen ara\u015ft\u0131rmada, \u2018T\u00fcrkiye\u2019nin S\u00fcper Markalar\u0131\u2019 aras\u0131nda yer ald\u0131. ebebek, Superbrands T\u00fcrkiye&hellip;<\/p>\n","protected":false},"author":6,"featured_media":1096,"comment_status":"open","ping_status":"open","sticky":false,"template":"","format":"standard","meta":{"footnotes":""},"categories":[12],"tags":[],"class_list":["post-1095","post","type-post","status-publish","format-standard","has-post-thumbnail","hentry","category-perakende"],"_links":{"self":[{"href":"https:\/\/www.mallandmotto.com\/index.php\/wp-json\/wp\/v2\/posts\/1095","targetHints":{"allow":["GET"]}}],"collection":[{"href":"https:\/\/www.mallandmotto.com\/index.php\/wp-json\/wp\/v2\/posts"}],"about":[{"href":"https:\/\/www.mallandmotto.com\/index.php\/wp-json\/wp\/v2\/types\/post"}],"author":[{"embeddable":true,"href":"https:\/\/www.mallandmotto.com\/index.php\/wp-json\/wp\/v2\/users\/6"}],"replies":[{"embeddable":true,"href":"https:\/\/www.mallandmotto.com\/index.php\/wp-json\/wp\/v2\/comments?post=1095"}],"version-history":[{"count":1,"href":"https:\/\/www.mallandmotto.com\/index.php\/wp-json\/wp\/v2\/posts\/1095\/revisions"}],"predecessor-version":[{"id":1097,"href":"https:\/\/www.mallandmotto.com\/index.php\/wp-json\/wp\/v2\/posts\/1095\/revisions\/1097"}],"wp:featuredmedia":[{"embeddable":true,"href":"https:\/\/www.mallandmotto.com\/index.php\/wp-json\/wp\/v2\/media\/1096"}],"wp:attachment":[{"href":"https:\/\/www.mallandmotto.com\/index.php\/wp-json\/wp\/v2\/media?parent=1095"}],"wp:term":[{"taxonomy":"category","embeddable":true,"href":"https:\/\/www.mallandmotto.com\/index.php\/wp-json\/wp\/v2\/categories?post=1095"},{"taxonomy":"post_tag","embeddable":true,"href":"https:\/\/www.mallandmotto.com\/index.php\/wp-json\/wp\/v2\/tags?post=1095"}],"curies":[{"name":"wp","href":"https:\/\/api.w.org\/{rel}","templated":true}]}}