{"id":1147,"date":"2025-07-16T11:29:55","date_gmt":"2025-07-16T11:29:55","guid":{"rendered":"https:\/\/www.mallandmotto.com\/?p=1147"},"modified":"2025-07-16T11:29:56","modified_gmt":"2025-07-16T11:29:56","slug":"pidem-gezici-restoraniyla-yollarda","status":"publish","type":"post","link":"https:\/\/www.mallandmotto.com\/index.php\/2025\/07\/16\/pidem-gezici-restoraniyla-yollarda\/","title":{"rendered":"Pidem Gezici Restoran\u0131yla Yollarda"},"content":{"rendered":"\n<h3 class=\"wp-block-heading\"><strong>P\u0130DEM bu yaz da gezici restoran\u0131yla lezzet dolu bir yolculu\u011fa \u00e7\u0131k\u0131yor. P\u0130DEM, gezici restoran\u0131 ile festivaller ve kent meydanlar\u0131nda yiyenlerini e\u011flence ve lezzetle bulu\u015fturacak.<\/strong><\/h3>\n\n\n\n<p>T\u00fcrkiye\u2019nin en yayg\u0131n pide zinciri P\u0130DEM, yaz boyunca s\u00fcrecek lezzet yolculu\u011funa yeniden ba\u015fl\u0131yor. Ge\u00e7ti\u011fimiz y\u0131l b\u00fcy\u00fck ilgi g\u00f6ren gezici restoran konsepti, bu yaz da dopdolu bir programla T\u00fcrkiye\u2019nin d\u00f6rt bir yan\u0131ndaki festivallerde ve kent meydanlar\u0131nda pideseverlerle bulu\u015facak.<\/p>\n\n\n\n<p>13-14 Haziran tarihlerinde Bo\u011fazi\u00e7i \u00dcniversitesi M\u00fczik Kul\u00fcb\u00fc taraf\u0131ndan d\u00fczenlenen Ta\u015foda Festivali\u2019nde yer alacak olan P\u0130DEM, 15 Haziran\u2019da ise Robert Kolej kamp\u00fcs\u00fcnde ger\u00e7ekle\u015fecek Fine Arts Festival\u2019de festival ruhuna lezzet katacak. Ay\u0131n son etkinli\u011finde ise 18-21 Haziran tarihleri aras\u0131nda Kalam\u0131\u015f Sahili\u2019nde, Kad\u0131k\u00f6y Belediyesi\u2019nin d\u00fczenledi\u011fi Kad\u0131n Voleybol Ma\u00e7\u0131 g\u00f6sterimlerinde lezzet ve e\u011flenceyi bir araya getirmeye devam edecek.<\/p>\n\n\n\n<p>D\u00f6rt ay boyunca s\u00fcrecek bu yolculukta P\u0130DEM, b\u00fcy\u00fck \u015fehirlerden sahil kasabalar\u0131na, festival alanlar\u0131ndan kalabal\u0131k meydanlara kadar bir\u00e7ok noktada misafirlerini a\u011f\u0131rlayacak. P\u0130DEM, Gezici restoran konseptiyle sadece s\u0131cak ve taze pideleri de\u011fil, ayn\u0131 zamanda m\u00fczik, e\u011flence ve s\u00fcrpriz deneyimleri de beraberinde getirecek.<\/p>\n\n\n\n<p>Ge\u00e7ti\u011fimiz y\u0131l ba\u015flatt\u0131\u011f\u0131 marka d\u00f6n\u00fc\u015f\u00fcm\u00fcyle birlikte daha gen\u00e7, dinamik ve deneyim odakl\u0131 bir kimli\u011fe b\u00fcr\u00fcnen P\u0130DEM, bu y\u0131l da \u201cGeliyorum, Yiyenim!\u201d diyerek misafirlerini lezzet dolu anlara davet ediyor. Sokak sokak, meydan meydan dola\u015facak gezici restoran\u0131yla, T\u00fcrkiye\u2019nin d<\/p>\n","protected":false},"excerpt":{"rendered":"<p>P\u0130DEM bu yaz da gezici restoran\u0131yla lezzet dolu bir yolculu\u011fa \u00e7\u0131k\u0131yor. P\u0130DEM, gezici restoran\u0131 ile festivaller ve kent meydanlar\u0131nda yiyenlerini e\u011flence ve lezzetle bulu\u015fturacak. T\u00fcrkiye\u2019nin&hellip;<\/p>\n","protected":false},"author":6,"featured_media":1148,"comment_status":"open","ping_status":"open","sticky":false,"template":"","format":"standard","meta":{"footnotes":""},"categories":[12],"tags":[],"class_list":["post-1147","post","type-post","status-publish","format-standard","has-post-thumbnail","hentry","category-perakende"],"_links":{"self":[{"href":"https:\/\/www.mallandmotto.com\/index.php\/wp-json\/wp\/v2\/posts\/1147","targetHints":{"allow":["GET"]}}],"collection":[{"href":"https:\/\/www.mallandmotto.com\/index.php\/wp-json\/wp\/v2\/posts"}],"about":[{"href":"https:\/\/www.mallandmotto.com\/index.php\/wp-json\/wp\/v2\/types\/post"}],"author":[{"embeddable":true,"href":"https:\/\/www.mallandmotto.com\/index.php\/wp-json\/wp\/v2\/users\/6"}],"replies":[{"embeddable":true,"href":"https:\/\/www.mallandmotto.com\/index.php\/wp-json\/wp\/v2\/comments?post=1147"}],"version-history":[{"count":1,"href":"https:\/\/www.mallandmotto.com\/index.php\/wp-json\/wp\/v2\/posts\/1147\/revisions"}],"predecessor-version":[{"id":1149,"href":"https:\/\/www.mallandmotto.com\/index.php\/wp-json\/wp\/v2\/posts\/1147\/revisions\/1149"}],"wp:featuredmedia":[{"embeddable":true,"href":"https:\/\/www.mallandmotto.com\/index.php\/wp-json\/wp\/v2\/media\/1148"}],"wp:attachment":[{"href":"https:\/\/www.mallandmotto.com\/index.php\/wp-json\/wp\/v2\/media?parent=1147"}],"wp:term":[{"taxonomy":"category","embeddable":true,"href":"https:\/\/www.mallandmotto.com\/index.php\/wp-json\/wp\/v2\/categories?post=1147"},{"taxonomy":"post_tag","embeddable":true,"href":"https:\/\/www.mallandmotto.com\/index.php\/wp-json\/wp\/v2\/tags?post=1147"}],"curies":[{"name":"wp","href":"https:\/\/api.w.org\/{rel}","templated":true}]}}