{"id":1171,"date":"2025-07-17T06:45:52","date_gmt":"2025-07-17T06:45:52","guid":{"rendered":"https:\/\/www.mallandmotto.com\/?p=1171"},"modified":"2025-07-17T06:45:52","modified_gmt":"2025-07-17T06:45:52","slug":"41-burdada-kitapseverleri-bulusturan-imza-gunleri-basliyor","status":"publish","type":"post","link":"https:\/\/www.mallandmotto.com\/index.php\/2025\/07\/17\/41-burdada-kitapseverleri-bulusturan-imza-gunleri-basliyor\/","title":{"rendered":"41 Burda\u2019da Kitapseverleri Bulu\u015fturan \u0130mza G\u00fcnleri Ba\u015fl\u0131yor"},"content":{"rendered":"\n<h3 class=\"wp-block-heading\"><strong>Kocaeli\u2019nin ya\u015fam, e\u011flence ve bulu\u015fma merkezi 41 Burda AVM, 16 May\u0131s \u2013 15 Haziran 2025 tarihleri aras\u0131nda Anayurt Kitap i\u015f birli\u011fiyle d\u00fczenlenecek Kitap G\u00fcnleri kapsam\u0131nda kitapseverleri sevilen yazarlarla bulu\u015fturuyor.<\/strong><br><br><\/h3>\n\n\n\n<p>T\u00fcrkiye\u2019nin \u00f6nde gelen ticari gayrimenkul yat\u0131r\u0131m \u015firketlerinden Esas Gayrimenkul taraf\u0131ndan hayata ge\u00e7irilen 41 Burda AVM, k\u00fclt\u00fcr ve sanat etkinlikleriyle ziyaret\u00e7ilerine keyifli anlar sunmaya devam ediyor. Kitap G\u00fcnleri boyunca bir\u00e7ok yazar okurlar\u0131yla bir araya gelecek ve imza g\u00fcnleri d\u00fczenlenecek.<\/p>\n\n\n\n<p>Program kapsam\u0131nda, Beyza Alko\u00e7\u2019un \u0130mza G\u00fcn\u00fc 24 May\u0131s 2025 Cumartesi, N.G. Kabal, Zeynep Sey ve Emre G\u00fcl\u2019\u00fcn \u0130mza G\u00fcnleri 25 May\u0131s 2025 Pazar g\u00fcn\u00fc, I\u015f\u0131l Limae ve Selin Solaris\u2019in \u0130mza G\u00fcnleri ise 31 May\u0131s 2025 Cumartesi g\u00fcn\u00fc saat 14:00\u2019te zemin katta d\u00fczenlenecek. Etkinli\u011fe kat\u0131lmak isteyen ziyaret\u00e7ilerin, Shopla mobil uygulamas\u0131na \u00fcye olarak uygulama \u00fczerinden \u00fccretsiz etkinlik kodu almalar\u0131 yeterli olacak.<\/p>\n","protected":false},"excerpt":{"rendered":"<p>Kocaeli\u2019nin ya\u015fam, e\u011flence ve bulu\u015fma merkezi 41 Burda AVM, 16 May\u0131s \u2013 15 Haziran 2025 tarihleri aras\u0131nda Anayurt Kitap i\u015f birli\u011fiyle d\u00fczenlenecek Kitap G\u00fcnleri kapsam\u0131nda&hellip;<\/p>\n","protected":false},"author":6,"featured_media":1172,"comment_status":"open","ping_status":"open","sticky":false,"template":"","format":"standard","meta":{"footnotes":""},"categories":[11],"tags":[],"class_list":["post-1171","post","type-post","status-publish","format-standard","has-post-thumbnail","hentry","category-avm"],"_links":{"self":[{"href":"https:\/\/www.mallandmotto.com\/index.php\/wp-json\/wp\/v2\/posts\/1171","targetHints":{"allow":["GET"]}}],"collection":[{"href":"https:\/\/www.mallandmotto.com\/index.php\/wp-json\/wp\/v2\/posts"}],"about":[{"href":"https:\/\/www.mallandmotto.com\/index.php\/wp-json\/wp\/v2\/types\/post"}],"author":[{"embeddable":true,"href":"https:\/\/www.mallandmotto.com\/index.php\/wp-json\/wp\/v2\/users\/6"}],"replies":[{"embeddable":true,"href":"https:\/\/www.mallandmotto.com\/index.php\/wp-json\/wp\/v2\/comments?post=1171"}],"version-history":[{"count":1,"href":"https:\/\/www.mallandmotto.com\/index.php\/wp-json\/wp\/v2\/posts\/1171\/revisions"}],"predecessor-version":[{"id":1173,"href":"https:\/\/www.mallandmotto.com\/index.php\/wp-json\/wp\/v2\/posts\/1171\/revisions\/1173"}],"wp:featuredmedia":[{"embeddable":true,"href":"https:\/\/www.mallandmotto.com\/index.php\/wp-json\/wp\/v2\/media\/1172"}],"wp:attachment":[{"href":"https:\/\/www.mallandmotto.com\/index.php\/wp-json\/wp\/v2\/media?parent=1171"}],"wp:term":[{"taxonomy":"category","embeddable":true,"href":"https:\/\/www.mallandmotto.com\/index.php\/wp-json\/wp\/v2\/categories?post=1171"},{"taxonomy":"post_tag","embeddable":true,"href":"https:\/\/www.mallandmotto.com\/index.php\/wp-json\/wp\/v2\/tags?post=1171"}],"curies":[{"name":"wp","href":"https:\/\/api.w.org\/{rel}","templated":true}]}}