{"id":1184,"date":"2025-07-17T07:10:03","date_gmt":"2025-07-17T07:10:03","guid":{"rendered":"https:\/\/www.mallandmotto.com\/?p=1184"},"modified":"2025-07-17T07:10:04","modified_gmt":"2025-07-17T07:10:04","slug":"celal-sengorden-41-burdada-imza-gunu","status":"publish","type":"post","link":"https:\/\/www.mallandmotto.com\/index.php\/2025\/07\/17\/celal-sengorden-41-burdada-imza-gunu\/","title":{"rendered":"Celal \u015eeng\u00f6r&#8217;den 41 Burda\u2019da \u0130mza G\u00fcn\u00fc"},"content":{"rendered":"\n<h3 class=\"wp-block-heading\"><strong>T\u00fcrk yer bilimci, akademisyen ve yazar Prof. Dr. Celal \u015eeng\u00f6r; Kocaeli\u2019nin e\u011flence, ya\u015fam ve al\u0131\u015fveri\u015f merkezi 41 Burda AVM\u2019de d\u00fczenlenecek imza g\u00fcn\u00fcnde okurlar\u0131yla bir araya gelecek.<\/strong><br><br><\/h3>\n\n\n\n<p>T\u00fcrkiye\u2019nin \u00f6nde gelen ticari gayrimenkul yat\u0131r\u0131m \u015firketlerinden Esas Gayrimenkul taraf\u0131ndan Kocaeli\u2019nde hayata ge\u00e7irilen 41 Burda AVM, \u00f6nemli bir imza g\u00fcn\u00fcne ev sahipli\u011fi yapacak. T\u00fcrk yer bilimci, akademisyen ve yazar Prof. Dr. Celal \u015eeng\u00f6r; Kocaeli\u2019nin e\u011flence, ya\u015fam ve al\u0131\u015fveri\u015f merkezi 41 Burda AVM\u2019de d\u00fczenlenecek imza g\u00fcn\u00fc etkinli\u011finde okurlar\u0131yla bir araya gelecek. Prof. Dr. Celal \u015eeng\u00f6r\u2019\u00fcn imza g\u00fcn\u00fc etkinli\u011fi, 13 Nisan 2025 Pazar g\u00fcn\u00fc saat 13:00\u2019te zemin katta ger\u00e7ekle\u015ftirilecek<\/p>\n","protected":false},"excerpt":{"rendered":"<p>T\u00fcrk yer bilimci, akademisyen ve yazar Prof. Dr. Celal \u015eeng\u00f6r; Kocaeli\u2019nin e\u011flence, ya\u015fam ve al\u0131\u015fveri\u015f merkezi 41 Burda AVM\u2019de d\u00fczenlenecek imza g\u00fcn\u00fcnde okurlar\u0131yla bir araya&hellip;<\/p>\n","protected":false},"author":6,"featured_media":1185,"comment_status":"open","ping_status":"open","sticky":false,"template":"","format":"standard","meta":{"footnotes":""},"categories":[11],"tags":[],"class_list":["post-1184","post","type-post","status-publish","format-standard","has-post-thumbnail","hentry","category-avm"],"_links":{"self":[{"href":"https:\/\/www.mallandmotto.com\/index.php\/wp-json\/wp\/v2\/posts\/1184","targetHints":{"allow":["GET"]}}],"collection":[{"href":"https:\/\/www.mallandmotto.com\/index.php\/wp-json\/wp\/v2\/posts"}],"about":[{"href":"https:\/\/www.mallandmotto.com\/index.php\/wp-json\/wp\/v2\/types\/post"}],"author":[{"embeddable":true,"href":"https:\/\/www.mallandmotto.com\/index.php\/wp-json\/wp\/v2\/users\/6"}],"replies":[{"embeddable":true,"href":"https:\/\/www.mallandmotto.com\/index.php\/wp-json\/wp\/v2\/comments?post=1184"}],"version-history":[{"count":1,"href":"https:\/\/www.mallandmotto.com\/index.php\/wp-json\/wp\/v2\/posts\/1184\/revisions"}],"predecessor-version":[{"id":1186,"href":"https:\/\/www.mallandmotto.com\/index.php\/wp-json\/wp\/v2\/posts\/1184\/revisions\/1186"}],"wp:featuredmedia":[{"embeddable":true,"href":"https:\/\/www.mallandmotto.com\/index.php\/wp-json\/wp\/v2\/media\/1185"}],"wp:attachment":[{"href":"https:\/\/www.mallandmotto.com\/index.php\/wp-json\/wp\/v2\/media?parent=1184"}],"wp:term":[{"taxonomy":"category","embeddable":true,"href":"https:\/\/www.mallandmotto.com\/index.php\/wp-json\/wp\/v2\/categories?post=1184"},{"taxonomy":"post_tag","embeddable":true,"href":"https:\/\/www.mallandmotto.com\/index.php\/wp-json\/wp\/v2\/tags?post=1184"}],"curies":[{"name":"wp","href":"https:\/\/api.w.org\/{rel}","templated":true}]}}