{"id":1230,"date":"2025-07-17T08:27:27","date_gmt":"2025-07-17T08:27:27","guid":{"rendered":"https:\/\/www.mallandmotto.com\/?p=1230"},"modified":"2025-07-17T08:27:28","modified_gmt":"2025-07-17T08:27:28","slug":"watsons-turkiye-450-magazaya-ulasti","status":"publish","type":"post","link":"https:\/\/www.mallandmotto.com\/index.php\/2025\/07\/17\/watsons-turkiye-450-magazaya-ulasti\/","title":{"rendered":"Watsons T\u00fcrkiye 450 Ma\u011fazaya Ula\u015ft\u0131"},"content":{"rendered":"\n<h3 class=\"wp-block-heading\"><strong>G\u00fczellik ve ki\u015fisel bak\u0131m sekt\u00f6r\u00fcn\u00fcn \u00f6nc\u00fc markas\u0131 Watsons, T\u00fcrkiye\u2019deki 450. ma\u011fazas\u0131n\u0131 Emaar Square AVM\u2019de, yenilenen konseptiyle hizmete a\u00e7t\u0131.<\/strong><br><br><\/h3>\n\n\n\n<p>Yeni nesil ma\u011fazac\u0131l\u0131k anlay\u0131\u015f\u0131yla tasarlanan \u0130stanbul Emaar Square AVM\u2019deki Watsons ma\u011fazas\u0131, markan\u0131n T\u00fcrkiye\u2019deki 450. ma\u011fazas\u0131 olarak ferah yap\u0131s\u0131, dijital \u00e7\u00f6z\u00fcmleri ve s\u00fcrd\u00fcr\u00fclebilir ya\u015fam alanlar\u0131yla ziyaret\u00e7ilerine ilham verici bir al\u0131\u015fveri\u015f deneyimi sunuyor. 10.000\u2019i a\u015fk\u0131n \u00fcr\u00fcnle zengin bir portf\u00f6y sunan Watsons T\u00fcrkiye, fiziksel ve dijital d\u00fcnyan\u0131n entegre edildi\u011fi O+O (Offline + Online) m\u00fc\u015fteri deneyimini bir \u00fcst seviyeye ta\u015f\u0131yor.<\/p>\n\n\n\n<p>T\u00fcrkiye\u2019deki ilk ye\u015fil ma\u011fazas\u0131n\u0131, LEED (Enerji ve \u00c7evre Dostu Tasar\u0131mda Liderlik) sertifikas\u0131na sahip Emaar Square AVM\u2019de a\u00e7arak sekt\u00f6re \u00f6rnek te\u015fkil eden Watsons T\u00fcrkiye, 450. ma\u011fazas\u0131n\u0131 sahip oldu\u011fu Uluslararas\u0131 Yenilenebilir Enerji Sertifikas\u0131 (I-REC) ile destekliyor. Bu sertifika, biyogaz, g\u00fcne\u015f ve hidroelektrik gibi temiz enerji kaynaklar\u0131n\u0131n kullan\u0131m\u0131n\u0131 te\u015fvik ediyor. Bu sayede, fosil yak\u0131tlara olan ba\u011f\u0131ml\u0131l\u0131\u011f\u0131n azalt\u0131lmas\u0131 ve karbon sal\u0131m\u0131n\u0131n d\u00fc\u015f\u00fcr\u00fclmesi hedefleniyor.<\/p>\n\n\n\n<p>Watsons T\u00fcrkiye, bu ma\u011fazada \u00e7evreye duyarl\u0131 i\u00e7eriklere ve geri d\u00f6n\u00fc\u015ft\u00fcr\u00fclebilir ambalajlara sahip markalar\u0131n yer ald\u0131\u011f\u0131 \u201cS\u00fcrd\u00fcr\u00fclebilir Ya\u015fam Alan\u0131\u201d ile dikkat \u00e7ekiyor. Ziyaret\u00e7ilerini daha bilin\u00e7li t\u00fcketim al\u0131\u015fkanl\u0131klar\u0131na te\u015fvik eden bu alan, s\u00fcrd\u00fcr\u00fclebilirlik odakl\u0131 \u00fcr\u00fcn se\u00e7eneklerini \u00f6ne \u00e7\u0131kararak al\u0131\u015fveri\u015f deneyimini gelecek i\u00e7in d\u00f6n\u00fc\u015ft\u00fcr\u00fcyor.<\/p>\n\n\n\n<p>Ma\u011faza tasar\u0131m\u0131 da ayn\u0131 vizyon do\u011frultusunda enerji verimlili\u011fi ve \u00e7evresel s\u00fcrd\u00fcr\u00fclebilirlik kriterleri temel al\u0131narak planland\u0131. Kullan\u0131lan malzemelerden operasyonel uygulamalara kadar her detay, do\u011fa dostu yakla\u015f\u0131m\u0131 yans\u0131t\u0131yor. Bu b\u00fct\u00fcnsel yakla\u015f\u0131m, Watsons\u2019\u0131n yaln\u0131zca g\u00fczellik ve ki\u015fisel bak\u0131m \u00fcr\u00fcnleri sunan bir marka olman\u0131n \u00f6tesine ge\u00e7erek, s\u00fcrd\u00fcr\u00fclebilir ya\u015fam bi\u00e7imlerine ilham veren bir ya\u015fam alan\u0131 yaratma hedefini ortaya koyuyor.<\/p>\n\n\n\n<p><strong><u>Watsons T\u00fcrkiye\u2019den A\u00e7\u0131l\u0131\u015fa \u00d6zel Anlaml\u0131 Katk\u0131<\/u><\/strong><\/p>\n\n\n\n<p>Watsons T\u00fcrkiye, 450. ma\u011fazas\u0131n\u0131n a\u00e7\u0131l\u0131\u015f\u0131n\u0131 do\u011faya de\u011fer katan anlaml\u0131 bir ad\u0131mla ta\u00e7land\u0131rd\u0131. Watsons T\u00fcrkiye, s\u00fcrd\u00fcr\u00fclebilirlik misyonu do\u011frultusunda hayata ge\u00e7irdi\u011fi&nbsp;<strong>\u201cWatsons \u0130yilik Hareketi Ormanlar\u0131m\u0131z\u0131 B\u00fcy\u00fctmeye \u00c7a\u011f\u0131r\u0131yor\u201d<\/strong>&nbsp;projesi kapsam\u0131nda&nbsp;<strong>TEMA Vakf\u0131<\/strong>&nbsp;arac\u0131l\u0131\u011f\u0131yla Mu\u015f Yazla Hat\u0131ra Orman\u0131\u2019na kat\u0131l\u0131mc\u0131lar ad\u0131na 750 adet fidan ba\u011f\u0131\u015f\u0131nda bulundu. Gelecek nesillere daha ya\u015fanabilir bir d\u00fcnya b\u0131rakma hedefiyle yap\u0131lan bu anlaml\u0131 ba\u011f\u0131\u015f, Watsons T\u00fcrkiye\u2019nin \u00e7evresel s\u00fcrd\u00fcr\u00fclebilirli\u011fe verdi\u011fi \u00f6nemin somut ve ilham verici bir g\u00f6stergesi olarak dikkat \u00e7ekiyor.<\/p>\n\n\n\n<p>Watsons\u2019\u0131n s\u00fcrd\u00fcr\u00fclebilir ya\u015fam vizyonunu her alanda yans\u0131tan bir di\u011fer yenilik ise \u015fimdilik sadece bu ma\u011fazada yer alan&nbsp;<strong>Watsons Geri D\u00f6n\u00fc\u015f\u00fcm Cihaz\u0131<\/strong>. T\u00fcrkiye\u2019deki ilk ye\u015fil ma\u011faza giri\u015fimi kapsam\u0131nda konumland\u0131r\u0131lan bu cihaz; plastik, cam, k\u00e2\u011f\u0131t ve al\u00fcminyum ambalajlar\u0131n geri d\u00f6n\u00fc\u015f\u00fcme kazand\u0131r\u0131lmas\u0131n\u0131 sa\u011flarken, barkodsuz ambalajlar i\u00e7in de yan\u0131ndaki \u00f6zel kutularla s\u00fcreci destekliyor. 250 kg kapasiteye sahip cihazla toplanan her at\u0131k, \u201c#Watsons\u0130yilikHareketi Daha \u0130yi Bir Gelece\u011fe \u00c7a\u011f\u0131r\u0131yor\u201d projesine katk\u0131 sa\u011fl\u0131yor.<\/p>\n\n\n\n<p>Watsons T\u00fcrkiye, yay\u0131nlad\u0131\u011f\u0131 ikinci S\u00fcrd\u00fcr\u00fclebilirlik Raporu\u2019nda da alt\u0131n\u0131 \u00e7izdi\u011fi \u00fczere; 2024 y\u0131l\u0131nda t\u00fcm ma\u011fazalar\u0131n\u0131n elektrik ihtiyac\u0131n\u0131 yenilenebilir enerji kaynaklar\u0131ndan kar\u015f\u0131layarak Kapsam 2 emisyonlar\u0131n\u0131 s\u0131f\u0131rlad\u0131 ve 174.300 kWh enerji tasarrufu sa\u011flad\u0131. \u201cWatsons \u0130yilik Hareketi\u201d \u00e7at\u0131s\u0131 alt\u0131nda s\u00fcrd\u00fcr\u00fclebilir \u00fcr\u00fcnlerin cirodaki pay\u0131n\u0131 %13,4\u2019e \u00e7\u0131karan marka, ayn\u0131 zamanda 161 ma\u011fazada S\u00fcrd\u00fcr\u00fclebilir Ya\u015fam K\u00f6\u015feleri kurarak 880\u2019e yak\u0131n \u00fcr\u00fcn\u00fc \u00e7evre dostu etiketlemeyle m\u00fc\u015fterileriyle bulu\u015fturdu. Emaar ma\u011fazas\u0131, bu d\u00f6n\u00fc\u015f\u00fcm\u00fcn somut bir yans\u0131mas\u0131 olarak dikkat \u00e7ekiyor.<\/p>\n\n\n\n<p><strong>Watsons T\u00fcrkiye Genel M\u00fcd\u00fcr\u00fc Mete Yurdda\u015f&nbsp;<\/strong>konuyla ilgili;<strong>&nbsp;<\/strong>\u201c20 y\u0131ld\u0131r sadece g\u00fczellik ve ki\u015fisel bak\u0131m \u00fcr\u00fcnleri sunmakla kalm\u0131yor, m\u00fc\u015fterilerimize ilham veren, kendilerini iyi hissedecekleri bir ya\u015fam deneyimi sunmay\u0131 hedefliyoruz. 450. ma\u011fazam\u0131z\u0131 yenilenen ma\u011faza konseptimizle a\u00e7man\u0131n heyecan\u0131n\u0131 ya\u015f\u0131yoruz. Yeni ma\u011faza modelimiz, teknolojiyi, s\u00fcrd\u00fcr\u00fclebilirli\u011fi ve m\u00fc\u015fteri memnuniyetini oda\u011f\u0131na al\u0131yor. Hedefimiz, \u00f6n\u00fcm\u00fczdeki \u00fc\u00e7 y\u0131l i\u00e7inde 200 yeni ma\u011faza a\u00e7\u0131l\u0131\u015f\u0131 yaparak ma\u011faza say\u0131m\u0131z\u0131 650\u2019nin \u00fczerine \u00e7\u0131karmak. T\u00fcrkiye\u2019nin d\u00f6rt bir yan\u0131nda, her ya\u015ftan ve her ya\u015fam tarz\u0131ndan bireye Watsons\u2019\u0131n ayr\u0131cal\u0131kl\u0131 d\u00fcnyas\u0131n\u0131 ula\u015ft\u0131rmak. Watsons olarak, sadece bir ma\u011faza de\u011fil; ziyaret\u00e7ilerimizin kendini \u00f6zel hissedece\u011fi bir bulu\u015fma noktas\u0131 yarat\u0131yoruz\u201d&nbsp;diye konu\u015ftu.<\/p>\n","protected":false},"excerpt":{"rendered":"<p>G\u00fczellik ve ki\u015fisel bak\u0131m sekt\u00f6r\u00fcn\u00fcn \u00f6nc\u00fc markas\u0131 Watsons, T\u00fcrkiye\u2019deki 450. ma\u011fazas\u0131n\u0131 Emaar Square AVM\u2019de, yenilenen konseptiyle hizmete a\u00e7t\u0131. Yeni nesil ma\u011fazac\u0131l\u0131k anlay\u0131\u015f\u0131yla tasarlanan \u0130stanbul Emaar&hellip;<\/p>\n","protected":false},"author":6,"featured_media":1231,"comment_status":"open","ping_status":"open","sticky":false,"template":"","format":"standard","meta":{"footnotes":""},"categories":[12,30],"tags":[],"class_list":["post-1230","post","type-post","status-publish","format-standard","has-post-thumbnail","hentry","category-perakende","category-surmanset"],"_links":{"self":[{"href":"https:\/\/www.mallandmotto.com\/index.php\/wp-json\/wp\/v2\/posts\/1230","targetHints":{"allow":["GET"]}}],"collection":[{"href":"https:\/\/www.mallandmotto.com\/index.php\/wp-json\/wp\/v2\/posts"}],"about":[{"href":"https:\/\/www.mallandmotto.com\/index.php\/wp-json\/wp\/v2\/types\/post"}],"author":[{"embeddable":true,"href":"https:\/\/www.mallandmotto.com\/index.php\/wp-json\/wp\/v2\/users\/6"}],"replies":[{"embeddable":true,"href":"https:\/\/www.mallandmotto.com\/index.php\/wp-json\/wp\/v2\/comments?post=1230"}],"version-history":[{"count":1,"href":"https:\/\/www.mallandmotto.com\/index.php\/wp-json\/wp\/v2\/posts\/1230\/revisions"}],"predecessor-version":[{"id":1232,"href":"https:\/\/www.mallandmotto.com\/index.php\/wp-json\/wp\/v2\/posts\/1230\/revisions\/1232"}],"wp:featuredmedia":[{"embeddable":true,"href":"https:\/\/www.mallandmotto.com\/index.php\/wp-json\/wp\/v2\/media\/1231"}],"wp:attachment":[{"href":"https:\/\/www.mallandmotto.com\/index.php\/wp-json\/wp\/v2\/media?parent=1230"}],"wp:term":[{"taxonomy":"category","embeddable":true,"href":"https:\/\/www.mallandmotto.com\/index.php\/wp-json\/wp\/v2\/categories?post=1230"},{"taxonomy":"post_tag","embeddable":true,"href":"https:\/\/www.mallandmotto.com\/index.php\/wp-json\/wp\/v2\/tags?post=1230"}],"curies":[{"name":"wp","href":"https:\/\/api.w.org\/{rel}","templated":true}]}}