{"id":1246,"date":"2025-07-17T08:57:39","date_gmt":"2025-07-17T08:57:39","guid":{"rendered":"https:\/\/www.mallandmotto.com\/?p=1246"},"modified":"2025-07-17T08:57:40","modified_gmt":"2025-07-17T08:57:40","slug":"forum-avmler-konkordatodan-cikti","status":"publish","type":"post","link":"https:\/\/www.mallandmotto.com\/index.php\/2025\/07\/17\/forum-avmler-konkordatodan-cikti\/","title":{"rendered":"Forum AVM\u2019ler Konkordatodan \u00c7\u0131kt\u0131"},"content":{"rendered":"\n<h3 class=\"wp-block-heading\">Forum \u0130stanbul, Marmara Forum ve Forum Ankara\u2019n\u0131n da aralar\u0131nda bulundu\u011fu toplam 10 al\u0131\u015fveri\u015f merkezinin sahibi olan \u015firketler, 28 milyar TL\u2019yi bulan bor\u00e7 nedeniyle girdikleri konkordato s\u00fcrecinden kendi istekleriyle \u00e7ekildi. \u0130stanbul 3. Asliye Ticaret Mahkemesi\u2019nin karar\u0131yla t\u00fcm tedbirler kald\u0131r\u0131ld\u0131; \u015firketler yeniden tam mali ve hukuki \u00f6zg\u00fcrl\u00fck kazand\u0131.<\/h3>\n\n\n\n<p>T\u00fcrkiye\u2019nin \u00f6nde gelen al\u0131\u015fveri\u015f merkezlerinden Forum AVM\u2019lerin konkordato s\u00fcreci sona erdi. Forum \u0130stanbul, Marmara Forum, Forum Ankara ve yedi AVM\u2019nin daha ba\u011fl\u0131 oldu\u011fu toplam 10 \u015firket, \u0130stanbul 3. Asliye Ticaret Mahkemesi\u2019nin 16 May\u0131s 2025 tarihli karar\u0131yla konkordato korumas\u0131ndan resmen \u00e7\u0131kt\u0131.<\/p>\n\n\n\n<h5 class=\"wp-block-heading\">28 M\u0130LYAR L\u0130RALIK BOR\u00c7<\/h5>\n\n\n\n<p>Patronlar D\u00fcnyas\u0131\u2019ndan Mustafa Ali Aykol\u2019un haberine g\u00f6re, ge\u00e7ti\u011fimiz y\u0131l\u0131n sonunda yakla\u015f\u0131k 28 milyar TL bor\u00e7 nedeniyle konkordato ba\u015fvurusunda bulunan ve bir y\u0131l s\u00fcreyle icra takibinden korunma hakk\u0131 kazanan \u015firketler, kendi istekleriyle konkordato s\u00fcrecinden \u00e7ekildi.<\/p>\n\n\n\n<p>S\u00f6z konusu \u015firketler; Multi \u0130stanbul, Multi Ankara, Multi Ayd\u0131n, Multi Erzurum, Multi Kapadokya, Multi \u00c7aml\u0131k, Multi Gordion ve Multi Magnesia isimleriyle faaliyet g\u00f6steriyor ve i\u015f insanlar\u0131 Mehmet Gezer ile K\u00fcbra \u00c7if\u00e7i taraf\u0131ndan kurulmu\u015ftu.<\/p>\n\n\n\n<h5 class=\"wp-block-heading\">T\u00dcM TEDB\u0130RLER KALDIRILDI<\/h5>\n\n\n\n<p>\u015eirketler, konkordato ba\u015fvurusunda gerek\u00e7e olarak d\u00f6viz kredileri, pandemi d\u00f6neminde olu\u015fan kira kay\u0131plar\u0131 ve azalan m\u00fc\u015fteri trafi\u011fini g\u00f6stermi\u015fti. Mahkemece atanan komiser heyetinin haz\u0131rlad\u0131\u011f\u0131 raporda, firmalar\u0131n borca bat\u0131k olmad\u0131\u011f\u0131, 31 Mart 2024 itibar\u0131yla 23 milyar TL\u2019yi bulan varl\u0131k rayi\u00e7 de\u011ferlerinin, bor\u00e7lar\u0131n\u0131 kar\u015f\u0131lamaya yetece\u011fi belirtilmi\u015fti.<\/p>\n\n\n\n<p>Bu s\u00fcre\u00e7te Forum AVM\u2019lere y\u00f6nelik sat\u0131n alma giri\u015fimleri de g\u00fcndeme geldi. Yeni Gimat GYO, Nata Holding ve R\u00f6nesans GYO gibi b\u00fcy\u00fck yat\u0131r\u0131mc\u0131lar\u0131n ilgisi sekt\u00f6rde geni\u015f yank\u0131 uyand\u0131rm\u0131\u015ft\u0131.<\/p>\n\n\n\n<p>\u0130stanbul 3. Asliye Ticaret Mahkemesi\u2019nin 16 May\u0131s 2025 tarihli duru\u015fmas\u0131nda, \u015firketlerin konkordato talebinden feragat ettikleri resmen kayda ge\u00e7irildi. Mahkeme ayr\u0131ca konkordato kapsam\u0131nda uygulanan t\u00fcm m\u00fchlet ve tedbir kararlar\u0131n\u0131 kald\u0131rarak, konkordato komiserlerinin g\u00f6revlerine de son verdi.<\/p>\n\n\n\n<p>Bu kararla birlikte Forum AVM\u2019lerin ba\u011fl\u0131 oldu\u011fu \u015firketler, tam mali ve hukuki hareket serbestisine kavu\u015fmu\u015f oldu. \u015eirketler art\u0131k konkordato korumas\u0131 olmadan bor\u00e7 yap\u0131land\u0131rma ve ticari faaliyetlerini s\u00fcrd\u00fcrecek.<\/p>\n","protected":false},"excerpt":{"rendered":"<p>Forum \u0130stanbul, Marmara Forum ve Forum Ankara\u2019n\u0131n da aralar\u0131nda bulundu\u011fu toplam 10 al\u0131\u015fveri\u015f merkezinin sahibi olan \u015firketler, 28 milyar TL\u2019yi bulan bor\u00e7 nedeniyle girdikleri konkordato&hellip;<\/p>\n","protected":false},"author":6,"featured_media":1247,"comment_status":"open","ping_status":"open","sticky":false,"template":"","format":"standard","meta":{"footnotes":""},"categories":[11],"tags":[],"class_list":["post-1246","post","type-post","status-publish","format-standard","has-post-thumbnail","hentry","category-avm"],"_links":{"self":[{"href":"https:\/\/www.mallandmotto.com\/index.php\/wp-json\/wp\/v2\/posts\/1246","targetHints":{"allow":["GET"]}}],"collection":[{"href":"https:\/\/www.mallandmotto.com\/index.php\/wp-json\/wp\/v2\/posts"}],"about":[{"href":"https:\/\/www.mallandmotto.com\/index.php\/wp-json\/wp\/v2\/types\/post"}],"author":[{"embeddable":true,"href":"https:\/\/www.mallandmotto.com\/index.php\/wp-json\/wp\/v2\/users\/6"}],"replies":[{"embeddable":true,"href":"https:\/\/www.mallandmotto.com\/index.php\/wp-json\/wp\/v2\/comments?post=1246"}],"version-history":[{"count":1,"href":"https:\/\/www.mallandmotto.com\/index.php\/wp-json\/wp\/v2\/posts\/1246\/revisions"}],"predecessor-version":[{"id":1248,"href":"https:\/\/www.mallandmotto.com\/index.php\/wp-json\/wp\/v2\/posts\/1246\/revisions\/1248"}],"wp:featuredmedia":[{"embeddable":true,"href":"https:\/\/www.mallandmotto.com\/index.php\/wp-json\/wp\/v2\/media\/1247"}],"wp:attachment":[{"href":"https:\/\/www.mallandmotto.com\/index.php\/wp-json\/wp\/v2\/media?parent=1246"}],"wp:term":[{"taxonomy":"category","embeddable":true,"href":"https:\/\/www.mallandmotto.com\/index.php\/wp-json\/wp\/v2\/categories?post=1246"},{"taxonomy":"post_tag","embeddable":true,"href":"https:\/\/www.mallandmotto.com\/index.php\/wp-json\/wp\/v2\/tags?post=1246"}],"curies":[{"name":"wp","href":"https:\/\/api.w.org\/{rel}","templated":true}]}}