{"id":1249,"date":"2025-07-17T08:59:40","date_gmt":"2025-07-17T08:59:40","guid":{"rendered":"https:\/\/www.mallandmotto.com\/?p=1249"},"modified":"2025-07-17T08:59:41","modified_gmt":"2025-07-17T08:59:41","slug":"zorlu-avmden-resmi-aciklama","status":"publish","type":"post","link":"https:\/\/www.mallandmotto.com\/index.php\/2025\/07\/17\/zorlu-avmden-resmi-aciklama\/","title":{"rendered":"Zorlu AVM\u2019den Resm\u00ee A\u00e7\u0131klama"},"content":{"rendered":"\n<h3 class=\"wp-block-heading\">Zorlu AVM\u2019nin sat\u0131\u015fa \u00e7\u0131kar\u0131ld\u0131\u011f\u0131na dair iddialar, Zorlu Holding taraf\u0131ndan yap\u0131lan resmi a\u00e7\u0131klama ile yalanland\u0131.<\/h3>\n\n\n\n<p>\u0130stanbul\u2019un en g\u00f6zde ya\u015fam ve al\u0131\u015fveri\u015f merkezlerinden biri olan Zorlu Center b\u00fcnyesindeki Zorlu AVM\u2019nin sat\u0131\u015fa \u00e7\u0131kar\u0131ld\u0131\u011f\u0131na dair iddialar, son g\u00fcnlerde hem medya hem de gayrimenkul sekt\u00f6r\u00fc g\u00fcndemini me\u015fgul etti. Zorlu Holding\u2019in, 700 bin metrekarelik dev kompleksi sat\u0131\u015fa \u00e7\u0131kard\u0131\u011f\u0131 ve \u00f6zellikle al\u0131\u015fveri\u015f merkezi b\u00f6l\u00fcm\u00fc i\u00e7in 1.5 milyar Euro (yakla\u015f\u0131k 55 milyar TL) gibi rekor bir bedel talep etti\u011fi konu\u015fuluyordu. Konuyla ilgili a\u00e7\u0131klama geldi.<\/p>\n\n\n\n<h5 class=\"wp-block-heading\">ZORLU AVM SATILIYOR MU?<\/h5>\n\n\n\n<p>Zorlu AVM\u2019nin 1,5 milyar Euro bedelle sat\u0131\u015fa \u00e7\u0131kar\u0131ld\u0131\u011f\u0131 iddialar\u0131 g\u00fcndeme geldi. Ancak, \u015firketten yap\u0131lan a\u00e7\u0131klamada, bu iddialar\u0131n ger\u00e7e\u011fi yans\u0131tmad\u0131\u011f\u0131 belirtildi. Zorlu Holding, \u015firket aktiflerinin sat\u0131\u015f\u0131n\u0131n g\u00fcndemde olmad\u0131\u011f\u0131n\u0131 ve bu konuda al\u0131nm\u0131\u015f bir y\u00f6netim kurulu karar\u0131 bulunmad\u0131\u011f\u0131n\u0131 a\u00e7\u0131klad\u0131.<\/p>\n","protected":false},"excerpt":{"rendered":"<p>Zorlu AVM\u2019nin sat\u0131\u015fa \u00e7\u0131kar\u0131ld\u0131\u011f\u0131na dair iddialar, Zorlu Holding taraf\u0131ndan yap\u0131lan resmi a\u00e7\u0131klama ile yalanland\u0131. \u0130stanbul\u2019un en g\u00f6zde ya\u015fam ve al\u0131\u015fveri\u015f merkezlerinden biri olan Zorlu Center&hellip;<\/p>\n","protected":false},"author":6,"featured_media":1250,"comment_status":"open","ping_status":"open","sticky":false,"template":"","format":"standard","meta":{"footnotes":""},"categories":[11,30],"tags":[],"class_list":["post-1249","post","type-post","status-publish","format-standard","has-post-thumbnail","hentry","category-avm","category-surmanset"],"_links":{"self":[{"href":"https:\/\/www.mallandmotto.com\/index.php\/wp-json\/wp\/v2\/posts\/1249","targetHints":{"allow":["GET"]}}],"collection":[{"href":"https:\/\/www.mallandmotto.com\/index.php\/wp-json\/wp\/v2\/posts"}],"about":[{"href":"https:\/\/www.mallandmotto.com\/index.php\/wp-json\/wp\/v2\/types\/post"}],"author":[{"embeddable":true,"href":"https:\/\/www.mallandmotto.com\/index.php\/wp-json\/wp\/v2\/users\/6"}],"replies":[{"embeddable":true,"href":"https:\/\/www.mallandmotto.com\/index.php\/wp-json\/wp\/v2\/comments?post=1249"}],"version-history":[{"count":1,"href":"https:\/\/www.mallandmotto.com\/index.php\/wp-json\/wp\/v2\/posts\/1249\/revisions"}],"predecessor-version":[{"id":1251,"href":"https:\/\/www.mallandmotto.com\/index.php\/wp-json\/wp\/v2\/posts\/1249\/revisions\/1251"}],"wp:featuredmedia":[{"embeddable":true,"href":"https:\/\/www.mallandmotto.com\/index.php\/wp-json\/wp\/v2\/media\/1250"}],"wp:attachment":[{"href":"https:\/\/www.mallandmotto.com\/index.php\/wp-json\/wp\/v2\/media?parent=1249"}],"wp:term":[{"taxonomy":"category","embeddable":true,"href":"https:\/\/www.mallandmotto.com\/index.php\/wp-json\/wp\/v2\/categories?post=1249"},{"taxonomy":"post_tag","embeddable":true,"href":"https:\/\/www.mallandmotto.com\/index.php\/wp-json\/wp\/v2\/tags?post=1249"}],"curies":[{"name":"wp","href":"https:\/\/api.w.org\/{rel}","templated":true}]}}