{"id":1255,"date":"2025-07-17T09:06:06","date_gmt":"2025-07-17T09:06:06","guid":{"rendered":"https:\/\/www.mallandmotto.com\/?p=1255"},"modified":"2025-07-17T09:06:07","modified_gmt":"2025-07-17T09:06:07","slug":"koctasta-bahceye-dair-her-sey","status":"publish","type":"post","link":"https:\/\/www.mallandmotto.com\/index.php\/2025\/07\/17\/koctasta-bahceye-dair-her-sey\/","title":{"rendered":"Ko\u00e7ta\u015f\u2019ta Bah\u00e7eye Dair Her \u015eey"},"content":{"rendered":"\n<h3 class=\"wp-block-heading\"><strong>Ko\u00e7ta\u015f may\u0131s ay\u0131na \u00f6zel \u2018B\u00fcy\u00fck Bahar Kampanyas\u0131\u2019 ile evini ve ya\u015fam alanlar\u0131n\u0131 yenilemek isteyenler i\u00e7in y\u00fczde 30\u2019a varan indirimler sunuyor. Peyzaj malzemelerinden bah\u00e7e mobilyalar\u0131na, el aletleri ve d\u0131\u015f mekan aksesuarlar\u0131ndan, outdoor ve kamp ekipmanlar\u0131na kadar bir\u00e7ok \u00fcr\u00fcn, Ko\u00e7ta\u015f ma\u011fazalar\u0131 ve Ko\u00e7ta\u015f\u2019\u0131n dijital kanallar\u0131nda m\u00fc\u015fterilerin be\u011fenisine sunuluyor. Bah\u00e7esinde kahve keyfi yapmak, s\u0131cak yaz ak\u015famlar\u0131n\u0131 balkonunda ge\u00e7irmek ya da kamp plan\u0131n\u0131 \u015fimdiden yapmak isteyen herkes i\u00e7in yaz keyfi, bu y\u0131l da Ko\u00e7ta\u015f\u2019ta ba\u015fl\u0131yor.<\/strong><\/h3>\n\n\n\n<p>T\u00fcrkiye\u2019nin lider ev geli\u015ftirme perakendecisi Ko\u00e7ta\u015f, yaz mevsimine haz\u0131rl\u0131k s\u00fcrecinde evini ve ya\u015fam alanlar\u0131n\u0131 yenilemek isteyenler i\u00e7in May\u0131s ay\u0131na \u00f6zel \u2018B\u00fcy\u00fck Bahar Kampanyas\u0131\u2019n\u0131 ba\u015flatt\u0131. \u00d6ncelikle bah\u00e7e ve balkon olmak \u00fczere y\u00fczlerce kategoride on binlerce \u00fcr\u00fcnde %30\u2019a varan indirimler sunulan kampanyayla yaz al\u0131\u015fveri\u015fini erkenden yapmak isteyenler i\u00e7in avantajl\u0131 bir d\u00f6nem ba\u015fl\u0131yor. \u201cBah\u00e7e keyfi Ko\u00e7ta\u015f\u2019ta\u201d vurgusuyla duyurulan kampanya kapsam\u0131nda; peyzaj malzemeleri, bah\u00e7e mobilyalar\u0131, el aletleri ve d\u0131\u015f mek\u00e2n d\u00fczenlemelerine y\u00f6nelik \u00fcr\u00fcnlerin yan\u0131 s\u0131ra outdoor ve kamp ekipmanlar\u0131 da indirimli olarak sunuluyor. D\u00f6nemi yazl\u0131klar\u0131nda ge\u00e7irmeyi planlayanlar, tatil \u00f6ncesi k\u00fc\u00e7\u00fck tadilatlara giri\u015fenler ya da evlerindeki a\u00e7\u0131k alanlar\u0131 daha ya\u015fanabilir hale getirmek isteyenler i\u00e7in her b\u00fct\u00e7eye uygun se\u00e7enekler Ko\u00e7ta\u015f ma\u011fazalar\u0131 ve Ko\u00e7ta\u015f\u2019\u0131n dijital kanallar\u0131nda m\u00fc\u015fterileri bekliyor.<\/p>\n\n\n\n<p><strong>UYGUN F\u0130YAT ve \u0130Y\u0130 \u00dcR\u00dcN B\u0130R ARADA<\/strong><\/p>\n\n\n\n<p>Ko\u00e7ta\u015f; sezona \u00f6zel \u00fcr\u00fcnlerin uygun fiyatlarla sunuldu\u011fu kampanyas\u0131yla yaz mevsimine keyifli bir giri\u015f yapmak isteyenleri ma\u011fazalar\u0131 ve koctas.com.tr\u2019ye bekliyor. May\u0131s ay\u0131na \u00f6zel bu kampanya ile sezon \u00f6ncesi al\u0131\u015fveri\u015fte avantaj sa\u011flamak isteyenler ihtiya\u00e7 duyduklar\u0131 \u00fcr\u00fcnlere ula\u015f\u0131labilir fiyatlarla sahip olabiliyor. Yaz boyunca kahvesini bah\u00e7esinde yudumlamay\u0131, serin ak\u015famlar\u0131n tad\u0131n\u0131 balkonunda \u00e7\u0131karmay\u0131 ya da kamp planlar\u0131n\u0131 erkenden yapmay\u0131 d\u00fc\u015f\u00fcnenler i\u00e7in bah\u00e7e keyfi bu y\u0131l da Ko\u00e7ta\u015f\u2019ta ba\u015fl\u0131yor.<\/p>\n","protected":false},"excerpt":{"rendered":"<p>Ko\u00e7ta\u015f may\u0131s ay\u0131na \u00f6zel \u2018B\u00fcy\u00fck Bahar Kampanyas\u0131\u2019 ile evini ve ya\u015fam alanlar\u0131n\u0131 yenilemek isteyenler i\u00e7in y\u00fczde 30\u2019a varan indirimler sunuyor. Peyzaj malzemelerinden bah\u00e7e mobilyalar\u0131na, el&hellip;<\/p>\n","protected":false},"author":6,"featured_media":1256,"comment_status":"open","ping_status":"open","sticky":false,"template":"","format":"standard","meta":{"footnotes":""},"categories":[12],"tags":[],"class_list":["post-1255","post","type-post","status-publish","format-standard","has-post-thumbnail","hentry","category-perakende"],"_links":{"self":[{"href":"https:\/\/www.mallandmotto.com\/index.php\/wp-json\/wp\/v2\/posts\/1255","targetHints":{"allow":["GET"]}}],"collection":[{"href":"https:\/\/www.mallandmotto.com\/index.php\/wp-json\/wp\/v2\/posts"}],"about":[{"href":"https:\/\/www.mallandmotto.com\/index.php\/wp-json\/wp\/v2\/types\/post"}],"author":[{"embeddable":true,"href":"https:\/\/www.mallandmotto.com\/index.php\/wp-json\/wp\/v2\/users\/6"}],"replies":[{"embeddable":true,"href":"https:\/\/www.mallandmotto.com\/index.php\/wp-json\/wp\/v2\/comments?post=1255"}],"version-history":[{"count":1,"href":"https:\/\/www.mallandmotto.com\/index.php\/wp-json\/wp\/v2\/posts\/1255\/revisions"}],"predecessor-version":[{"id":1257,"href":"https:\/\/www.mallandmotto.com\/index.php\/wp-json\/wp\/v2\/posts\/1255\/revisions\/1257"}],"wp:featuredmedia":[{"embeddable":true,"href":"https:\/\/www.mallandmotto.com\/index.php\/wp-json\/wp\/v2\/media\/1256"}],"wp:attachment":[{"href":"https:\/\/www.mallandmotto.com\/index.php\/wp-json\/wp\/v2\/media?parent=1255"}],"wp:term":[{"taxonomy":"category","embeddable":true,"href":"https:\/\/www.mallandmotto.com\/index.php\/wp-json\/wp\/v2\/categories?post=1255"},{"taxonomy":"post_tag","embeddable":true,"href":"https:\/\/www.mallandmotto.com\/index.php\/wp-json\/wp\/v2\/tags?post=1255"}],"curies":[{"name":"wp","href":"https:\/\/api.w.org\/{rel}","templated":true}]}}