{"id":1258,"date":"2025-07-17T10:08:57","date_gmt":"2025-07-17T10:08:57","guid":{"rendered":"https:\/\/www.mallandmotto.com\/?p=1258"},"modified":"2025-07-17T10:08:58","modified_gmt":"2025-07-17T10:08:58","slug":"ogilvy-prda-yeni-genel-mudur-duygu-cavdar","status":"publish","type":"post","link":"https:\/\/www.mallandmotto.com\/index.php\/2025\/07\/17\/ogilvy-prda-yeni-genel-mudur-duygu-cavdar\/","title":{"rendered":"Ogilvy PR\u2019da Yeni Genel M\u00fcd\u00fcr: Duygu \u00c7avdar"},"content":{"rendered":"\n<h3 class=\"wp-block-heading\">18 y\u0131ll\u0131k deneyime sahip Duygu \u00c7avdar, Ogilvy PR Genel M\u00fcd\u00fcrl\u00fc\u011f\u00fc\u2019ne atand\u0131. Sabre \u00d6d\u00fcll\u00fc ajans\u0131n T\u00fcrkiye operasyonlar\u0131n\u0131 y\u00f6netecek \u00c7avdar, ileti\u015fim ve s\u00fcrd\u00fcr\u00fclebilirlik projelerinde liderlik yap\u0131yor.<\/h3>\n\n\n\n<p>Ogilvy 4129 \u00e7at\u0131s\u0131 alt\u0131ndaki Ogilvy PR\u2019\u0131n genel m\u00fcd\u00fcr\u00fc ileti\u015fim dan\u0131\u015fmanl\u0131\u011f\u0131 sekt\u00f6r\u00fcnde 18 y\u0131ll\u0131k deneyime sahip Duygu \u00c7avdar oldu. Nisan ay\u0131nda g\u00f6reve ba\u015flayan \u00c7avdar, Sabre \u00d6d\u00fclleri\u2019nde \u0130ngiltere\u2019de y\u0131l\u0131n ajans\u0131 se\u00e7ilen ve EMEA b\u00f6lgesinde 6 \u00f6d\u00fcl birden kazanan Ogilvy PR\u2019\u0131n T\u00fcrkiye operasyonunun sorumlulu\u011funu \u00fcstleniyor. Ajansa d\u00fcnya \u00e7ap\u0131nda \u00e7ok say\u0131da \u00f6d\u00fcl getiren PR &amp; Influence modelinin T\u00fcrkiye\u2019ye ta\u015f\u0131nmas\u0131na da liderlik edecek.&nbsp;&nbsp;<\/p>\n\n\n\n<p>2008\u2019de Grup 7 \u0130leti\u015fim\u2019de M\u00fc\u015fteri \u0130li\u015fkileri ve Proje Y\u00f6netmeni olarak sekt\u00f6re giren \u00c7avdar, 2010\u2019da Grup Direkt\u00f6r Yard\u0131mc\u0131l\u0131\u011f\u0131\u2019na, 2013\u2019te Grup Direkt\u00f6rl\u00fc\u011f\u00fc\u2019ne y\u00fckseldi. 2015\u2019te Boyner Grup \u015firketlerinden Hopi\u2019ye Kurumsal \u0130leti\u015fim K\u0131demli M\u00fcd\u00fcr\u00fc olarak ge\u00e7ti.\u202f&nbsp;<\/p>\n\n\n\n<p>2016\u2019da Grup 7 \u0130leti\u015fim\u2019den gelen teklifle ajansa Genel M\u00fcd\u00fcr olarak d\u00f6nd\u00fc. G\u00f6revi boyunca ajans portf\u00f6y\u00fcne 20\u2019den fazla yeni marka eklemenin yan\u0131 s\u0131ra 2017\u2019de Grup 7 \u0130leti\u015fim\u2019e Kristal Elma \u00f6d\u00fcl\u00fc alan ilk ve tek PR ajans\u0131 unvan\u0131n\u0131 kazand\u0131rd\u0131.&nbsp;<\/p>\n\n\n\n<p>2024 y\u0131l\u0131nda Hepsiburada\u2019da S\u00fcrd\u00fcr\u00fclebilirlik ve Sosyal Etki ekibine liderlik eden Duygu \u00c7avdar, \u015firketin en b\u00fcy\u00fck sosyal yat\u0131r\u0131m\u0131 olan Giri\u015fimci Kad\u0131nlara Teknoloji G\u00fcc\u00fc program\u0131n\u0131 y\u00f6neterek kamu ili\u015fkileri alan\u0131nda da \u00f6nemli projelere imza att\u0131.&nbsp;<\/p>\n\n\n\n<p>Bankac\u0131l\u0131k, sigorta, fintech, holding, e-ticaret, t\u00fcketici elektroni\u011fi, GSM, perakende, FMCG, sanayi, gayrimenkul, k\u00fclt\u00fcr-sanat, sivil toplum alanlar\u0131nda uzun y\u0131llara dayanan tecr\u00fcbeye sahip Duygu \u00c7avdar, Bo\u011fazi\u00e7i \u00dcniversitesi Siyaset Bilimi ve Uluslararas\u0131 \u0130li\u015fkiler B\u00f6l\u00fcm\u00fc\u2019nden 2005 y\u0131l\u0131nda mezun oldu.&nbsp;&nbsp;<\/p>\n","protected":false},"excerpt":{"rendered":"<p>18 y\u0131ll\u0131k deneyime sahip Duygu \u00c7avdar, Ogilvy PR Genel M\u00fcd\u00fcrl\u00fc\u011f\u00fc\u2019ne atand\u0131. Sabre \u00d6d\u00fcll\u00fc ajans\u0131n T\u00fcrkiye operasyonlar\u0131n\u0131 y\u00f6netecek \u00c7avdar, ileti\u015fim ve s\u00fcrd\u00fcr\u00fclebilirlik projelerinde liderlik yap\u0131yor. Ogilvy&hellip;<\/p>\n","protected":false},"author":6,"featured_media":1260,"comment_status":"open","ping_status":"open","sticky":false,"template":"","format":"standard","meta":{"footnotes":""},"categories":[18],"tags":[],"class_list":["post-1258","post","type-post","status-publish","format-standard","has-post-thumbnail","hentry","category-atamalar"],"_links":{"self":[{"href":"https:\/\/www.mallandmotto.com\/index.php\/wp-json\/wp\/v2\/posts\/1258","targetHints":{"allow":["GET"]}}],"collection":[{"href":"https:\/\/www.mallandmotto.com\/index.php\/wp-json\/wp\/v2\/posts"}],"about":[{"href":"https:\/\/www.mallandmotto.com\/index.php\/wp-json\/wp\/v2\/types\/post"}],"author":[{"embeddable":true,"href":"https:\/\/www.mallandmotto.com\/index.php\/wp-json\/wp\/v2\/users\/6"}],"replies":[{"embeddable":true,"href":"https:\/\/www.mallandmotto.com\/index.php\/wp-json\/wp\/v2\/comments?post=1258"}],"version-history":[{"count":1,"href":"https:\/\/www.mallandmotto.com\/index.php\/wp-json\/wp\/v2\/posts\/1258\/revisions"}],"predecessor-version":[{"id":1261,"href":"https:\/\/www.mallandmotto.com\/index.php\/wp-json\/wp\/v2\/posts\/1258\/revisions\/1261"}],"wp:featuredmedia":[{"embeddable":true,"href":"https:\/\/www.mallandmotto.com\/index.php\/wp-json\/wp\/v2\/media\/1260"}],"wp:attachment":[{"href":"https:\/\/www.mallandmotto.com\/index.php\/wp-json\/wp\/v2\/media?parent=1258"}],"wp:term":[{"taxonomy":"category","embeddable":true,"href":"https:\/\/www.mallandmotto.com\/index.php\/wp-json\/wp\/v2\/categories?post=1258"},{"taxonomy":"post_tag","embeddable":true,"href":"https:\/\/www.mallandmotto.com\/index.php\/wp-json\/wp\/v2\/tags?post=1258"}],"curies":[{"name":"wp","href":"https:\/\/api.w.org\/{rel}","templated":true}]}}