{"id":1263,"date":"2025-07-17T10:11:09","date_gmt":"2025-07-17T10:11:09","guid":{"rendered":"https:\/\/www.mallandmotto.com\/?p=1263"},"modified":"2025-07-17T10:11:09","modified_gmt":"2025-07-17T10:11:09","slug":"fusun-gencsu-wwf-turkiye-yonetim-kurulu-baskanligina-secildi","status":"publish","type":"post","link":"https:\/\/www.mallandmotto.com\/index.php\/2025\/07\/17\/fusun-gencsu-wwf-turkiye-yonetim-kurulu-baskanligina-secildi\/","title":{"rendered":"F\u00fcsun Gen\u00e7s\u00fc, WWF-T\u00fcrkiye Y\u00f6netim Kurulu Ba\u015fkanl\u0131\u011f\u0131\u2019na Se\u00e7ildi"},"content":{"rendered":"\n<h4 class=\"wp-block-heading\">WWF-T\u00fcrkiye\u2019nin yeni Y\u00f6netim Kurulu Ba\u015fkan\u0131 F\u00fcsun Gen\u00e7s\u00fc oldu. Kurucu \u00fcyelerden Gen\u00e7s\u00fc, ba\u015fkanl\u0131k g\u00f6revini Nafiz Karadere\u2019den devrald\u0131.<\/h4>\n\n\n\n<p>T\u00fcrkiye\u2019nin do\u011fal zenginliklerini korumak i\u00e7in \u00e7al\u0131\u015fmalar\u0131n\u0131 yar\u0131m as\u0131rd\u0131r s\u00fcrd\u00fcren WWF-T\u00fcrkiye\u2019nin M\u00fctevelli Heyeti Toplant\u0131s\u0131\u2019nda yeni Y\u00f6netim Kurulu ve Denetim Kurulu \u00fcyeleri se\u00e7ilerek g\u00f6reve ba\u015flad\u0131. Vakf\u0131n Y\u00f6netim Kurulu ba\u015fkanl\u0131\u011f\u0131na kurucu \u00fcyelerinden F\u00fcsun Gen\u00e7s\u00fc se\u00e7ildi.<\/p>\n\n\n\n<p>Yakla\u015f\u0131k 100 \u00fclkede faaliyet g\u00f6steren d\u00fcnyan\u0131n en b\u00fcy\u00fck do\u011fa koruma a\u011f\u0131 WWF\u2019in (D\u00fcnya Do\u011fay\u0131 Koruma Vakf\u0131) T\u00fcrkiye temsilcili\u011fi WWF-T\u00fcrkiye (Do\u011fal Hayat\u0131 Koruma Vakf\u0131\u2019n\u0131n &nbsp;42. M\u00fctevelli Heyeti Toplant\u0131s\u0131 ger\u00e7ekle\u015fti. Toplant\u0131da vakf\u0131n yeni Y\u00f6netim Kurulu ve Denetim Kurulu \u00fcyeleri belirlendi. Y\u00f6netim Kurulu Ba\u015fkanl\u0131\u011f\u0131 g\u00f6revini tamamlayan Nafiz Karadere, g\u00f6revini vakf\u0131n kurucu \u00fcyeleri aras\u0131nda yer alan ve 2022 y\u0131l\u0131ndan bu yana ba\u015fkan yard\u0131mc\u0131s\u0131 olarak g\u00f6rev yapan F\u00fcsun Gen\u00e7s\u00fc\u2019ye devretti.<\/p>\n","protected":false},"excerpt":{"rendered":"<p>WWF-T\u00fcrkiye\u2019nin yeni Y\u00f6netim Kurulu Ba\u015fkan\u0131 F\u00fcsun Gen\u00e7s\u00fc oldu. Kurucu \u00fcyelerden Gen\u00e7s\u00fc, ba\u015fkanl\u0131k g\u00f6revini Nafiz Karadere\u2019den devrald\u0131. T\u00fcrkiye\u2019nin do\u011fal zenginliklerini korumak i\u00e7in \u00e7al\u0131\u015fmalar\u0131n\u0131 yar\u0131m as\u0131rd\u0131r s\u00fcrd\u00fcren&hellip;<\/p>\n","protected":false},"author":6,"featured_media":1264,"comment_status":"open","ping_status":"open","sticky":false,"template":"","format":"standard","meta":{"footnotes":""},"categories":[18],"tags":[],"class_list":["post-1263","post","type-post","status-publish","format-standard","has-post-thumbnail","hentry","category-atamalar"],"_links":{"self":[{"href":"https:\/\/www.mallandmotto.com\/index.php\/wp-json\/wp\/v2\/posts\/1263","targetHints":{"allow":["GET"]}}],"collection":[{"href":"https:\/\/www.mallandmotto.com\/index.php\/wp-json\/wp\/v2\/posts"}],"about":[{"href":"https:\/\/www.mallandmotto.com\/index.php\/wp-json\/wp\/v2\/types\/post"}],"author":[{"embeddable":true,"href":"https:\/\/www.mallandmotto.com\/index.php\/wp-json\/wp\/v2\/users\/6"}],"replies":[{"embeddable":true,"href":"https:\/\/www.mallandmotto.com\/index.php\/wp-json\/wp\/v2\/comments?post=1263"}],"version-history":[{"count":1,"href":"https:\/\/www.mallandmotto.com\/index.php\/wp-json\/wp\/v2\/posts\/1263\/revisions"}],"predecessor-version":[{"id":1265,"href":"https:\/\/www.mallandmotto.com\/index.php\/wp-json\/wp\/v2\/posts\/1263\/revisions\/1265"}],"wp:featuredmedia":[{"embeddable":true,"href":"https:\/\/www.mallandmotto.com\/index.php\/wp-json\/wp\/v2\/media\/1264"}],"wp:attachment":[{"href":"https:\/\/www.mallandmotto.com\/index.php\/wp-json\/wp\/v2\/media?parent=1263"}],"wp:term":[{"taxonomy":"category","embeddable":true,"href":"https:\/\/www.mallandmotto.com\/index.php\/wp-json\/wp\/v2\/categories?post=1263"},{"taxonomy":"post_tag","embeddable":true,"href":"https:\/\/www.mallandmotto.com\/index.php\/wp-json\/wp\/v2\/tags?post=1263"}],"curies":[{"name":"wp","href":"https:\/\/api.w.org\/{rel}","templated":true}]}}