{"id":1267,"date":"2025-07-17T10:14:41","date_gmt":"2025-07-17T10:14:41","guid":{"rendered":"https:\/\/www.mallandmotto.com\/?p=1267"},"modified":"2025-07-17T10:14:42","modified_gmt":"2025-07-17T10:14:42","slug":"rossmann-turkiyede-ust-duzey-yonetim-degisikligi","status":"publish","type":"post","link":"https:\/\/www.mallandmotto.com\/index.php\/2025\/07\/17\/rossmann-turkiyede-ust-duzey-yonetim-degisikligi\/","title":{"rendered":"Rossmann T\u00fcrkiye\u2019de \u00dcst D\u00fczey Y\u00f6netim De\u011fi\u015fikli\u011fi"},"content":{"rendered":"\n<h3 class=\"wp-block-heading\">Rossmann T\u00fcrkiye\u2019de Genel M\u00fcd\u00fcrl\u00fck g\u00f6revini 10 y\u0131l\u0131n ard\u0131ndan Bilgin \u00c7ifci\u2019den devralan Hakan Ejder, 1 May\u0131s 2025 itibar\u0131yla liderlik koltu\u011funa ge\u00e7ti.<\/h3>\n\n\n\n<p>Ekim 2023\u2019den bu yana Bilgin \u00c7ifci ve Hakan Ejder\u2019in liderlik etti\u011fi Rossmann T\u00fcrkiye, 1 May\u0131s 2025 itibariyle yoluna Genel M\u00fcd\u00fcr Hakan Ejder ile devam ediyor.<\/p>\n\n\n\n<p>Rossmann T\u00fcrkiye\u2019ye 2010\u2019da Bilgi Teknolojileri M\u00fcd\u00fcr\u00fc olarak g\u00f6reve ba\u015flayan Bilgin \u00c7ifci, 2012 y\u0131l\u0131nda Genel M\u00fcd\u00fcr Yard\u0131mc\u0131s\u0131, 2015 y\u0131l\u0131nda Rossmann T\u00fcrkiye Genel M\u00fcd\u00fcr\u00fc oldu. Bilgin \u00c7ifci\u2019nin 10 y\u0131ll\u0131k Genel M\u00fcd\u00fcrl\u00fc\u011f\u00fc s\u00fcresince ortaya koydu\u011fu vizyonerli\u011fi, yol g\u00f6sterici hedefleri ve cesur kararlar\u0131 Rossmann T\u00fcrkiye\u2019nin say\u0131l\u0131 perakende markalar\u0131ndan biri olmas\u0131n\u0131 sa\u011flad\u0131.<\/p>\n\n\n\n<p>Rossmann T\u00fcrkiye\u2019nin bug\u00fcnk\u00fc ba\u015far\u0131l\u0131 konumuna gelmesinde b\u00fcy\u00fck katk\u0131s\u0131 ve eme\u011fi olan Bilgin \u00c7ifci yoluna farkl\u0131 projelerle devam etmeye karar vererek, g\u00f6revini Ekim 2023\u2019den bu yana Rossmann T\u00fcrkiye\u2019nin y\u00f6netiminde birlikte g\u00f6rev ald\u0131\u011f\u0131 Hakan Ejder\u2019e devretti.<\/p>\n\n\n\n<p>Hakan Ejder, 2004 y\u0131l\u0131nda Y\u0131ld\u0131z Teknik \u00dcniversitesi \u0130\u015fletme B\u00f6l\u00fcm\u00fcnden mezun oldu. Kariyerine Migros T.A.\u015e Kategori Y\u00f6netim B\u00f6l\u00fcm\u00fc\u2019nde ba\u015flayan Hakan Ejder, sonras\u0131nda Metro Group b\u00fcnyesindeki MGB, Real Hipermarketleri ve Metro Cash and Carry\u2019de yakla\u015f\u0131k 16 y\u0131l boyunca kozmetik, g\u0131da ve temizlik kategorilerinin y\u00f6netiminde farkl\u0131 roller \u00fcstlendi. Hipermarket, S\u00fcpermarket ve B2B kanallar\u0131nda deneyim sahibi olan Hakan Ejder, Ekim 2023\u2019te Ticari Genel M\u00fcd\u00fcr olarak Rossmann T\u00fcrkiye\u2019de g\u00f6reve ba\u015flam\u0131\u015ft\u0131.<\/p>\n","protected":false},"excerpt":{"rendered":"<p>Rossmann T\u00fcrkiye\u2019de Genel M\u00fcd\u00fcrl\u00fck g\u00f6revini 10 y\u0131l\u0131n ard\u0131ndan Bilgin \u00c7ifci\u2019den devralan Hakan Ejder, 1 May\u0131s 2025 itibar\u0131yla liderlik koltu\u011funa ge\u00e7ti. Ekim 2023\u2019den bu yana Bilgin&hellip;<\/p>\n","protected":false},"author":6,"featured_media":1268,"comment_status":"open","ping_status":"open","sticky":false,"template":"","format":"standard","meta":{"footnotes":""},"categories":[18],"tags":[],"class_list":["post-1267","post","type-post","status-publish","format-standard","has-post-thumbnail","hentry","category-atamalar"],"_links":{"self":[{"href":"https:\/\/www.mallandmotto.com\/index.php\/wp-json\/wp\/v2\/posts\/1267","targetHints":{"allow":["GET"]}}],"collection":[{"href":"https:\/\/www.mallandmotto.com\/index.php\/wp-json\/wp\/v2\/posts"}],"about":[{"href":"https:\/\/www.mallandmotto.com\/index.php\/wp-json\/wp\/v2\/types\/post"}],"author":[{"embeddable":true,"href":"https:\/\/www.mallandmotto.com\/index.php\/wp-json\/wp\/v2\/users\/6"}],"replies":[{"embeddable":true,"href":"https:\/\/www.mallandmotto.com\/index.php\/wp-json\/wp\/v2\/comments?post=1267"}],"version-history":[{"count":1,"href":"https:\/\/www.mallandmotto.com\/index.php\/wp-json\/wp\/v2\/posts\/1267\/revisions"}],"predecessor-version":[{"id":1269,"href":"https:\/\/www.mallandmotto.com\/index.php\/wp-json\/wp\/v2\/posts\/1267\/revisions\/1269"}],"wp:featuredmedia":[{"embeddable":true,"href":"https:\/\/www.mallandmotto.com\/index.php\/wp-json\/wp\/v2\/media\/1268"}],"wp:attachment":[{"href":"https:\/\/www.mallandmotto.com\/index.php\/wp-json\/wp\/v2\/media?parent=1267"}],"wp:term":[{"taxonomy":"category","embeddable":true,"href":"https:\/\/www.mallandmotto.com\/index.php\/wp-json\/wp\/v2\/categories?post=1267"},{"taxonomy":"post_tag","embeddable":true,"href":"https:\/\/www.mallandmotto.com\/index.php\/wp-json\/wp\/v2\/tags?post=1267"}],"curies":[{"name":"wp","href":"https:\/\/api.w.org\/{rel}","templated":true}]}}