{"id":1278,"date":"2025-07-17T10:23:31","date_gmt":"2025-07-17T10:23:31","guid":{"rendered":"https:\/\/www.mallandmotto.com\/?p=1278"},"modified":"2025-07-17T10:23:32","modified_gmt":"2025-07-17T10:23:32","slug":"xavier-chardon-citroen-ceosu-olarak-atandi","status":"publish","type":"post","link":"https:\/\/www.mallandmotto.com\/index.php\/2025\/07\/17\/xavier-chardon-citroen-ceosu-olarak-atandi\/","title":{"rendered":"Xavier Chardon, Citro\u00ebn CEO\u2019su Olarak Atand\u0131"},"content":{"rendered":"\n<h3 class=\"wp-block-heading\">Deneyimli otomotiv y\u00f6neticisi Xavier Chardon, Citro\u00ebn\u2019in yeni CEO\u2019su oldu. Chardon, PSA Group ve Volkswagen\u2019deki kapsaml\u0131 deneyimiyle markan\u0131n liderli\u011fini \u00fcstlenecek.<\/h3>\n\n\n\n<p>Citro\u00ebn\u2019in y\u00f6netiminde \u00f6nemli bir atama ger\u00e7ekle\u015fti. Bu kapsamda Xavier Chardon, Stellantis Geni\u015fletilmi\u015f Avrupa Operasyon Direkt\u00f6r\u00fc Jean-Philippe Imparato\u2019ya ba\u011fl\u0131 olarak Citro\u00ebn CEO\u2019su olarak atand\u0131. Institut Commercial de Nancy mezunu olan Xavier Chardon, kariyeri boyunca Fransa, Avrupa ve \u00c7in otomotiv sekt\u00f6r\u00fcnde \u00e7e\u015fitli rollerde g\u00f6rev ald\u0131. 1994 y\u0131l\u0131nda PSA Group\u2019a kat\u0131lan ve kariyerine Citro\u00ebn \u0130talya\u2019da ba\u015flayan Chardon, markan\u0131n genel merkezinde farkl\u0131 pozisyonlarda g\u00f6rev yapt\u0131ktan sonra 2001\u2019de Citro\u00ebn Danimarka\u2019n\u0131n ve 2004\u2019te Citro\u00ebn Almanya\u2019n\u0131n y\u00f6netimini \u00fcstlendi. PSA Group\u2019ta 2007 y\u0131l\u0131ndan 2009 y\u0131l\u0131na kadar Pazarlama, Bas\u0131n ve Halkla \u0130li\u015fkiler M\u00fcd\u00fcr\u00fc olarak g\u00f6rev yapan Chardon, 2009-2011 y\u0131llar\u0131 aras\u0131nda da Citro\u00ebn Fransa\u2019n\u0131n Genel M\u00fcd\u00fcrl\u00fc\u011f\u00fc g\u00f6revini \u00fcstlendi.<\/p>\n\n\n\n<p>2012\u2019de Volkswagen AG\u2019ye Avrupa Sat\u0131\u015f Ba\u015fkan Yard\u0131mc\u0131s\u0131 olarak kat\u0131lan Xavier Chardon, 2014 y\u0131l\u0131nda K\u00fcresel Pazarlama ve \u0130leti\u015fimden Sorumlu olarak Volkswagen AG\u2019deki kariyerine devam etti. 2016 y\u0131l\u0131nda Volkswagen Pazarlama ve M\u00fc\u015fterilerden Sorumlu Ba\u015fkan Yard\u0131mc\u0131s\u0131 olarak g\u00f6rev yapmaya ba\u015flayan Chardon, 2017 y\u0131l\u0131ndan 2018 y\u0131l\u0131na kadar Volkswagen \u00c7in\u2019de \u201cDijitalle\u015fme Proje Evi\u201d birimine liderlik yapt\u0131ktan sonra SAIC-Volkswagen ortak giri\u015fiminin Sat\u0131\u015f ve Pazarlama Ba\u015fkan Yard\u0131mc\u0131l\u0131\u011f\u0131 g\u00f6revini devrald\u0131. 2021\u2019de Fransa\u2019ya geri d\u00f6nd\u00fc ve Volkswagen Group Fransa\u2019n\u0131n Y\u00f6netim Kurulu Ba\u015fkan\u0131 oldu.<\/p>\n","protected":false},"excerpt":{"rendered":"<p>Deneyimli otomotiv y\u00f6neticisi Xavier Chardon, Citro\u00ebn\u2019in yeni CEO\u2019su oldu. Chardon, PSA Group ve Volkswagen\u2019deki kapsaml\u0131 deneyimiyle markan\u0131n liderli\u011fini \u00fcstlenecek. Citro\u00ebn\u2019in y\u00f6netiminde \u00f6nemli bir atama ger\u00e7ekle\u015fti.&hellip;<\/p>\n","protected":false},"author":6,"featured_media":1279,"comment_status":"open","ping_status":"open","sticky":false,"template":"","format":"standard","meta":{"footnotes":""},"categories":[18],"tags":[],"class_list":["post-1278","post","type-post","status-publish","format-standard","has-post-thumbnail","hentry","category-atamalar"],"_links":{"self":[{"href":"https:\/\/www.mallandmotto.com\/index.php\/wp-json\/wp\/v2\/posts\/1278","targetHints":{"allow":["GET"]}}],"collection":[{"href":"https:\/\/www.mallandmotto.com\/index.php\/wp-json\/wp\/v2\/posts"}],"about":[{"href":"https:\/\/www.mallandmotto.com\/index.php\/wp-json\/wp\/v2\/types\/post"}],"author":[{"embeddable":true,"href":"https:\/\/www.mallandmotto.com\/index.php\/wp-json\/wp\/v2\/users\/6"}],"replies":[{"embeddable":true,"href":"https:\/\/www.mallandmotto.com\/index.php\/wp-json\/wp\/v2\/comments?post=1278"}],"version-history":[{"count":1,"href":"https:\/\/www.mallandmotto.com\/index.php\/wp-json\/wp\/v2\/posts\/1278\/revisions"}],"predecessor-version":[{"id":1280,"href":"https:\/\/www.mallandmotto.com\/index.php\/wp-json\/wp\/v2\/posts\/1278\/revisions\/1280"}],"wp:featuredmedia":[{"embeddable":true,"href":"https:\/\/www.mallandmotto.com\/index.php\/wp-json\/wp\/v2\/media\/1279"}],"wp:attachment":[{"href":"https:\/\/www.mallandmotto.com\/index.php\/wp-json\/wp\/v2\/media?parent=1278"}],"wp:term":[{"taxonomy":"category","embeddable":true,"href":"https:\/\/www.mallandmotto.com\/index.php\/wp-json\/wp\/v2\/categories?post=1278"},{"taxonomy":"post_tag","embeddable":true,"href":"https:\/\/www.mallandmotto.com\/index.php\/wp-json\/wp\/v2\/tags?post=1278"}],"curies":[{"name":"wp","href":"https:\/\/api.w.org\/{rel}","templated":true}]}}