{"id":1288,"date":"2025-07-17T10:51:10","date_gmt":"2025-07-17T10:51:10","guid":{"rendered":"https:\/\/www.mallandmotto.com\/?p=1288"},"modified":"2025-07-17T10:51:10","modified_gmt":"2025-07-17T10:51:10","slug":"ozlem-yilmaz-ucer-sunglass-hut-turkiye-genel-muduru-oldu","status":"publish","type":"post","link":"https:\/\/www.mallandmotto.com\/index.php\/2025\/07\/17\/ozlem-yilmaz-ucer-sunglass-hut-turkiye-genel-muduru-oldu\/","title":{"rendered":"\u00d6zlem Y\u0131lmaz \u00dc\u00e7er, Sunglass Hut T\u00fcrkiye Genel M\u00fcd\u00fcr\u00fc Oldu"},"content":{"rendered":"\n<h3 class=\"wp-block-heading\">EssilorLuxottica \u00e7at\u0131s\u0131 alt\u0131ndaki Sunglass Hut T\u00fcrkiye\u2019de \u00fcst d\u00fczey atama ger\u00e7ekle\u015fti. \u00d6zlem Y\u0131lmaz \u00dc\u00e7er, \u015eubat 2025 itibar\u0131yla Genel M\u00fcd\u00fcrl\u00fck g\u00f6revine ba\u015flad\u0131.<\/h3>\n\n\n\n<p>EssilorLuxottica&nbsp;markalar\u0131ndan Sunglass Hut T\u00fcrkiye\u2019nin Genel M\u00fcd\u00fcrl\u00fck g\u00f6revine&nbsp;\u00d6zlem&nbsp;Y\u0131lmaz \u00dc\u00e7er getirildi.<\/p>\n\n\n\n<p>\u0130talya merkezli d\u00fcnyan\u0131n en b\u00fcy\u00fck g\u00f6zl\u00fck&nbsp;\u00fcretimi ve da\u011f\u0131t\u0131m\u0131nda lider&nbsp;g\u00f6zl\u00fck \u015firketi EssilorLuxottica b\u00fcnyesinde faaliyet g\u00f6steren Sunglass Hut T\u00fcrkiye\u2019de \u00fcst d\u00fczey bir atama ger\u00e7ekle\u015fti. \u00d6zlem&nbsp;Y\u0131lmaz \u00dc\u00e7er, Sunglass Hut T\u00fcrkiye Genel M\u00fcd\u00fcrl\u00fc\u011f\u00fcne atand\u0131.&nbsp;<\/p>\n\n\n\n<p>\u00d6zlem&nbsp;Y\u0131lmaz \u00dc\u00e7er, 2008 y\u0131l\u0131nda Y\u0131ld\u0131z Teknik \u00dcniversitesi Kimya B\u00f6l\u00fcm\u00fc\u2019nden Onur \u00d6\u011frencisi olarak mezun oldu. Ard\u0131ndan \u0130stanbul \u00dcniversitesi Kimya M\u00fchendisli\u011fi alan\u0131nda 2010 y\u0131l\u0131nda lisans, 2012 y\u0131l\u0131nda da y\u00fcksek lisans e\u011fitimini tamamlad\u0131. Kariyerine 2010 y\u0131l\u0131nda Zorlu Holding b\u00fcnyesindeki Zorlu Tekstil\u2019de Marka Y\u00f6neticisi olarak ba\u015flayan \u00d6zlem&nbsp;Y\u0131lmaz \u00dc\u00e7er, 2013 y\u0131l\u0131nda Eren Perakende\u2019ye ge\u00e7erek SuperKids Marka M\u00fcd\u00fcr\u00fc olarak ba\u015flad\u0131\u011f\u0131 g\u00f6revini farkl\u0131 sorumluluklar alara devam ettirdi. 12 y\u0131l boyunca s\u00fcrd\u00fcrd\u00fc\u011f\u00fc kariyerinde, Eren Perakende alt\u0131nda bir \u00e7ok markadan sorumlu olan \u00d6zlem&nbsp;Y\u0131lmaz \u00dc\u00e7er, son olarak Genel M\u00fcd\u00fcrl\u00fck g\u00f6reviyle Nautica, Gant, Occasion ve United Brands markalar\u0131n\u0131 y\u00f6netti. \u015eubat 2025 itibariyle EssilorLuxottica ailesine kat\u0131lan \u00d6zlem&nbsp;Y\u0131lmaz \u00dc\u00e7er,&nbsp; burada Sunglass Hut ve Rayban T\u00fcrkiye perakende operasyonlar\u0131n\u0131 s\u00fcrd\u00fcrecek.<\/p>\n","protected":false},"excerpt":{"rendered":"<p>EssilorLuxottica \u00e7at\u0131s\u0131 alt\u0131ndaki Sunglass Hut T\u00fcrkiye\u2019de \u00fcst d\u00fczey atama ger\u00e7ekle\u015fti. \u00d6zlem Y\u0131lmaz \u00dc\u00e7er, \u015eubat 2025 itibar\u0131yla Genel M\u00fcd\u00fcrl\u00fck g\u00f6revine ba\u015flad\u0131. EssilorLuxottica&nbsp;markalar\u0131ndan Sunglass Hut T\u00fcrkiye\u2019nin Genel&hellip;<\/p>\n","protected":false},"author":6,"featured_media":1289,"comment_status":"open","ping_status":"open","sticky":false,"template":"","format":"standard","meta":{"footnotes":""},"categories":[18],"tags":[],"class_list":["post-1288","post","type-post","status-publish","format-standard","has-post-thumbnail","hentry","category-atamalar"],"_links":{"self":[{"href":"https:\/\/www.mallandmotto.com\/index.php\/wp-json\/wp\/v2\/posts\/1288","targetHints":{"allow":["GET"]}}],"collection":[{"href":"https:\/\/www.mallandmotto.com\/index.php\/wp-json\/wp\/v2\/posts"}],"about":[{"href":"https:\/\/www.mallandmotto.com\/index.php\/wp-json\/wp\/v2\/types\/post"}],"author":[{"embeddable":true,"href":"https:\/\/www.mallandmotto.com\/index.php\/wp-json\/wp\/v2\/users\/6"}],"replies":[{"embeddable":true,"href":"https:\/\/www.mallandmotto.com\/index.php\/wp-json\/wp\/v2\/comments?post=1288"}],"version-history":[{"count":1,"href":"https:\/\/www.mallandmotto.com\/index.php\/wp-json\/wp\/v2\/posts\/1288\/revisions"}],"predecessor-version":[{"id":1290,"href":"https:\/\/www.mallandmotto.com\/index.php\/wp-json\/wp\/v2\/posts\/1288\/revisions\/1290"}],"wp:featuredmedia":[{"embeddable":true,"href":"https:\/\/www.mallandmotto.com\/index.php\/wp-json\/wp\/v2\/media\/1289"}],"wp:attachment":[{"href":"https:\/\/www.mallandmotto.com\/index.php\/wp-json\/wp\/v2\/media?parent=1288"}],"wp:term":[{"taxonomy":"category","embeddable":true,"href":"https:\/\/www.mallandmotto.com\/index.php\/wp-json\/wp\/v2\/categories?post=1288"},{"taxonomy":"post_tag","embeddable":true,"href":"https:\/\/www.mallandmotto.com\/index.php\/wp-json\/wp\/v2\/tags?post=1288"}],"curies":[{"name":"wp","href":"https:\/\/api.w.org\/{rel}","templated":true}]}}