{"id":1357,"date":"2025-07-18T07:15:34","date_gmt":"2025-07-18T07:15:34","guid":{"rendered":"https:\/\/www.mallandmotto.com\/?p=1357"},"modified":"2025-07-18T07:15:36","modified_gmt":"2025-07-18T07:15:36","slug":"ege-perlada-kadinlarin-objektifinden-hayat-kareleri","status":"publish","type":"post","link":"https:\/\/www.mallandmotto.com\/index.php\/2025\/07\/18\/ege-perlada-kadinlarin-objektifinden-hayat-kareleri\/","title":{"rendered":"Ege Perla\u2019da Kad\u0131nlar\u0131n Objektifinden Hayat Kareleri"},"content":{"rendered":"\n<h3 class=\"wp-block-heading\">Ege Perla, 7\u201320 Temmuz tarihleri aras\u0131nda Anadolu Hayat Emeklilik\u2019in \u201cKad\u0131n G\u00f6z\u00fcyle Hayattan Kareler\u201d sergisine ev sahipli\u011fi yap\u0131yor. Kad\u0131n foto\u011fraf\u00e7\u0131lar\u0131n \u00f6d\u00fcll\u00fc eserlerinin yer ald\u0131\u011f\u0131 sergi, ziyaret\u00e7ilere sanatsal ve duygusal bir yolculuk sunuyor.<\/h3>\n\n\n\n<p>\u0130zmir\u2019in keyifli ya\u015fam merkezi <strong>Ege Perla<\/strong>, Anadolu Hayat Emeklilik\u2019in geleneksel hale gelen \u201cKad\u0131n G\u00f6z\u00fcyle Hayattan Kareler\u201d foto\u011fraf yar\u0131\u015fmas\u0131nda \u00f6d\u00fcl alan eserleri sanatseverlerle bulu\u015fturuyor.<\/p>\n\n\n\n<p>Tepe Emlak Yat\u0131r\u0131m A.\u015e. y\u00f6netimindeki <strong>Ege Perla<\/strong>, 7-20 Temmuz tarihleri aras\u0131nda ger\u00e7ekle\u015ftirdi\u011fi sergi ile kad\u0131nlar\u0131n sanattaki g\u00fc\u00e7l\u00fc duru\u015funu vurgularken ziyaret\u00e7ilere de g\u00f6rsel bir yolculuk sunuyor. 18 y\u0131ld\u0131r d\u00fczenlenen, Anadolu Hayat Emeklilik\u2019in sosyal sorumluluk vizyonunun \u00f6nemli bir par\u00e7as\u0131 olan bu etkinlik sayesinde, kad\u0131n foto\u011fraf\u00e7\u0131lara hem bir platform sa\u011flan\u0131yor hem de onlar\u0131n hayata dair \u00f6zg\u00fcn bak\u0131\u015f a\u00e7\u0131lar\u0131n\u0131 sanat arac\u0131l\u0131\u011f\u0131yla sergilemelerine olanak tan\u0131n\u0131yor.<\/p>\n\n\n\n<p>Her biri ya\u015fam\u0131n farkl\u0131 bir an\u0131na dokunan bu kareler, ziyaret\u00e7ilere kad\u0131nlar\u0131n sanatsal ifade g\u00fcc\u00fcn\u00fc g\u00f6sterirken hem duygusal hem de sanatsal bir deneyim sunuyor.<\/p>\n\n\n\n<p>Ege Perla, \u0130zmirli sanat ve foto\u011frafseverleri bu dikkat \u00e7eken sergiye davet ediyor.<\/p>\n","protected":false},"excerpt":{"rendered":"<p>Ege Perla, 7\u201320 Temmuz tarihleri aras\u0131nda Anadolu Hayat Emeklilik\u2019in \u201cKad\u0131n G\u00f6z\u00fcyle Hayattan Kareler\u201d sergisine ev sahipli\u011fi yap\u0131yor. Kad\u0131n foto\u011fraf\u00e7\u0131lar\u0131n \u00f6d\u00fcll\u00fc eserlerinin yer ald\u0131\u011f\u0131 sergi, ziyaret\u00e7ilere&hellip;<\/p>\n","protected":false},"author":6,"featured_media":1358,"comment_status":"open","ping_status":"open","sticky":false,"template":"","format":"standard","meta":{"footnotes":""},"categories":[11],"tags":[],"class_list":["post-1357","post","type-post","status-publish","format-standard","has-post-thumbnail","hentry","category-avm"],"_links":{"self":[{"href":"https:\/\/www.mallandmotto.com\/index.php\/wp-json\/wp\/v2\/posts\/1357","targetHints":{"allow":["GET"]}}],"collection":[{"href":"https:\/\/www.mallandmotto.com\/index.php\/wp-json\/wp\/v2\/posts"}],"about":[{"href":"https:\/\/www.mallandmotto.com\/index.php\/wp-json\/wp\/v2\/types\/post"}],"author":[{"embeddable":true,"href":"https:\/\/www.mallandmotto.com\/index.php\/wp-json\/wp\/v2\/users\/6"}],"replies":[{"embeddable":true,"href":"https:\/\/www.mallandmotto.com\/index.php\/wp-json\/wp\/v2\/comments?post=1357"}],"version-history":[{"count":1,"href":"https:\/\/www.mallandmotto.com\/index.php\/wp-json\/wp\/v2\/posts\/1357\/revisions"}],"predecessor-version":[{"id":1359,"href":"https:\/\/www.mallandmotto.com\/index.php\/wp-json\/wp\/v2\/posts\/1357\/revisions\/1359"}],"wp:featuredmedia":[{"embeddable":true,"href":"https:\/\/www.mallandmotto.com\/index.php\/wp-json\/wp\/v2\/media\/1358"}],"wp:attachment":[{"href":"https:\/\/www.mallandmotto.com\/index.php\/wp-json\/wp\/v2\/media?parent=1357"}],"wp:term":[{"taxonomy":"category","embeddable":true,"href":"https:\/\/www.mallandmotto.com\/index.php\/wp-json\/wp\/v2\/categories?post=1357"},{"taxonomy":"post_tag","embeddable":true,"href":"https:\/\/www.mallandmotto.com\/index.php\/wp-json\/wp\/v2\/tags?post=1357"}],"curies":[{"name":"wp","href":"https:\/\/api.w.org\/{rel}","templated":true}]}}