{"id":1366,"date":"2025-07-18T07:22:44","date_gmt":"2025-07-18T07:22:44","guid":{"rendered":"https:\/\/www.mallandmotto.com\/?p=1366"},"modified":"2025-07-18T07:22:45","modified_gmt":"2025-07-18T07:22:45","slug":"v-mall-agri-temelini-atti-bolgenin-yeni-yildizi-olmaya-hazirlaniyor","status":"publish","type":"post","link":"https:\/\/www.mallandmotto.com\/index.php\/2025\/07\/18\/v-mall-agri-temelini-atti-bolgenin-yeni-yildizi-olmaya-hazirlaniyor\/","title":{"rendered":"V Mall A\u011fr\u0131 Temelini Att\u0131: B\u00f6lgenin Yeni Y\u0131ld\u0131z\u0131 Olmaya Haz\u0131rlan\u0131yor"},"content":{"rendered":"\n<h3 class=\"wp-block-heading\">\u0130sra Holding\u2019in hayata ge\u00e7irdi\u011fi V Mall A\u011fr\u0131 projesi, konut, otel, ofis ve al\u0131\u015fveri\u015f alanlar\u0131n\u0131 bir araya getiren karma yap\u0131s\u0131yla b\u00f6lgenin sosyal ve ekonomik \u00e7ehresini de\u011fi\u015ftirecek. A\u011fr\u0131 Valisi Mustafa Ko\u00e7\u2019un \u201c\u015fehrin yeni bulu\u015fma noktas\u0131\u201d olarak tan\u0131mlad\u0131\u011f\u0131 proje, turizmden istihdama kadar bir\u00e7ok alanda kalk\u0131nmaya katk\u0131 sunacak.<\/h3>\n\n\n\n<p>Temel atma t\u00f6reninde ko\u00adnu\u015fan A\u011fr\u0131 Valisi Musta\u00adfa Ko\u00e7, V Mall A\u011fr\u0131\u2019n\u0131n, b\u00f6l\u00adge halk\u0131 taraf\u0131ndan heyecanla beklenen bir proje oldu\u011funu ifade etti. Ko\u00e7, \u201cValilik ola\u00adrak \u015fehrimize b\u00fcy\u00fck bir de\u00ad\u011fer katmas\u0131n\u0131 bekledi\u011fimiz V Mall A\u011fr\u0131\u2019n\u0131n bug\u00fcn temelle\u00adrini atm\u0131\u015f bulunuyoruz. \u0130sra Holding taraf\u0131ndan hayata ge\u00ad\u00e7irilecek ve kentimizin sosyal ya\u015fam\u0131na pozitif katk\u0131lar su\u00adnacak olan bu \u00f6zel proje, \u015feh\u00adrin yeni bulu\u015fma noktas\u0131 hali\u00adne gelecek.\u201d diye konu\u015ftu.<\/p>\n\n\n\n<p><strong>B\u00f6lgesel kalk\u0131nmaya katk\u0131 sunacak<\/strong><\/p>\n\n\n\n<p>Projede ya\u015fam alanlar\u0131n\u0131n yan\u0131 s\u0131ra d\u00fcnya markalar\u0131\u00adn\u0131n yer alaca\u011f\u0131 al\u0131\u015fveri\u015f mer\u00adkezinin de bulunaca\u011f\u0131na i\u015fa\u00adret eden Ko\u00e7, \u201cV Mall A\u011fr\u0131, t\u00fcm taleplere yan\u0131t verirken \u00f6nemli ekonomik katk\u0131lar da sa\u011flayacak. B\u00f6lgesel kalk\u0131n\u00admaya direkt katk\u0131lar sunacak olan V Mall A\u011fr\u0131\u2019n\u0131n turizme de pozitif destek sa\u011flayaca\u00ad\u011f\u0131n\u0131 \u00f6ng\u00f6r\u00fcyoruz. Do\u011fu Ana\u00addolu\u2019yla birlikte t\u00fcm b\u00f6lgenin \u00e7ehresi, bu e\u015fsiz projeyle de\u00ad\u011fi\u015fecek. V Mall A\u011fr\u0131, t\u00fcm b\u00f6l\u00adgenin yeni y\u0131ld\u0131z\u0131 olacak.\u201d<\/p>\n\n\n\n<p>V Mall A\u011fr\u0131 projesiyle b\u00f6l\u00adgenin yeni bir y\u00fcze kavu\u015fa\u00adca\u011f\u0131na dikkat \u00e7eken \u0130sra Hol\u00adding Y\u00f6netim Kurulu Ba\u015f\u00adkan\u0131 Abdurrahim Tavl\u0131, \u201cBir Ku\u015fak, Bir Yol Projesi\u201d g\u00fczer\u00adgah\u0131nda yer alan bu yat\u0131r\u0131m, sahip oldu\u011fu karma ya\u015fam konseptiyle b\u00f6lgenin \u00e7ehre\u00adsini de\u011fi\u015ftirecek. Konutlar, ofisler, rezidanslar, otel ve d\u00fcnyaca \u00fcnl\u00fc markalar\u0131n yer alaca\u011f\u0131 al\u0131\u015fveri\u015f merkezinin bulunaca\u011f\u0131 V Mall A\u011fr\u0131, bu\u00adlundu\u011fu lokasyonla birlikte kom\u015fu \u015fehirler ve yak\u0131n b\u00f6l\u00adgelerdeki Azerbaycan, Rusya, Ermenistan, G\u00fcrcistan, \u0130ran gibi \u00fclkelerin de t\u00fcm taleple\u00adrini kar\u015f\u0131layacak. Ekonomik hareketlilik anlam\u0131nda \u00fclke\u00admize ve g\u00fczide \u015fehrimiz A\u011f\u00adr\u0131\u2019ya b\u00fcy\u00fck katk\u0131lar sunacak olan projemiz, istihdama da \u00f6nemli katk\u0131lar sunacak. V Mall A\u011fr\u0131 karma ya\u015fam pro\u00adjesi, her detay\u0131yla A\u011fr\u0131\u2019y\u0131 b\u00f6l\u00adgenin yeni \u00e7ekim merkezi ha\u00adline getirecek.\u201d diye konu\u015ftu.<\/p>\n\n\n\n<p>T\u00fcrkiye\u2019nin her k\u00f6\u015fesin\u00adde s\u00fcrd\u00fcr\u00fclebilir kalk\u0131nma\u00ady\u0131 desteklediklerini belirten ASKON Ba\u015fkan\u0131 Orhan Ay\u00add\u0131n ise t\u00f6rende yapt\u0131\u011f\u0131 konu\u015f\u00admada, \u015funlar\u0131 s\u00f6yledi: \u201cT\u00fcrki\u00adye\u2019nin sa\u011flad\u0131\u011f\u0131 huzur ortam\u0131 sayesinde \u00fclkemizin her b\u00f6l\u00adgesinin kalk\u0131nmas\u0131na y\u00f6ne\u00adlik hizmetlerin gitmesi bizleri son derece memnun etmek\u00adtedir. Bu yat\u0131r\u0131mlar\u0131n daha da \u00e7ok artmas\u0131 ulusal birli\u011fimi\u00adzin daha da g\u00fc\u00e7lenmesi sa\u011f\u00adlayacakt\u0131r. Farkl\u0131l\u0131klar\u0131m\u0131z ancak ve ancak zenginli\u011fimiz olmal\u0131d\u0131r. Bu topraklar\u0131n ve birlikte huzur i\u00e7inde ya\u015fama\u00adn\u0131n \u00f6nemini bilelim hep bir\u00adlikte Ter\u00f6rs\u00fcz T\u00fcrkiye hede\u00adfine sahip \u00e7\u0131kal\u0131m.\u201d<\/p>\n\n\n\n<p><strong>Ziyaret\u00e7ileri destekleyecek<\/strong><\/p>\n\n\n\n<p>\u0130shak Pa\u015fa Saray\u0131, Ahmed-i Hani T\u00fcrbesi, A\u011fr\u0131 Da\u011f\u0131, Nuh\u203aun Gemisi gibi b\u00f6lgenin ana turizm merkezlerini de ziyaret\u00e7ileriyle destekleyecek olan V Mall A\u011fr\u0131, TOBB\u2019un b\u00f6lgede a\u00e7aca\u011f\u0131 yeni g\u00fcmr\u00fck kap\u0131s\u0131yla ticaretin de merkezi haline gelecek. Ayr\u0131ca \u0130brahim \u00c7e\u00e7en \u00dcniversitesi de akademik kadrosu ve \u00f6\u011frenci potansiyeliyle V Mall A\u011fr\u0131\u2019ya katk\u0131 sunmas\u0131 bekleniyor.<\/p>\n","protected":false},"excerpt":{"rendered":"<p>\u0130sra Holding\u2019in hayata ge\u00e7irdi\u011fi V Mall A\u011fr\u0131 projesi, konut, otel, ofis ve al\u0131\u015fveri\u015f alanlar\u0131n\u0131 bir araya getiren karma yap\u0131s\u0131yla b\u00f6lgenin sosyal ve ekonomik \u00e7ehresini de\u011fi\u015ftirecek.&hellip;<\/p>\n","protected":false},"author":6,"featured_media":1367,"comment_status":"open","ping_status":"open","sticky":false,"template":"","format":"standard","meta":{"footnotes":""},"categories":[11],"tags":[],"class_list":["post-1366","post","type-post","status-publish","format-standard","has-post-thumbnail","hentry","category-avm"],"_links":{"self":[{"href":"https:\/\/www.mallandmotto.com\/index.php\/wp-json\/wp\/v2\/posts\/1366","targetHints":{"allow":["GET"]}}],"collection":[{"href":"https:\/\/www.mallandmotto.com\/index.php\/wp-json\/wp\/v2\/posts"}],"about":[{"href":"https:\/\/www.mallandmotto.com\/index.php\/wp-json\/wp\/v2\/types\/post"}],"author":[{"embeddable":true,"href":"https:\/\/www.mallandmotto.com\/index.php\/wp-json\/wp\/v2\/users\/6"}],"replies":[{"embeddable":true,"href":"https:\/\/www.mallandmotto.com\/index.php\/wp-json\/wp\/v2\/comments?post=1366"}],"version-history":[{"count":1,"href":"https:\/\/www.mallandmotto.com\/index.php\/wp-json\/wp\/v2\/posts\/1366\/revisions"}],"predecessor-version":[{"id":1368,"href":"https:\/\/www.mallandmotto.com\/index.php\/wp-json\/wp\/v2\/posts\/1366\/revisions\/1368"}],"wp:featuredmedia":[{"embeddable":true,"href":"https:\/\/www.mallandmotto.com\/index.php\/wp-json\/wp\/v2\/media\/1367"}],"wp:attachment":[{"href":"https:\/\/www.mallandmotto.com\/index.php\/wp-json\/wp\/v2\/media?parent=1366"}],"wp:term":[{"taxonomy":"category","embeddable":true,"href":"https:\/\/www.mallandmotto.com\/index.php\/wp-json\/wp\/v2\/categories?post=1366"},{"taxonomy":"post_tag","embeddable":true,"href":"https:\/\/www.mallandmotto.com\/index.php\/wp-json\/wp\/v2\/tags?post=1366"}],"curies":[{"name":"wp","href":"https:\/\/api.w.org\/{rel}","templated":true}]}}