{"id":1467,"date":"2025-07-18T11:34:19","date_gmt":"2025-07-18T11:34:19","guid":{"rendered":"https:\/\/www.mallandmotto.com\/?p=1467"},"modified":"2025-07-18T11:34:20","modified_gmt":"2025-07-18T11:34:20","slug":"dasdasta-kisa-formun-gucu-kisalar-festivali-basliyor","status":"publish","type":"post","link":"https:\/\/www.mallandmotto.com\/index.php\/2025\/07\/18\/dasdasta-kisa-formun-gucu-kisalar-festivali-basliyor\/","title":{"rendered":"DasDas\u2019ta K\u0131sa Formun G\u00fcc\u00fc: K\u0131salar Festivali Ba\u015fl\u0131yor"},"content":{"rendered":"\n<h3 class=\"wp-block-heading\">12-15 Haziran tarihleri aras\u0131nda ilk kez d\u00fczenlenecek K\u0131salar Festivali, k\u0131sa form sahne sanatlar\u0131na odaklanarak sanat\u00e7\u0131lar i\u00e7in yeni bir payla\u015f\u0131m ve \u00fcretim alan\u0131 yaratmay\u0131 hedefliyor. DasDas\u2019ta ger\u00e7ekle\u015fecek festival, d\u00f6rt g\u00fcn boyunca tiyatrodan dansa, at\u00f6lyelerden panellere dopdolu bir program sunacak.<\/h3>\n\n\n\n<p>Anadolu yakas\u0131n\u0131n k\u00fclt\u00fcr ve sanatta odak noktas\u0131&nbsp;<strong>DasDas<\/strong>,&nbsp;<strong>K\u0131salar Festivali<\/strong>\u2019ne ev sahipli\u011fi yapmaya haz\u0131rlan\u0131yor. K\u0131sa formda \u00fcretilmi\u015f sahne sanatlar\u0131 projelerin yer ald\u0131\u011f\u0131, sanat\u00e7\u0131lar i\u00e7in yeni bir \u00fcretim ve payla\u015f\u0131m alan\u0131 a\u00e7may\u0131 hedefleyen&nbsp;<strong>K\u0131salar Festivali<\/strong>,&nbsp;<strong>12-15 Haziran&nbsp;<\/strong>tarihleri aras\u0131nda&nbsp;<strong>DasDas<\/strong>\u2019ta ger\u00e7ekle\u015fecek.<\/p>\n\n\n\n<p>Kap\u0131lar\u0131n\u0131 a\u00e7t\u0131\u011f\u0131 ilk g\u00fcnden bu zamana kadar bir\u00e7ok tiyatro oyununu, m\u00fczisyeni ve sanat\u00e7\u0131y\u0131 sahnesinde a\u011f\u0131rlayan DasDas, Haziran ay\u0131nda yepyeni bir festivale ev sahipli\u011fi yapacak. Bu sene ilk kez ger\u00e7ekle\u015fecek&nbsp;<strong>K\u0131salar Festivali<\/strong>, k\u0131sa formunun da uzun oyunlar kadar etkileyici ve g\u00fc\u00e7l\u00fc bir anlat\u0131m arac\u0131 olabilece\u011fini g\u00f6stermek, sanat\u00e7\u0131lar i\u00e7in yeni \u00fcretim alanlar\u0131 yaratmak ve sahne sanatlar\u0131 alan\u0131ndaki profesyonelleri bir araya getirmek amac\u0131yla d\u00fczenleniyor.<\/p>\n\n\n\n<p><strong>12-15 Haziran<\/strong>&nbsp;tarihleri aras\u0131nda yap\u0131lacak festivalin bu seneki temalar\u0131&nbsp;<strong>Her Yerde Fa\u015fizm<\/strong>,&nbsp;<strong>G\u00f6\u00e7<\/strong>,&nbsp;<strong>Teknoloji<\/strong>&nbsp;<strong>ve<\/strong>&nbsp;<strong>\u0130leti\u015fimsizlik<\/strong>,&nbsp;<strong>Kent K\u00fclt\u00fcr\u00fc ve \u0130nsan<\/strong>,&nbsp;<strong>\u00c7evresel K\u0131yamet&nbsp;<\/strong>olarak belirlendi. Festivale ba\u015fvurular performans, at\u00f6lye ve yazarl\u0131k olmak \u00fczere \u00fc\u00e7 ayr\u0131 ba\u015fl\u0131k alt\u0131nda kabul ediliyor.<\/p>\n\n\n\n<p>D\u00f6rt g\u00fcn boyunca oyuncular\u0131n, yazarlar\u0131n, y\u00f6netmenlerin, dans\u00e7\u0131lar\u0131n, koreograflar\u0131n ve daha bir\u00e7ok alanda \u00fcretim yapan sanat\u00e7\u0131lar\u0131n bir arada oldu\u011fu, izledikleri \u00fczerine tart\u0131\u015ft\u0131\u011f\u0131, at\u00f6lye \u00e7al\u0131\u015fmalar\u0131yla birlikte \u00fcretti\u011fi ve ger\u00e7ekle\u015ftirilecek panellerde birbirinden \u00f6\u011frenecekleri bir alan a\u00e7may\u0131 planlayan&nbsp;<strong>K\u0131salar Festivali<\/strong>\u2019nin y\u0131l i\u00e7inde b\u00fcy\u00fcyerek ve geli\u015ferek kentin farkl\u0131 noktalar\u0131nda seyirciyle bulu\u015fmas\u0131 en b\u00fcy\u00fck hedefler aras\u0131nda yer al\u0131yor.<\/p>\n","protected":false},"excerpt":{"rendered":"<p>12-15 Haziran tarihleri aras\u0131nda ilk kez d\u00fczenlenecek K\u0131salar Festivali, k\u0131sa form sahne sanatlar\u0131na odaklanarak sanat\u00e7\u0131lar i\u00e7in yeni bir payla\u015f\u0131m ve \u00fcretim alan\u0131 yaratmay\u0131 hedefliyor. DasDas\u2019ta&hellip;<\/p>\n","protected":false},"author":6,"featured_media":1468,"comment_status":"open","ping_status":"open","sticky":false,"template":"","format":"standard","meta":{"footnotes":""},"categories":[22],"tags":[],"class_list":["post-1467","post","type-post","status-publish","format-standard","has-post-thumbnail","hentry","category-kultursanat"],"_links":{"self":[{"href":"https:\/\/www.mallandmotto.com\/index.php\/wp-json\/wp\/v2\/posts\/1467","targetHints":{"allow":["GET"]}}],"collection":[{"href":"https:\/\/www.mallandmotto.com\/index.php\/wp-json\/wp\/v2\/posts"}],"about":[{"href":"https:\/\/www.mallandmotto.com\/index.php\/wp-json\/wp\/v2\/types\/post"}],"author":[{"embeddable":true,"href":"https:\/\/www.mallandmotto.com\/index.php\/wp-json\/wp\/v2\/users\/6"}],"replies":[{"embeddable":true,"href":"https:\/\/www.mallandmotto.com\/index.php\/wp-json\/wp\/v2\/comments?post=1467"}],"version-history":[{"count":1,"href":"https:\/\/www.mallandmotto.com\/index.php\/wp-json\/wp\/v2\/posts\/1467\/revisions"}],"predecessor-version":[{"id":1469,"href":"https:\/\/www.mallandmotto.com\/index.php\/wp-json\/wp\/v2\/posts\/1467\/revisions\/1469"}],"wp:featuredmedia":[{"embeddable":true,"href":"https:\/\/www.mallandmotto.com\/index.php\/wp-json\/wp\/v2\/media\/1468"}],"wp:attachment":[{"href":"https:\/\/www.mallandmotto.com\/index.php\/wp-json\/wp\/v2\/media?parent=1467"}],"wp:term":[{"taxonomy":"category","embeddable":true,"href":"https:\/\/www.mallandmotto.com\/index.php\/wp-json\/wp\/v2\/categories?post=1467"},{"taxonomy":"post_tag","embeddable":true,"href":"https:\/\/www.mallandmotto.com\/index.php\/wp-json\/wp\/v2\/tags?post=1467"}],"curies":[{"name":"wp","href":"https:\/\/api.w.org\/{rel}","templated":true}]}}