{"id":1493,"date":"2025-07-18T12:30:51","date_gmt":"2025-07-18T12:30:51","guid":{"rendered":"https:\/\/www.mallandmotto.com\/?p=1493"},"modified":"2025-07-18T12:30:52","modified_gmt":"2025-07-18T12:30:52","slug":"izmirin-en-populer-alisveris-merkezleri","status":"publish","type":"post","link":"https:\/\/www.mallandmotto.com\/index.php\/2025\/07\/18\/izmirin-en-populer-alisveris-merkezleri\/","title":{"rendered":"\u0130zmir\u2019in En Pop\u00fcler Al\u0131\u015fveri\u015f Merkezleri"},"content":{"rendered":"\n<h3 class=\"wp-block-heading\">Hem al\u0131\u015fveri\u015f hem de sosyal ya\u015fam\u0131n kalbi haline gelen \u0130zmir AVM\u2019leri, sunduklar\u0131 geni\u015f marka se\u00e7enekleri, yeme-i\u00e7me alanlar\u0131 ve etkinlikleriyle \u00f6ne \u00e7\u0131k\u0131yor. \u0130\u015fte \u0130zmir&#8217;de mutlaka u\u011framan\u0131z gereken AVM\u2019ler&#8230;<\/h3>\n\n\n\n<p>Ege\u2019nin incisi \u0130zmir, yaln\u0131zca do\u011fal g\u00fczellikleri ve tarihi dokusuyla de\u011fil, ayn\u0131 zamanda modern al\u0131\u015fveri\u015f merkezleriyle de dikkat \u00e7ekiyor. Hem yerel halk\u0131n hem de turistlerin yo\u011fun ilgi g\u00f6sterdi\u011fi bu AVM\u2019ler; al\u0131\u015fveri\u015ften sinemaya, konserlerden \u00e7ocuk oyun alanlar\u0131na kadar pek \u00e7ok ihtiyaca cevap veriyor. Geni\u015f ma\u011faza yelpazesi, ferah mimarileri ve sosyal ya\u015fam alanlar\u0131yla \u0130zmir\u2019de al\u0131\u015fveri\u015f deneyimini bir \u00fcst seviyeye ta\u015f\u0131yan en iyi AVM\u2019leri sizin i\u00e7in derledik.<\/p>\n\n\n\n<h3 class=\"wp-block-heading\">1.&nbsp;<strong>\u0130stinyePark \u0130zmir<\/strong><\/h3>\n\n\n\n<p>\u0130zmir\u2019in l\u00fcks segmentteki en yeni al\u0131\u015fveri\u015f merkezlerinden biri olan \u0130stinyePark \u0130zmir, d\u00fcnya markalar\u0131n\u0131, se\u00e7kin yeme-i\u00e7me alternatiflerini ve etkileyici mimarisiyle \u00fcst segment bir al\u0131\u015fveri\u015f deneyimi sunuyor. \u00c7e\u015fme Otoyolu \u00fczerinde kolay ula\u015f\u0131m\u0131yla hem \u015fehir i\u00e7inden hem de d\u0131\u015f\u0131ndan gelen ziyaret\u00e7ilerin g\u00f6zdesi.<\/p>\n\n\n\n<figure class=\"wp-block-image size-full is-resized\"><img fetchpriority=\"high\" decoding=\"async\" width=\"800\" height=\"537\" src=\"https:\/\/www.mallandmotto.com\/wp-content\/uploads\/2025\/07\/izmir-mekan-rehberi-istinye-park-izmir-163.webp\" alt=\"\" class=\"wp-image-1494\" style=\"width:443px;height:auto\" srcset=\"https:\/\/www.mallandmotto.com\/wp-content\/uploads\/2025\/07\/izmir-mekan-rehberi-istinye-park-izmir-163.webp 800w, https:\/\/www.mallandmotto.com\/wp-content\/uploads\/2025\/07\/izmir-mekan-rehberi-istinye-park-izmir-163-300x201.webp 300w, https:\/\/www.mallandmotto.com\/wp-content\/uploads\/2025\/07\/izmir-mekan-rehberi-istinye-park-izmir-163-768x516.webp 768w\" sizes=\"(max-width: 800px) 100vw, 800px\" \/><\/figure>\n\n\n\n<h3 class=\"wp-block-heading\">2.&nbsp;<strong>MaviBah\u00e7e AVM<\/strong><\/h3>\n\n\n\n<p>Kar\u015f\u0131yaka\u2019da yer alan MaviBah\u00e7e, deniz manzaras\u0131 ve a\u00e7\u0131k hava konseptiyle dikkat \u00e7ekiyor. Geni\u015f y\u00fcr\u00fcy\u00fc\u015f alanlar\u0131, \u00e7ocuklar i\u00e7in oyun parklar\u0131 ve kafe\/restoran \u00e7e\u015fitlili\u011fi ile ailelerin s\u0131k tercih etti\u011fi AVM\u2019lerden biri. Ayn\u0131 zamanda sinema salonlar\u0131 ve etkinlik alanlar\u0131yla sosyal ya\u015fama da katk\u0131 sa\u011fl\u0131yor.<\/p>\n\n\n\n<figure class=\"wp-block-image size-full is-resized\"><img decoding=\"async\" width=\"500\" height=\"375\" src=\"https:\/\/www.mallandmotto.com\/wp-content\/uploads\/2025\/07\/Mavibahce.jpg\" alt=\"\" class=\"wp-image-1495\" style=\"width:458px;height:auto\" srcset=\"https:\/\/www.mallandmotto.com\/wp-content\/uploads\/2025\/07\/Mavibahce.jpg 500w, https:\/\/www.mallandmotto.com\/wp-content\/uploads\/2025\/07\/Mavibahce-300x225.jpg 300w\" sizes=\"(max-width: 500px) 100vw, 500px\" \/><\/figure>\n\n\n\n<h3 class=\"wp-block-heading\">3.&nbsp;<strong>Forum Bornova<\/strong><\/h3>\n\n\n\n<p>\u0130zmir\u2019in ilk a\u00e7\u0131k hava konseptli al\u0131\u015fveri\u015f merkezi olan Forum Bornova, gen\u00e7lerin u\u011frak noktas\u0131. \u00d6zellikle Ege \u00dcniversitesi\u2019ne yak\u0131nl\u0131\u011f\u0131 nedeniyle \u00f6\u011frencilerin yo\u011fun ilgi g\u00f6sterdi\u011fi AVM, hem pop\u00fcler ma\u011fazalar\u0131 hem de rahat atmosferiyle dikkat \u00e7ekiyor.<\/p>\n\n\n\n<figure class=\"wp-block-image size-large is-resized\"><img decoding=\"async\" width=\"1024\" height=\"576\" src=\"https:\/\/www.mallandmotto.com\/wp-content\/uploads\/2025\/07\/forum-bornova-dis-2.jpg-1024x576.webp\" alt=\"\" class=\"wp-image-1496\" style=\"width:468px;height:auto\" srcset=\"https:\/\/www.mallandmotto.com\/wp-content\/uploads\/2025\/07\/forum-bornova-dis-2.jpg-1024x576.webp 1024w, https:\/\/www.mallandmotto.com\/wp-content\/uploads\/2025\/07\/forum-bornova-dis-2.jpg-300x169.webp 300w, https:\/\/www.mallandmotto.com\/wp-content\/uploads\/2025\/07\/forum-bornova-dis-2.jpg-768x432.webp 768w, https:\/\/www.mallandmotto.com\/wp-content\/uploads\/2025\/07\/forum-bornova-dis-2.jpg.webp 1280w\" sizes=\"(max-width: 1024px) 100vw, 1024px\" \/><\/figure>\n\n\n\n<h3 class=\"wp-block-heading\">4.&nbsp;<strong>Hilltown Kar\u015f\u0131yaka<\/strong><\/h3>\n\n\n\n<p>Modern mimarisi ve geni\u015f sosyal alanlar\u0131yla \u00f6ne \u00e7\u0131kan Hilltown Kar\u015f\u0131yaka, \u0130zmir\u2019in y\u00fckselen al\u0131\u015fveri\u015f noktalar\u0131ndan. L\u00fcks markalar\u0131n yan\u0131 s\u0131ra yeme-i\u00e7me ve e\u011flence alternatifleriyle her ya\u015ftan ziyaret\u00e7iye hitap ediyor.<\/p>\n\n\n\n<figure class=\"wp-block-image size-full is-resized\"><img loading=\"lazy\" decoding=\"async\" width=\"440\" height=\"114\" src=\"https:\/\/www.mallandmotto.com\/wp-content\/uploads\/2025\/07\/Unknown-5.jpeg\" alt=\"\" class=\"wp-image-1497\" style=\"width:498px;height:auto\" srcset=\"https:\/\/www.mallandmotto.com\/wp-content\/uploads\/2025\/07\/Unknown-5.jpeg 440w, https:\/\/www.mallandmotto.com\/wp-content\/uploads\/2025\/07\/Unknown-5-300x78.jpeg 300w\" sizes=\"(max-width: 440px) 100vw, 440px\" \/><\/figure>\n\n\n\n<h3 class=\"wp-block-heading\">5.&nbsp;<strong>Agora AVM<\/strong><\/h3>\n\n\n\n<p>Bal\u00e7ova\u2019da bulunan Agora, hem al\u0131\u015fveri\u015f hem de ya\u015fam merkezi olma iddias\u0131n\u0131 s\u00fcrd\u00fcr\u00fcyor. Y\u0131l boyunca d\u00fczenledi\u011fi etkinliklerle aileleri ve \u00e7ocuklar\u0131 cezbeden AVM, ayn\u0131 zamanda sinema, spor salonu ve \u00e7e\u015fitli kafe-restoran se\u00e7enekleriyle de tercih ediliyor.<\/p>\n\n\n\n<figure class=\"wp-block-image size-large is-resized\"><img loading=\"lazy\" decoding=\"async\" width=\"1024\" height=\"576\" src=\"https:\/\/www.mallandmotto.com\/wp-content\/uploads\/2025\/07\/gora-dis.jpg-1024x576.webp\" alt=\"\" class=\"wp-image-1499\" style=\"width:501px;height:auto\" srcset=\"https:\/\/www.mallandmotto.com\/wp-content\/uploads\/2025\/07\/gora-dis.jpg-1024x576.webp 1024w, https:\/\/www.mallandmotto.com\/wp-content\/uploads\/2025\/07\/gora-dis.jpg-300x169.webp 300w, https:\/\/www.mallandmotto.com\/wp-content\/uploads\/2025\/07\/gora-dis.jpg-768x432.webp 768w, https:\/\/www.mallandmotto.com\/wp-content\/uploads\/2025\/07\/gora-dis.jpg.webp 1280w\" sizes=\"(max-width: 1024px) 100vw, 1024px\" \/><\/figure>\n\n\n\n<h3 class=\"wp-block-heading\">6.&nbsp;<strong>Optimum \u0130zmir<\/strong><\/h3>\n\n\n\n<p>Outlet ma\u011fazalar\u0131yla uygun fiyatl\u0131 al\u0131\u015fveri\u015fin adresi olan Optimum \u0130zmir, Gaziemir\u2019de konumlan\u0131yor. Ula\u015f\u0131m kolayl\u0131\u011f\u0131 ve geni\u015f marka karmas\u0131yla \u00f6zellikle indirim d\u00f6nemlerinde yo\u011fun ilgi g\u00f6r\u00fcyor.<\/p>\n\n\n\n<figure class=\"wp-block-image size-full is-resized\"><img loading=\"lazy\" decoding=\"async\" width=\"300\" height=\"168\" src=\"https:\/\/www.mallandmotto.com\/wp-content\/uploads\/2025\/07\/images.jpeg\" alt=\"\" class=\"wp-image-1501\" style=\"width:465px;height:auto\"\/><\/figure>\n","protected":false},"excerpt":{"rendered":"<p>Hem al\u0131\u015fveri\u015f hem de sosyal ya\u015fam\u0131n kalbi haline gelen \u0130zmir AVM\u2019leri, sunduklar\u0131 geni\u015f marka se\u00e7enekleri, yeme-i\u00e7me alanlar\u0131 ve etkinlikleriyle \u00f6ne \u00e7\u0131k\u0131yor. \u0130\u015fte \u0130zmir&#8217;de mutlaka u\u011framan\u0131z&hellip;<\/p>\n","protected":false},"author":6,"featured_media":1502,"comment_status":"open","ping_status":"open","sticky":false,"template":"","format":"standard","meta":{"footnotes":""},"categories":[27],"tags":[],"class_list":["post-1493","post","type-post","status-publish","format-standard","has-post-thumbnail","hentry","category-mottoozel"],"_links":{"self":[{"href":"https:\/\/www.mallandmotto.com\/index.php\/wp-json\/wp\/v2\/posts\/1493","targetHints":{"allow":["GET"]}}],"collection":[{"href":"https:\/\/www.mallandmotto.com\/index.php\/wp-json\/wp\/v2\/posts"}],"about":[{"href":"https:\/\/www.mallandmotto.com\/index.php\/wp-json\/wp\/v2\/types\/post"}],"author":[{"embeddable":true,"href":"https:\/\/www.mallandmotto.com\/index.php\/wp-json\/wp\/v2\/users\/6"}],"replies":[{"embeddable":true,"href":"https:\/\/www.mallandmotto.com\/index.php\/wp-json\/wp\/v2\/comments?post=1493"}],"version-history":[{"count":1,"href":"https:\/\/www.mallandmotto.com\/index.php\/wp-json\/wp\/v2\/posts\/1493\/revisions"}],"predecessor-version":[{"id":1503,"href":"https:\/\/www.mallandmotto.com\/index.php\/wp-json\/wp\/v2\/posts\/1493\/revisions\/1503"}],"wp:featuredmedia":[{"embeddable":true,"href":"https:\/\/www.mallandmotto.com\/index.php\/wp-json\/wp\/v2\/media\/1502"}],"wp:attachment":[{"href":"https:\/\/www.mallandmotto.com\/index.php\/wp-json\/wp\/v2\/media?parent=1493"}],"wp:term":[{"taxonomy":"category","embeddable":true,"href":"https:\/\/www.mallandmotto.com\/index.php\/wp-json\/wp\/v2\/categories?post=1493"},{"taxonomy":"post_tag","embeddable":true,"href":"https:\/\/www.mallandmotto.com\/index.php\/wp-json\/wp\/v2\/tags?post=1493"}],"curies":[{"name":"wp","href":"https:\/\/api.w.org\/{rel}","templated":true}]}}