{"id":1578,"date":"2025-07-21T07:05:13","date_gmt":"2025-07-21T07:05:13","guid":{"rendered":"https:\/\/www.mallandmotto.com\/?p=1578"},"modified":"2025-07-21T07:05:13","modified_gmt":"2025-07-21T07:05:13","slug":"istanbul-cevahirde-cocuklara-renkli-ve-sinirsiz-eglence","status":"publish","type":"post","link":"https:\/\/www.mallandmotto.com\/index.php\/2025\/07\/21\/istanbul-cevahirde-cocuklara-renkli-ve-sinirsiz-eglence\/","title":{"rendered":"\u0130stanbul Cevahir\u2019de \u00c7ocuklara Renkli ve S\u0131n\u0131rs\u0131z E\u011flence"},"content":{"rendered":"\n<h3 class=\"wp-block-heading\"><strong>Y\u00fczlerce markaya ve s\u0131n\u0131rs\u0131z e\u011flenceye ev sahipli\u011fi yapan \u0130stanbul Cevahir,\u00a0may\u0131s ay\u0131nda da \u00e7ocuklara hayal g\u00fc\u00e7lerini ke\u015ffetme ve e\u011flencenin tad\u0131n\u0131 \u00e7\u0131karma f\u0131rsat\u0131 sunuyor. \u0130stanbul Cevahir\u2019de,\u00a0\u201cYarat\u0131c\u0131l\u0131k Kul\u00fcb\u00fc\u201d etkinlikleri ile\u00a0\u00e7ocuklar, may\u0131s ay\u0131 boyunca yarat\u0131c\u0131l\u0131klar\u0131n\u0131 konu\u015fturacak ve s\u0131n\u0131rs\u0131z e\u011flencenin tad\u0131n\u0131 \u00e7\u0131karacak.<\/strong><\/h3>\n\n\n\n<p>E\u011flenceli aktiviteler ve yarat\u0131c\u0131 at\u00f6lyelerle \u0130stanbul Cevahir, minik ziyaret\u00e7ilerine keyif dolu bir deneyim sunmaya may\u0131s ay\u0131nda da devam edecek.&nbsp;S\u0131n\u0131rs\u0131z e\u011flence ve yarat\u0131c\u0131l\u0131k dolu at\u00f6lyeler \u0130stanbul Cevahir\u2019de miniklere unutulmaz anlar ya\u015fatacak. May\u0131s ay\u0131ndaki \u201cYarat\u0131c\u0131l\u0131k Kul\u00fcb\u00fc\u201d program\u0131 kapsam\u0131nda \u00e7ocuklar; sanat\u00e7\u0131lar, akademisyenler ve e\u011fitimcilerle etkile\u015fimde bulunacak.<\/p>\n\n\n\n<p><strong>\u0130stanbul Cevahir\u2019de \u00c7ocuklara \u0130lham Veren At\u00f6lyeler!<\/strong><\/p>\n\n\n\n<p>\u0130stanbul Cevahir, may\u0131s ay\u0131nda da yarat\u0131c\u0131 at\u00f6lyelerle \u00e7ocuklar\u0131n hayal d\u00fcnyas\u0131n\u0131 renklendirecek. E\u011fitici ve e\u011flenceli at\u00f6lyeler, may\u0131s ay\u0131nda her g\u00fcn \u0130stanbul Cevahir\u2019de miniklerle bulu\u015facak.&nbsp;<\/p>\n\n\n\n<p>Yarat\u0131c\u0131l\u0131k Kul\u00fcb\u00fc\u2019n\u00fcn may\u0131s program\u0131nda; \u201cK\u00fc\u00e7\u00fck Dinozor Tasar\u0131mlar\u0131, Hayalimdeki Oyuncak Ay\u0131, K\u00f6y\u00fcn En G\u00fczel Evi Benim, Anne&amp;\u00c7ocuk Ebru G\u00fcn\u00fc, ATAMIZIN \u0130Z\u0130NDE! Heykel Boyama, Sonsuza Dek Kalbimizde! Ti\u015f\u00f6rt Bask\u0131, Minik Heykeltra\u015f ile Yarat\u0131c\u0131 \u00c7al\u0131\u015fmalar, Ormandan Bir Kesit, Ah\u015fap Desenler ve Renkli Kahvalt\u0131lar\u201d&nbsp;etkinlikleri ger\u00e7ekle\u015fecek.&nbsp;<\/p>\n\n\n\n<p>\u2018Yarat\u0131c\u0131l\u0131k Kul\u00fcb\u00fc\u2019 ba\u015fl\u0131\u011f\u0131 alt\u0131nda&nbsp;etkinlikler d\u00fczenleyen \u0130stanbul Cevahir,&nbsp;<strong>\u201814.30\/15.30\/16.30\/17.30\u2019&nbsp;<\/strong>saatlerinde<strong>&nbsp;<\/strong>e\u011fitici at\u00f6lyelere ev sahipli\u011fi yapacak.<\/p>\n\n\n\n<p>\u0130stanbul Cevahir ev sahipli\u011finde<strong>&nbsp;<\/strong>d\u00fczenlenen<strong>&nbsp;<\/strong>at\u00f6lyelerde oyun alanlar\u0131,&nbsp;<strong>4-11 ya\u015f&nbsp;<\/strong>aral\u0131\u011f\u0131ndaki \u00e7ocuklar\u0131n kullan\u0131m\u0131 i\u00e7in uygun olacak ve&nbsp;<strong>t\u00fcm etkinlikler \u00fccretsiz<\/strong>&nbsp;olarak ger\u00e7ekle\u015ftirilecek.&nbsp;Oyun alan\u0131 her g\u00fcn 11:00 &#8211; 19:00 saatleri aras\u0131nda a\u00e7\u0131k olacak.&nbsp;<\/p>\n\n\n\n<p><strong><u>Yarat\u0131c\u0131l\u0131k Kul\u00fcb\u00fc May\u0131s Program\u0131<\/u><\/strong><\/p>\n\n\n\n<p>3 May\u0131s Cumartesi : K\u00fc\u00e7\u00fck Dinozor Tasar\u0131mlar\u0131<\/p>\n\n\n\n<p>4 May\u0131s Pazar : Hayalimdeki Oyuncak Ay\u0131<\/p>\n\n\n\n<p>10 May\u0131s Cumartesi : K\u00f6y\u00fcn En G\u00fczel Evi Benim<\/p>\n\n\n\n<p>11 May\u0131s Pazar : Anne&amp;\u00c7ocuk Ebru G\u00fcn\u00fc<\/p>\n\n\n\n<p>17 May\u0131s Cumartesi : ATAMIZIN \u0130Z\u0130NDE! Heykel Boyama<\/p>\n\n\n\n<p>18 May\u0131s Pazar : Sonsuza Dek Kalbimizde! Ti\u015f\u00f6rt Bask\u0131<\/p>\n\n\n\n<p>24 May\u0131s Cumartesi : Minik Heykeltra\u015f ile Yarat\u0131c\u0131 \u00c7al\u0131\u015fmalar<\/p>\n\n\n\n<p>25 May\u0131s Pazar : Ormandan Bir Kesit<\/p>\n\n\n\n<p>31 May\u0131s Cumartesi : Ah\u015fap Desenler<\/p>\n\n\n\n<p>1 Haziran Pazar : Renkli Kahvalt\u0131lar<\/p>\n\n\n\n<figure class=\"wp-block-image size-large is-resized\"><img fetchpriority=\"high\" decoding=\"async\" width=\"1024\" height=\"1024\" src=\"https:\/\/www.mallandmotto.com\/wp-content\/uploads\/2025\/07\/1745836808_1200x1200_tr-1024x1024.jpg\" alt=\"\" class=\"wp-image-1580\" style=\"width:455px;height:auto\" srcset=\"https:\/\/www.mallandmotto.com\/wp-content\/uploads\/2025\/07\/1745836808_1200x1200_tr-1024x1024.jpg 1024w, https:\/\/www.mallandmotto.com\/wp-content\/uploads\/2025\/07\/1745836808_1200x1200_tr-300x300.jpg 300w, https:\/\/www.mallandmotto.com\/wp-content\/uploads\/2025\/07\/1745836808_1200x1200_tr-150x150.jpg 150w, https:\/\/www.mallandmotto.com\/wp-content\/uploads\/2025\/07\/1745836808_1200x1200_tr-768x768.jpg 768w, https:\/\/www.mallandmotto.com\/wp-content\/uploads\/2025\/07\/1745836808_1200x1200_tr.jpg 1200w\" sizes=\"(max-width: 1024px) 100vw, 1024px\" \/><\/figure>\n","protected":false},"excerpt":{"rendered":"<p>Y\u00fczlerce markaya ve s\u0131n\u0131rs\u0131z e\u011flenceye ev sahipli\u011fi yapan \u0130stanbul Cevahir,\u00a0may\u0131s ay\u0131nda da \u00e7ocuklara hayal g\u00fc\u00e7lerini ke\u015ffetme ve e\u011flencenin tad\u0131n\u0131 \u00e7\u0131karma f\u0131rsat\u0131 sunuyor. \u0130stanbul Cevahir\u2019de,\u00a0\u201cYarat\u0131c\u0131l\u0131k Kul\u00fcb\u00fc\u201d&hellip;<\/p>\n","protected":false},"author":6,"featured_media":1579,"comment_status":"open","ping_status":"open","sticky":false,"template":"","format":"standard","meta":{"footnotes":""},"categories":[11],"tags":[],"class_list":["post-1578","post","type-post","status-publish","format-standard","has-post-thumbnail","hentry","category-avm"],"_links":{"self":[{"href":"https:\/\/www.mallandmotto.com\/index.php\/wp-json\/wp\/v2\/posts\/1578","targetHints":{"allow":["GET"]}}],"collection":[{"href":"https:\/\/www.mallandmotto.com\/index.php\/wp-json\/wp\/v2\/posts"}],"about":[{"href":"https:\/\/www.mallandmotto.com\/index.php\/wp-json\/wp\/v2\/types\/post"}],"author":[{"embeddable":true,"href":"https:\/\/www.mallandmotto.com\/index.php\/wp-json\/wp\/v2\/users\/6"}],"replies":[{"embeddable":true,"href":"https:\/\/www.mallandmotto.com\/index.php\/wp-json\/wp\/v2\/comments?post=1578"}],"version-history":[{"count":1,"href":"https:\/\/www.mallandmotto.com\/index.php\/wp-json\/wp\/v2\/posts\/1578\/revisions"}],"predecessor-version":[{"id":1581,"href":"https:\/\/www.mallandmotto.com\/index.php\/wp-json\/wp\/v2\/posts\/1578\/revisions\/1581"}],"wp:featuredmedia":[{"embeddable":true,"href":"https:\/\/www.mallandmotto.com\/index.php\/wp-json\/wp\/v2\/media\/1579"}],"wp:attachment":[{"href":"https:\/\/www.mallandmotto.com\/index.php\/wp-json\/wp\/v2\/media?parent=1578"}],"wp:term":[{"taxonomy":"category","embeddable":true,"href":"https:\/\/www.mallandmotto.com\/index.php\/wp-json\/wp\/v2\/categories?post=1578"},{"taxonomy":"post_tag","embeddable":true,"href":"https:\/\/www.mallandmotto.com\/index.php\/wp-json\/wp\/v2\/tags?post=1578"}],"curies":[{"name":"wp","href":"https:\/\/api.w.org\/{rel}","templated":true}]}}