{"id":1582,"date":"2025-07-21T07:15:35","date_gmt":"2025-07-21T07:15:35","guid":{"rendered":"https:\/\/www.mallandmotto.com\/?p=1582"},"modified":"2025-07-21T07:15:36","modified_gmt":"2025-07-21T07:15:36","slug":"lenovo-thinkpad-x1-aura-ile-mobilite-yeniden-tanimlaniyor","status":"publish","type":"post","link":"https:\/\/www.mallandmotto.com\/index.php\/2025\/07\/21\/lenovo-thinkpad-x1-aura-ile-mobilite-yeniden-tanimlaniyor\/","title":{"rendered":"Lenovo ThinkPad X1 Aura ile Mobilite Yeniden Tan\u0131mlan\u0131yor"},"content":{"rendered":"\n<h3 class=\"wp-block-heading\"><strong>Lenovo, profesyonel kullan\u0131c\u0131lar i\u00e7in tasarlad\u0131\u011f\u0131 yeni nesil ThinkPad portf\u00f6y\u00fcn\u00fc tan\u0131tt\u0131. Portf\u00f6yde, ultra hafif tasar\u0131m\u0131, ak\u0131ll\u0131 i\u015f birli\u011fi ara\u00e7lar\u0131 ve \u00fcst\u00fcn ki\u015fiselle\u015ftirme olanaklar\u0131yla \u00f6ne \u00e7\u0131kan yeni ThinkPad X1 Carbon Gen 13 Aura Edition ve ThinkPad X1 2\u2019si 1 Arada Gen 10 Aura Edition modelleri dikkat \u00e7ekiyor.<\/strong><\/h3>\n\n\n\n<p><strong>HERKES&nbsp;<\/strong>i\u00e7in daha ak\u0131ll\u0131 teknoloji sunmaya y\u00f6nelik ad\u0131mlar atan d\u00fcnyan\u0131n en b\u00fcy\u00fck bilgisayar \u015firketi Lenovo, y\u00fcksek performansl\u0131 i\u015flemciler, uzun pil \u00f6mr\u00fc, geli\u015fmi\u015f ba\u011flant\u0131 se\u00e7enekleri ve s\u00fcrd\u00fcr\u00fclebilir tasar\u0131m anlay\u0131\u015f\u0131yla donat\u0131lan yeni cihazlar\u0131n\u0131 tan\u0131tt\u0131. Bu \u00fcr\u00fcnler, profesyonel kullan\u0131c\u0131lar\u0131n \u00fcretkenlik, mobilite ve g\u00fcvenlik ihtiya\u00e7lar\u0131n\u0131 ayn\u0131 cihazda bulu\u015fturuyor.<\/p>\n\n\n\n<p>Yeni ThinkPad X1 Aura Edition serisi, Intel\u00ae Core\u2122 Ultra 200U\/H i\u015flemcileri, y\u00fcksek ekran-g\u00f6vde oranlar\u0131 ve Dolby Atmos\u00ae destekli ses sistemi ile elit profesyoneller i\u00e7in tasarland\u0131. Ki\u015fiselle\u015ftirme, g\u00fcvenlik ve y\u00f6netilebilirlik \u00f6zellikleri Aura deneyimiyle en \u00fcst d\u00fczeye \u00e7\u0131kar\u0131ld\u0131. Ultra hafif yap\u0131s\u0131, ak\u0131ll\u0131 i\u015f birli\u011fi teknolojileri ve AI destekli performans\u0131 sayesinde, profesyonel mobiliteyi yeni bir seviyeye ta\u015f\u0131yor.<\/p>\n\n\n\n<p><strong>Aura\u2019n\u0131n her detay\u0131nda ak\u0131ll\u0131 bir dokunu\u015f var<\/strong><\/p>\n\n\n\n<p>Yeni ThinkPad X1 Carbon Gen 13 Aura Edition ve ThinkPad X1 2\u2019si 1 Arada Gen 10 Aura Edition, Intel\u00ae Core\u2122 Ultra 200U\/H i\u015flemcilerle donat\u0131ld\u0131. Ultra hafif tasar\u0131mlar\u0131, y\u00fcksek ekran-g\u00f6vde oranlar\u0131 ve Dolby Atmos\u00ae destekli ak\u0131ll\u0131 i\u015f birli\u011fi ara\u00e7lar\u0131yla elit kullan\u0131c\u0131lar i\u00e7in tasarland\u0131. Aura Edition deneyimiyle ki\u015fiselle\u015ftirme, g\u00fcvenlik ve y\u00f6netilebilirlik konular\u0131nda da \u00fcst d\u00fczey kontrol sa\u011flan\u0131yor. Her iki model de profesyonel mobiliteye yeni bir standart getiriyor.<\/p>\n\n\n\n<p>ThinkPad X1 Aura Edition, profesyonel kullan\u0131c\u0131lar\u0131n ki\u015fisel tercihleri ve i\u015f al\u0131\u015fkanl\u0131klar\u0131na uyum sa\u011flamak i\u00e7in geli\u015ftirilen \u00f6zel yaz\u0131l\u0131m ve donan\u0131m entegrasyonlar\u0131 sunuyor.<br>Aura deneyiminde,<strong>&nbsp;<\/strong>geli\u015fmi\u015f ki\u015fiselle\u015ftirme ayarlar\u0131 ile kullan\u0131c\u0131lar sistem temas\u0131n\u0131, g\u00fc\u00e7 y\u00f6netimini ve performans modlar\u0131n\u0131 h\u0131zl\u0131ca optimize edebiliyor. Zeka destekli cihaz y\u00f6netimi \u00f6zellikleriyle, pil tasarrufu, termal y\u00f6netim ve kullan\u0131m al\u0131\u015fkanl\u0131klar\u0131na g\u00f6re performans optimizasyonu sa\u011flan\u0131yor. Ki\u015fisel g\u00fcvenlik modlar\u0131, ortam de\u011fi\u015fimine duyarl\u0131 g\u00fcvenlik \u00f6nlemleri (\u00f6rne\u011fin ekrana bakan yabanc\u0131lar\u0131 alg\u0131lama) sunarak veri korumas\u0131n\u0131 art\u0131r\u0131yor. Dinamik ekran ayarlar\u0131ysa \u00e7al\u0131\u015fma ortam\u0131na g\u00f6re renk tonu ve parlakl\u0131\u011f\u0131 otomatik olarak ayarl\u0131yor. Bu ak\u0131ll\u0131 sistemler, kullan\u0131c\u0131 deneyimini ki\u015fiye \u00f6zel hale getirirken ayn\u0131 zamanda \u00fcretkenli\u011fi ve g\u00fcvenli\u011fi maksimum seviyeye ta\u015f\u0131yor.<\/p>\n\n\n\n<p><strong>Profesyoneller i\u00e7in hafif ve g\u00fc\u00e7l\u00fc ThinkPad P serisi<\/strong><\/p>\n\n\n\n<p>Lenovo\u2019nun portf\u00f6y\u00fcndeki en ince ve en hafif mobil i\u015f istasyonu olan ThinkPad P14s Gen 6 AMD, yaln\u0131zca 1.39 kg a\u011f\u0131rl\u0131\u011f\u0131nda ve 16.13 mm inceli\u011finde. Daha b\u00fcy\u00fck ekran ve y\u00fcksek performans isteyenler i\u00e7in ise ThinkPad P16s Gen 4 AMD, 16 in\u00e7lik ekran\u0131 ve \u00fcst\u00fcn donan\u0131m\u0131yla \u00f6ne \u00e7\u0131k\u0131yor. Her iki model de en yeni AMD Ryzen\u2122 AI PRO 300 serisi i\u015flemcilerle donat\u0131ld\u0131. 96 GB&#8217;a kadar bellek, 2 TB\u2019a kadar SSD depolama, AMD Radeon\u2122 890M grafik kart\u0131, Wi-Fi 7 ve opsiyonel 5G ba\u011flant\u0131s\u0131 ile desteklenen bu i\u015f istasyonlar\u0131; m\u00fchendislik, mimarl\u0131k ve yarat\u0131c\u0131 i\u015f ak\u0131\u015flar\u0131n\u0131 maksimum verimle destekliyor. Copilot+ PC olan bu modeller, 82 TOPS\u2019a kadar AI i\u015flem g\u00fcc\u00fc sunarak belge y\u00f6netiminden sanal toplant\u0131lara kadar t\u00fcm s\u00fcre\u00e7lerde yapay zeka asistanlar\u0131yla entegre \u00e7al\u0131\u015f\u0131yor.<\/p>\n\n\n\n<p><strong>Mobil profesyoneller i\u00e7in yenilenen ThinkPad L serisi<\/strong><\/p>\n\n\n\n<p>ThinkPad L13 Gen 6 ve d\u00f6n\u00fc\u015ft\u00fcr\u00fclebilir modeli L13 2\u2019si 1 Arada Gen 6, hem kompakt tasar\u0131m\u0131 hem de %84,7 ekran-g\u00f6vde oran\u0131yla dikkat \u00e7ekiyor. Yeni ileti\u015fim \u00e7ubu\u011fu ve 5MP + IR kamera gibi i\u015f birli\u011fi odakl\u0131 \u00f6zellikler, uzaktan \u00e7al\u0131\u015fan profesyoneller i\u00e7in ideal bir deneyim sunuyor. L13 2&#8217;si 1 Arada modeli ayr\u0131ca yerle\u015fik kalem ile geliyor.<\/p>\n\n\n\n<p>Yeni L Serisi \u00fcr\u00fcnlerde sunulan ThinkPad L14 Gen 6 ise 64 GB\u2019a kadar bellek, 2 TB\u2019a kadar SSD kapasitesi ve 14 in\u00e7 ekran\u0131yla orta seviye i\u015f y\u00fckleri i\u00e7in ideal. ThinkPad L16 Gen 2 de 16 in\u00e7 geni\u015f ekran\u0131 ve g\u00fc\u00e7l\u00fc donan\u0131m\u0131yla b\u00fcy\u00fck ekran tercih edenler i\u00e7in optimize edildi.<\/p>\n\n\n\n<p>T\u00fcm L serisi modeller, Intel Core Ultra 200U\/H serisi veya AMD Ryzen\u2122 AI PRO 300 serisi i\u015flemcilerle tercih edilebiliyor. 50 TOPS\u2019a kadar NPU kapasitesi sayesinde cihaz i\u00e7i AI \u00f6zelliklerinden tam performansla yararlan\u0131labiliyor.<\/p>\n\n\n\n<p><strong>Daha s\u00fcrd\u00fcr\u00fclebilir ve daha g\u00fcvenli<\/strong><\/p>\n\n\n\n<p>Yeni ThinkPad portf\u00f6y\u00fc, kullan\u0131c\u0131 deneyimini ve \u00e7evresel sorumlulu\u011fu \u00f6n planda tutan bir dizi yenilik sunuyor. Bunlar; plastiksiz ambalajlar ve geri d\u00f6n\u00fc\u015ft\u00fcr\u00fclm\u00fc\u015f materyaller, Dolby Atmos\u00ae ses, Elevoc\u00ae g\u00fcr\u00fclt\u00fc engelleme, Lenovo View ve Commercial Vantage yaz\u0131l\u0131mlar\u0131yla AI destekli g\u00f6r\u00fcnt\u00fcl\u00fc g\u00f6r\u00fc\u015fme ve cihaz y\u00f6netimi ve ThinkShield ile kurumsal d\u00fczeyde g\u00fcvenlik.<\/p>\n","protected":false},"excerpt":{"rendered":"<p>Lenovo, profesyonel kullan\u0131c\u0131lar i\u00e7in tasarlad\u0131\u011f\u0131 yeni nesil ThinkPad portf\u00f6y\u00fcn\u00fc tan\u0131tt\u0131. Portf\u00f6yde, ultra hafif tasar\u0131m\u0131, ak\u0131ll\u0131 i\u015f birli\u011fi ara\u00e7lar\u0131 ve \u00fcst\u00fcn ki\u015fiselle\u015ftirme olanaklar\u0131yla \u00f6ne \u00e7\u0131kan yeni&hellip;<\/p>\n","protected":false},"author":6,"featured_media":1583,"comment_status":"open","ping_status":"open","sticky":false,"template":"","format":"standard","meta":{"footnotes":""},"categories":[12],"tags":[],"class_list":["post-1582","post","type-post","status-publish","format-standard","has-post-thumbnail","hentry","category-perakende"],"_links":{"self":[{"href":"https:\/\/www.mallandmotto.com\/index.php\/wp-json\/wp\/v2\/posts\/1582","targetHints":{"allow":["GET"]}}],"collection":[{"href":"https:\/\/www.mallandmotto.com\/index.php\/wp-json\/wp\/v2\/posts"}],"about":[{"href":"https:\/\/www.mallandmotto.com\/index.php\/wp-json\/wp\/v2\/types\/post"}],"author":[{"embeddable":true,"href":"https:\/\/www.mallandmotto.com\/index.php\/wp-json\/wp\/v2\/users\/6"}],"replies":[{"embeddable":true,"href":"https:\/\/www.mallandmotto.com\/index.php\/wp-json\/wp\/v2\/comments?post=1582"}],"version-history":[{"count":1,"href":"https:\/\/www.mallandmotto.com\/index.php\/wp-json\/wp\/v2\/posts\/1582\/revisions"}],"predecessor-version":[{"id":1584,"href":"https:\/\/www.mallandmotto.com\/index.php\/wp-json\/wp\/v2\/posts\/1582\/revisions\/1584"}],"wp:featuredmedia":[{"embeddable":true,"href":"https:\/\/www.mallandmotto.com\/index.php\/wp-json\/wp\/v2\/media\/1583"}],"wp:attachment":[{"href":"https:\/\/www.mallandmotto.com\/index.php\/wp-json\/wp\/v2\/media?parent=1582"}],"wp:term":[{"taxonomy":"category","embeddable":true,"href":"https:\/\/www.mallandmotto.com\/index.php\/wp-json\/wp\/v2\/categories?post=1582"},{"taxonomy":"post_tag","embeddable":true,"href":"https:\/\/www.mallandmotto.com\/index.php\/wp-json\/wp\/v2\/tags?post=1582"}],"curies":[{"name":"wp","href":"https:\/\/api.w.org\/{rel}","templated":true}]}}