{"id":1803,"date":"2025-07-22T07:48:15","date_gmt":"2025-07-22T07:48:15","guid":{"rendered":"https:\/\/www.mallandmotto.com\/?p=1803"},"modified":"2025-07-22T07:48:16","modified_gmt":"2025-07-22T07:48:16","slug":"penelope-zorluda-deneyimsel-magaza-konseptiyle-yenilendi","status":"publish","type":"post","link":"https:\/\/www.mallandmotto.com\/index.php\/2025\/07\/22\/penelope-zorluda-deneyimsel-magaza-konseptiyle-yenilendi\/","title":{"rendered":"Penelope Zorlu\u2019da Deneyimsel Ma\u011faza Konseptiyle Yenilendi"},"content":{"rendered":"\n<h3 class=\"wp-block-heading\">Lunapark Creative Works imzas\u0131 ta\u015f\u0131yan yeni ma\u011faza, Penelope\u2019nin uyku ve ya\u015fam deneyimini mimariyle bulu\u015fturuyor. \u201cTasar\u0131m\u0131n senfonisi\u201d yakla\u015f\u0131m\u0131yla hayata ge\u00e7irilen konsept, markan\u0131n \u00e7a\u011fda\u015f kimli\u011fini zarif bir mek\u00e2na d\u00f6n\u00fc\u015ft\u00fcr\u00fcyor.<\/h3>\n\n\n\n<p>Penelope\u2019nin Zorlu AVM\u2019deki yeni ma\u011faza konsepti, markan\u0131n vizyonunu deneyimsel mimariyle bulu\u015fturan bir tasar\u0131m anlay\u0131\u015f\u0131yla \u015fekillendi. Lunapark Creative Works, bu d\u00f6n\u00fc\u015f\u00fcmde stratejiden uygulamaya kadar t\u00fcm yarat\u0131c\u0131 s\u00fcreci b\u00fct\u00fcnc\u00fcl bir yakla\u015f\u0131mla kurgulad\u0131.<\/p>\n\n\n\n<p>Konsept, yaln\u0131zca bir sat\u0131\u015f noktas\u0131 de\u011fil, m\u00fc\u015fteriye ki\u015fiselle\u015ftirilmi\u015f bir <strong>uyku deneyimi sunan \u201cya\u015fam alan\u0131\u201d<\/strong> olarak tasarland\u0131. <strong>Penelope i\u00e7in geli\u015ftirilen <\/strong><strong>ma\u011faza konsepti<\/strong>, ziyaret\u00e7iye yaln\u0131zca \u00fcr\u00fcn de\u011fil, kapsaml\u0131 bir ya\u015fam deneyimi sunmay\u0131 ama\u00e7layan \u00f6zg\u00fcn bir kurguya sahip.<\/p>\n\n\n\n<p>Tasar\u0131m, <strong>Sleepology<\/strong>, <strong>Bed Anatomy<\/strong> ve <strong>Lifestyle<\/strong> ba\u015fl\u0131klar\u0131 etraf\u0131nda \u015fekillendirildi. Bu yakla\u015f\u0131m sayesinde ma\u011faza i\u00e7erisinde sezgisel bir y\u00f6n bulma ak\u0131\u015f\u0131 sa\u011flan\u0131rken, ziyaret\u00e7iler her bir alanda farkl\u0131 bir hikayeye ad\u0131m at\u0131yor.<\/p>\n\n\n\n<p>Bu deneyimin arkas\u0131nda, Lunapark Creative Works\u2019\u00fcn farkl\u0131 disiplinleri ortak bir vizyonda bulu\u015fturan <strong>kreatif sistem yakla\u015f\u0131m\u0131<\/strong> yer al\u0131yor.<\/p>\n\n\n\n<p>Lunapark Creative Works bu b\u00fct\u00fcnl\u00fc\u011f\u00fc, \u201c<strong>tasar\u0131m\u0131n senfonisi<\/strong>\u201d olarak tan\u0131ml\u0131yor: mimari, grafik, i\u00e7erik ve malzeme dili; her biri kendi sesini korurken, ayn\u0131 duygusal t\u0131n\u0131y\u0131 yans\u0131t\u0131yor.<\/p>\n\n\n\n<p>Proje boyunca her tasar\u0131m karar\u0131, kullan\u0131c\u0131 deneyimini merkeze alan b\u00fct\u00fcnc\u00fcl bir yakla\u015f\u0131mla \u015fekillendirildi. Detaylara g\u00f6sterilen \u00f6zen ve disiplinler aras\u0131 ekip \u00e7al\u0131\u015fmas\u0131 ile markaya \u00f6zg\u00fc duygusal ve i\u015flevsel bir mekan deneyimi ortaya koyuyor.<\/p>\n\n\n\n<p>Cephede kullan\u0131lan beyaz tonlar ve sade logo uygulamas\u0131, Penelope\u2019nin minimal ve \u00e7a\u011fda\u015f kimli\u011fini yans\u0131t\u0131rken; i\u00e7 mek\u00e2nda tercih edilen do\u011fal malzemeler, yumu\u015fak formlar ve dengeli renk paleti, markaya zarif ve se\u00e7kin bir atmosfer kazand\u0131r\u0131yor.<\/p>\n\n\n\n<p>Penelope\u2019nin Zorlu AVM ma\u011fazas\u0131, <strong>Lunapark Creative Works\u2019\u00fcn<\/strong> tasar\u0131m\u0131 <strong>stratejik bir de\u011fere d\u00f6n\u00fc\u015ft\u00fcrme anlay\u0131\u015f\u0131n\u0131<\/strong> temsil eden g\u00fcncel projelerinden biri.<\/p>\n\n\n\n<p>Her marka i\u00e7in \u00f6zg\u00fcn tasar\u0131m yolculuklar\u0131 kurgulayan <strong>Lunapark Creative Works,<\/strong> perakende deneyimini yaln\u0131zca bir mekan de\u011fil; b\u00fct\u00fcnsel bir marka ifadesine d\u00f6n\u00fc\u015fen bir alan olarak yeniden tan\u0131ml\u0131yor.<\/p>\n","protected":false},"excerpt":{"rendered":"<p>Lunapark Creative Works imzas\u0131 ta\u015f\u0131yan yeni ma\u011faza, Penelope\u2019nin uyku ve ya\u015fam deneyimini mimariyle bulu\u015fturuyor. \u201cTasar\u0131m\u0131n senfonisi\u201d yakla\u015f\u0131m\u0131yla hayata ge\u00e7irilen konsept, markan\u0131n \u00e7a\u011fda\u015f kimli\u011fini zarif bir&hellip;<\/p>\n","protected":false},"author":6,"featured_media":1804,"comment_status":"open","ping_status":"open","sticky":false,"template":"","format":"standard","meta":{"footnotes":""},"categories":[12],"tags":[],"class_list":["post-1803","post","type-post","status-publish","format-standard","has-post-thumbnail","hentry","category-perakende"],"_links":{"self":[{"href":"https:\/\/www.mallandmotto.com\/index.php\/wp-json\/wp\/v2\/posts\/1803","targetHints":{"allow":["GET"]}}],"collection":[{"href":"https:\/\/www.mallandmotto.com\/index.php\/wp-json\/wp\/v2\/posts"}],"about":[{"href":"https:\/\/www.mallandmotto.com\/index.php\/wp-json\/wp\/v2\/types\/post"}],"author":[{"embeddable":true,"href":"https:\/\/www.mallandmotto.com\/index.php\/wp-json\/wp\/v2\/users\/6"}],"replies":[{"embeddable":true,"href":"https:\/\/www.mallandmotto.com\/index.php\/wp-json\/wp\/v2\/comments?post=1803"}],"version-history":[{"count":1,"href":"https:\/\/www.mallandmotto.com\/index.php\/wp-json\/wp\/v2\/posts\/1803\/revisions"}],"predecessor-version":[{"id":1805,"href":"https:\/\/www.mallandmotto.com\/index.php\/wp-json\/wp\/v2\/posts\/1803\/revisions\/1805"}],"wp:featuredmedia":[{"embeddable":true,"href":"https:\/\/www.mallandmotto.com\/index.php\/wp-json\/wp\/v2\/media\/1804"}],"wp:attachment":[{"href":"https:\/\/www.mallandmotto.com\/index.php\/wp-json\/wp\/v2\/media?parent=1803"}],"wp:term":[{"taxonomy":"category","embeddable":true,"href":"https:\/\/www.mallandmotto.com\/index.php\/wp-json\/wp\/v2\/categories?post=1803"},{"taxonomy":"post_tag","embeddable":true,"href":"https:\/\/www.mallandmotto.com\/index.php\/wp-json\/wp\/v2\/tags?post=1803"}],"curies":[{"name":"wp","href":"https:\/\/api.w.org\/{rel}","templated":true}]}}