{"id":1854,"date":"2025-07-22T09:33:48","date_gmt":"2025-07-22T09:33:48","guid":{"rendered":"https:\/\/www.mallandmotto.com\/?p=1854"},"modified":"2025-07-22T09:33:57","modified_gmt":"2025-07-22T09:33:57","slug":"parkcity-avm-yeniden-aciliyor","status":"publish","type":"post","link":"https:\/\/www.mallandmotto.com\/index.php\/2025\/07\/22\/parkcity-avm-yeniden-aciliyor\/","title":{"rendered":"ParkCity AVM Yeniden A\u00e7\u0131l\u0131yor"},"content":{"rendered":"\n<h3 class=\"wp-block-heading\">Sivas Belediye Ba\u015fkan\u0131 Uzun, m\u00fclk sahibi Hakan \u00dcnalm\u0131\u015fer ile birlikte inceledi\u011fi ParkCity AVM projesinin, b\u00f6lgeye de\u011fer kataca\u011f\u0131n\u0131 ve belediyeye ait bir kurs merkeziyle desteklenece\u011fini duyurdu.<\/h3>\n\n\n\n<p>M\u00fclkiyet sahibi Hakan \u00dcnalm\u0131\u015fer ile AVM\u2019yi gezen Ba\u015fkan\u0131m\u0131z Uzun, b\u00f6lgenin \u00f6nemli bir sorununu \u00e7\u00f6zmeyi hedeflediklerini belirtti. Uzun, ayr\u0131ca alan i\u00e7erisinde Belediyemize ait bir kurs merkezi a\u00e7\u0131laca\u011f\u0131n\u0131 m\u00fcjdeledi.<\/p>\n\n\n\n<p>Proje ile ParkCity AVM\u2019yi yeniden faaliyete ge\u00e7irerek b\u00f6lgeye de\u011fer katmak ve Sivas\u2019a yeni bir al\u0131\u015fveri\u015f ve sosyal ya\u015fam alan\u0131 kazand\u0131rmak ama\u00e7lan\u0131yor.<\/p>\n\n\n\n<p><\/p>\n","protected":false},"excerpt":{"rendered":"<p>Sivas Belediye Ba\u015fkan\u0131 Uzun, m\u00fclk sahibi Hakan \u00dcnalm\u0131\u015fer ile birlikte inceledi\u011fi ParkCity AVM projesinin, b\u00f6lgeye de\u011fer kataca\u011f\u0131n\u0131 ve belediyeye ait bir kurs merkeziyle desteklenece\u011fini duyurdu.&hellip;<\/p>\n","protected":false},"author":6,"featured_media":1855,"comment_status":"open","ping_status":"open","sticky":false,"template":"","format":"standard","meta":{"footnotes":""},"categories":[11],"tags":[],"class_list":["post-1854","post","type-post","status-publish","format-standard","has-post-thumbnail","hentry","category-avm"],"_links":{"self":[{"href":"https:\/\/www.mallandmotto.com\/index.php\/wp-json\/wp\/v2\/posts\/1854","targetHints":{"allow":["GET"]}}],"collection":[{"href":"https:\/\/www.mallandmotto.com\/index.php\/wp-json\/wp\/v2\/posts"}],"about":[{"href":"https:\/\/www.mallandmotto.com\/index.php\/wp-json\/wp\/v2\/types\/post"}],"author":[{"embeddable":true,"href":"https:\/\/www.mallandmotto.com\/index.php\/wp-json\/wp\/v2\/users\/6"}],"replies":[{"embeddable":true,"href":"https:\/\/www.mallandmotto.com\/index.php\/wp-json\/wp\/v2\/comments?post=1854"}],"version-history":[{"count":2,"href":"https:\/\/www.mallandmotto.com\/index.php\/wp-json\/wp\/v2\/posts\/1854\/revisions"}],"predecessor-version":[{"id":1857,"href":"https:\/\/www.mallandmotto.com\/index.php\/wp-json\/wp\/v2\/posts\/1854\/revisions\/1857"}],"wp:featuredmedia":[{"embeddable":true,"href":"https:\/\/www.mallandmotto.com\/index.php\/wp-json\/wp\/v2\/media\/1855"}],"wp:attachment":[{"href":"https:\/\/www.mallandmotto.com\/index.php\/wp-json\/wp\/v2\/media?parent=1854"}],"wp:term":[{"taxonomy":"category","embeddable":true,"href":"https:\/\/www.mallandmotto.com\/index.php\/wp-json\/wp\/v2\/categories?post=1854"},{"taxonomy":"post_tag","embeddable":true,"href":"https:\/\/www.mallandmotto.com\/index.php\/wp-json\/wp\/v2\/tags?post=1854"}],"curies":[{"name":"wp","href":"https:\/\/api.w.org\/{rel}","templated":true}]}}