{"id":1945,"date":"2025-07-23T06:08:27","date_gmt":"2025-07-23T06:08:27","guid":{"rendered":"https:\/\/www.mallandmotto.com\/?p=1945"},"modified":"2025-07-23T06:08:28","modified_gmt":"2025-07-23T06:08:28","slug":"temmuzda-caz-coskusu-bodrumda","status":"publish","type":"post","link":"https:\/\/www.mallandmotto.com\/index.php\/2025\/07\/23\/temmuzda-caz-coskusu-bodrumda\/","title":{"rendered":"Temmuz\u2019da Caz Co\u015fkusu Bodrum\u2019da"},"content":{"rendered":"\n<h3 class=\"wp-block-heading\"><strong>Bodrum\u2019un yaz ak\u015famlar\u0131n\u0131 caz\u0131n b\u00fcy\u00fcleyici ezgileriyle ta\u00e7land\u0131ran Pera 77 Pop-Up Bodrum Jazz Geceleri, temmuz ay\u0131nda da dopdolu bir programla m\u00fczikseverleri a\u011f\u0131rlamaya devam ediyor. The Marmara Bodrum\u2019un e\u015fsiz atmosferinde ger\u00e7ekle\u015fen bu \u00f6zel konser serisi, her hafta se\u00e7kin caz sanat\u00e7\u0131lar\u0131n\u0131 sahnesinde konuk ederek ilham veren bir m\u00fczik deneyimi sunuyor.<\/strong><\/h3>\n\n\n\n<p>Haziran ay\u0131nda Seran Bilgili\u2019nin unutulmaz performans\u0131yla ba\u015flayan bu m\u00fczikal yolculuk, temmuz ay\u0131nda soul, funk, swing ve modern caz\u0131n \u00f6ne \u00e7\u0131kan isimleriyle devam ediyor. G\u00fc\u00e7l\u00fc vokallerin ve etkileyici enstr\u00fcmantal performanslar\u0131n bulu\u015ftu\u011fu bu gecelerde, caz sadece dinlenen de\u011fil, hissedilen bir deneyime d\u00f6n\u00fc\u015f\u00fcyor.<\/p>\n\n\n\n<p>Temmuz ay\u0131 program\u0131nda sahne alacak sanat\u00e7\u0131lar aras\u0131nda; modern caz\u0131n dikkat \u00e7eken sesi \u0130pek Din\u00e7, duygusal trompet t\u0131n\u0131s\u0131yla izleyiciyi derinden etkileyen A\u015fk\u0131n Nur Sunan, gen\u00e7 caz sahnesinin parlayan y\u0131ld\u0131zlar\u0131ndan Serra Erko\u00e7, caz klasiklerine taze bir yorum getiren Gamze Sarg\u0131n ve enerjik performanslar\u0131yla tan\u0131nan Seran Bilgi yer al\u0131yor. Her sanat\u00e7\u0131, kendi tarz\u0131n\u0131 sahneye ta\u015f\u0131yarak Pera 77 gecelerine benzersiz bir renk kat\u0131yor.<\/p>\n\n\n\n<p>Konserler, Bodrum\u2019un etkileyici g\u00fcn bat\u0131m\u0131 manzaras\u0131 e\u015fli\u011finde, The Marmara Bodrum\u2019un teras kat\u0131nda konumlanan butik sahne Pera 77\u2019de ger\u00e7ekle\u015fiyor. Do\u011fal g\u00fczelliklerin ve sofistike mimarinin cazla bulu\u015ftu\u011fu bu \u00f6zel ortamda m\u00fczik, unutulmaz bir yaz an\u0131s\u0131na d\u00f6n\u00fc\u015f\u00fcyor.<\/p>\n\n\n\n<p>Temmuz ay\u0131 boyunca her pazar ak\u015fam\u0131 ger\u00e7ekle\u015fecek konser serisine t\u00fcm caz tutkunlar\u0131 davetlidir.<\/p>\n","protected":false},"excerpt":{"rendered":"<p>Bodrum\u2019un yaz ak\u015famlar\u0131n\u0131 caz\u0131n b\u00fcy\u00fcleyici ezgileriyle ta\u00e7land\u0131ran Pera 77 Pop-Up Bodrum Jazz Geceleri, temmuz ay\u0131nda da dopdolu bir programla m\u00fczikseverleri a\u011f\u0131rlamaya devam ediyor. The Marmara&hellip;<\/p>\n","protected":false},"author":6,"featured_media":1946,"comment_status":"open","ping_status":"open","sticky":false,"template":"","format":"standard","meta":{"footnotes":""},"categories":[24],"tags":[],"class_list":["post-1945","post","type-post","status-publish","format-standard","has-post-thumbnail","hentry","category-turizm"],"_links":{"self":[{"href":"https:\/\/www.mallandmotto.com\/index.php\/wp-json\/wp\/v2\/posts\/1945","targetHints":{"allow":["GET"]}}],"collection":[{"href":"https:\/\/www.mallandmotto.com\/index.php\/wp-json\/wp\/v2\/posts"}],"about":[{"href":"https:\/\/www.mallandmotto.com\/index.php\/wp-json\/wp\/v2\/types\/post"}],"author":[{"embeddable":true,"href":"https:\/\/www.mallandmotto.com\/index.php\/wp-json\/wp\/v2\/users\/6"}],"replies":[{"embeddable":true,"href":"https:\/\/www.mallandmotto.com\/index.php\/wp-json\/wp\/v2\/comments?post=1945"}],"version-history":[{"count":1,"href":"https:\/\/www.mallandmotto.com\/index.php\/wp-json\/wp\/v2\/posts\/1945\/revisions"}],"predecessor-version":[{"id":1947,"href":"https:\/\/www.mallandmotto.com\/index.php\/wp-json\/wp\/v2\/posts\/1945\/revisions\/1947"}],"wp:featuredmedia":[{"embeddable":true,"href":"https:\/\/www.mallandmotto.com\/index.php\/wp-json\/wp\/v2\/media\/1946"}],"wp:attachment":[{"href":"https:\/\/www.mallandmotto.com\/index.php\/wp-json\/wp\/v2\/media?parent=1945"}],"wp:term":[{"taxonomy":"category","embeddable":true,"href":"https:\/\/www.mallandmotto.com\/index.php\/wp-json\/wp\/v2\/categories?post=1945"},{"taxonomy":"post_tag","embeddable":true,"href":"https:\/\/www.mallandmotto.com\/index.php\/wp-json\/wp\/v2\/tags?post=1945"}],"curies":[{"name":"wp","href":"https:\/\/api.w.org\/{rel}","templated":true}]}}