{"id":2135,"date":"2025-07-24T07:43:49","date_gmt":"2025-07-24T07:43:49","guid":{"rendered":"https:\/\/www.mallandmotto.com\/?p=2135"},"modified":"2025-07-25T08:54:06","modified_gmt":"2025-07-25T08:54:06","slug":"aris-pirlantadan-kupaya-ozel-odul","status":"publish","type":"post","link":"https:\/\/www.mallandmotto.com\/index.php\/2025\/07\/24\/aris-pirlantadan-kupaya-ozel-odul\/","title":{"rendered":"Ari\u015f P\u0131rlanta\u2019dan Kupaya \u00d6zel \u00d6d\u00fcl"},"content":{"rendered":"\n<h3 class=\"wp-block-heading\"><strong>Ari\u015f P\u0131rlanta, \u0130stanbul Atl\u0131 Spor Kul\u00fcb\u00fc taraf\u0131ndan d\u00fczenlenen IASK Nuri O\u011flak\u00e7\u0131 Kupas\u0131 m\u00fcsabakalar\u0131 aras\u0131nda yer alan \u201cMelahat Aksel Kad\u0131nlar Kupas\u0131\u201d birincisi Hatice B\u00fc\u015fra \u0130p\u015firli \u2018ye \u00e7ok \u00f6zel bir \u00f6d\u00fcl verdi. Ari\u015f P\u0131rlanta kad\u0131nlar\u0131n g\u00fcc\u00fcn\u00fc ve zarafetini temsil eden projelerinde yer almaya ve onarlar\u0131n ilham verici hikayelerine \u0131\u015f\u0131lt\u0131lar\u0131 ile e\u015flik etmeye devam ediyor.<\/strong><br><br><\/h3>\n\n\n\n<p>\u0130stanbul Atl\u0131 Spor Kul\u00fcb\u00fc taraf\u0131ndan d\u00fczenlenen IASK Nuri O\u011flak\u00e7\u0131 Kupas\u0131 m\u00fcsabakalar\u0131 aras\u0131nda yer alan ilk kad\u0131n milli binicimiz Melahat Aksel an\u0131s\u0131na d\u00fczenlenen ve sadece kad\u0131nlar\u0131n kat\u0131l\u0131m\u0131yla ger\u00e7ekle\u015fen geleneksel \u201cMelahat Aksel Kad\u0131nlar Kupas\u0131\u201d ger\u00e7ekle\u015fti.&nbsp;<\/p>\n\n\n\n<p>&nbsp;Ari\u015f P\u0131rlanta taraf\u0131ndan \u00f6zel olarak tasarlanan asaletin, g\u00fcc\u00fcn ve \u00f6zg\u00fcrl\u00fc\u011f\u00fcn sembol\u00fc olan \u201cP\u0131rlantal\u0131 At Kolye\u201d \u00f6d\u00fcl\u00fc 125 cm y\u00fcksekli\u011findeki barajl\u0131 kupas\u0131n\u0131 kazanan Hatice B\u00fc\u015fra \u0130p\u015firli \u2018ye Ari\u015f P\u0131rlanta Y\u00f6netim Kurulu Ba\u015fkan\u0131 Kerim G\u00fczeli\u015f taraf\u0131ndan takdim edildi.&nbsp;<\/p>\n\n\n\n<p><strong>Zarafet ve I\u015f\u0131kla Bulu\u015fan \u201cAt Fig\u00fcrl\u00fc Kolye\u201d<\/strong><\/p>\n\n\n\n<p>Ari\u015f P\u0131rlanta tasar\u0131mc\u0131lar\u0131n\u0131n \u00f6zel olarak haz\u0131rlad\u0131\u011f\u0131, asaleti, \u00f6zg\u00fcrl\u00fc\u011f\u00fc ve g\u00fcc\u00fc simgeleyen at fig\u00fcrl\u00fc kolye, sevginin evrensel sembol\u00fc kalp ile bulu\u015farak zarafeti yans\u0131t\u0131yor. \u0130nce i\u015f\u00e7ilikle tasarlanm\u0131\u015f \u00f6zel tasar\u0131m kolyede yer alan kalp \u015fekli sevginin g\u00fcc\u00fcn\u00fc anlat\u0131rken, at kafas\u0131 motifi asil ruhlar\u0131 ve \u00f6zg\u00fcr kalpleri yans\u0131tarak p\u0131rlantan\u0131n \u0131\u015f\u0131lt\u0131 ise hayat buluyor. \u0130hti\u015fam\u0131n ve asil duru\u015fun zarif temsili olan p\u0131rlantal\u0131 at kafas\u0131 motifi, kalp formunun i\u00e7inde g\u00f6z al\u0131c\u0131 bir \u015fekilde yerini al\u0131yor. Bu \u00f6zel tasar\u0131m kolye, yaln\u0131zca tak\u0131 de\u011fil, ayn\u0131 zamanda ya\u015fam boyu devam eden hayat tarz\u0131n\u0131z\u0131n imzas\u0131 da oluyor.<\/p>\n\n\n\n<p><strong>Kusursuz \u0130\u015f\u00e7ilik<\/strong><\/p>\n\n\n\n<p>Usta zanaatk\u00e2rl\u0131\u011f\u0131n ve kusursuz i\u015f\u00e7ili\u011fin birle\u015fimiyle hayat bulan bu nadide par\u00e7a, \u0131\u015f\u0131lt\u0131s\u0131n\u0131 se\u00e7kin p\u0131rlantalardan al\u0131rken, \u00f6zg\u00fcrl\u00fc\u011f\u00fcn ve g\u00fcc\u00fcn sembol\u00fc at fig\u00fcr\u00fcyle karakterinize anlam kat\u0131yor. Kalp k\u0131vr\u0131m\u0131 ise, sevginin estetikle bulu\u015ftu\u011fu noktay\u0131 temsil ediyor. Ari\u015f P\u0131rlanta, bu e\u015fsiz kolyeyi prestij, zarafet ve derin anlamlar\u0131 tek bir tasar\u0131mda bulu\u015fturarak, \u00f6zel anlar\u0131n\u0131 ta\u00e7land\u0131rmak ve stilini \u00f6n plana \u00e7\u0131karmak isteyenler i\u00e7in \u00f6zel olarak tasarlad\u0131.<\/p>\n","protected":false},"excerpt":{"rendered":"<p>Ari\u015f P\u0131rlanta, \u0130stanbul Atl\u0131 Spor Kul\u00fcb\u00fc taraf\u0131ndan d\u00fczenlenen IASK Nuri O\u011flak\u00e7\u0131 Kupas\u0131 m\u00fcsabakalar\u0131 aras\u0131nda yer alan \u201cMelahat Aksel Kad\u0131nlar Kupas\u0131\u201d birincisi Hatice B\u00fc\u015fra \u0130p\u015firli \u2018ye&hellip;<\/p>\n","protected":false},"author":6,"featured_media":2136,"comment_status":"open","ping_status":"open","sticky":false,"template":"","format":"standard","meta":{"footnotes":""},"categories":[1],"tags":[],"class_list":["post-2135","post","type-post","status-publish","format-standard","has-post-thumbnail","hentry","category-serbest"],"_links":{"self":[{"href":"https:\/\/www.mallandmotto.com\/index.php\/wp-json\/wp\/v2\/posts\/2135","targetHints":{"allow":["GET"]}}],"collection":[{"href":"https:\/\/www.mallandmotto.com\/index.php\/wp-json\/wp\/v2\/posts"}],"about":[{"href":"https:\/\/www.mallandmotto.com\/index.php\/wp-json\/wp\/v2\/types\/post"}],"author":[{"embeddable":true,"href":"https:\/\/www.mallandmotto.com\/index.php\/wp-json\/wp\/v2\/users\/6"}],"replies":[{"embeddable":true,"href":"https:\/\/www.mallandmotto.com\/index.php\/wp-json\/wp\/v2\/comments?post=2135"}],"version-history":[{"count":1,"href":"https:\/\/www.mallandmotto.com\/index.php\/wp-json\/wp\/v2\/posts\/2135\/revisions"}],"predecessor-version":[{"id":2137,"href":"https:\/\/www.mallandmotto.com\/index.php\/wp-json\/wp\/v2\/posts\/2135\/revisions\/2137"}],"wp:featuredmedia":[{"embeddable":true,"href":"https:\/\/www.mallandmotto.com\/index.php\/wp-json\/wp\/v2\/media\/2136"}],"wp:attachment":[{"href":"https:\/\/www.mallandmotto.com\/index.php\/wp-json\/wp\/v2\/media?parent=2135"}],"wp:term":[{"taxonomy":"category","embeddable":true,"href":"https:\/\/www.mallandmotto.com\/index.php\/wp-json\/wp\/v2\/categories?post=2135"},{"taxonomy":"post_tag","embeddable":true,"href":"https:\/\/www.mallandmotto.com\/index.php\/wp-json\/wp\/v2\/tags?post=2135"}],"curies":[{"name":"wp","href":"https:\/\/api.w.org\/{rel}","templated":true}]}}