{"id":2138,"date":"2025-07-24T07:46:35","date_gmt":"2025-07-24T07:46:35","guid":{"rendered":"https:\/\/www.mallandmotto.com\/?p=2138"},"modified":"2025-07-25T08:55:06","modified_gmt":"2025-07-25T08:55:06","slug":"tvf-1-lige-arabica-coffee-house-sponsoru","status":"publish","type":"post","link":"https:\/\/www.mallandmotto.com\/index.php\/2025\/07\/24\/tvf-1-lige-arabica-coffee-house-sponsoru\/","title":{"rendered":"TVF 1. Lig\u2019e Arabica Coffee House Sponsoru"},"content":{"rendered":"\n<h3 class=\"wp-block-heading\"><strong>T\u00fcrkiye Voleybol Federasyonu (TVF) ile Arabica Coffee House aras\u0131ndaki Erkekler ve Kad\u0131nlar Voleybol 1. Ligleri i\u00e7in isim sponsorlu\u011fu anla\u015fmas\u0131n\u0131n imza t\u00f6reni yap\u0131ld\u0131. Arabica Coffee House&#8217;un yeni konsepti Meastro Bebek&#8217;te ger\u00e7ekle\u015ftirilen t\u00f6rene, TVF Ba\u015fkan\u0131 Mehmet Akif \u00dcst\u00fcnda\u011f, Arabica Coffee House CEO\u2019su ve Kurucusu Av. Serta\u00e7 Yal\u00e7\u0131n ve Arabica Coffee House Kurucu Orta\u011f\u0131 Elif \u00dclger Yal\u00e7\u0131n kat\u0131ld\u0131. Yeni sezon itibar\u0131yla Erkekler ve Kad\u0131nlar Voleybol 1\u2019inci Ligleri, \u201cArabica Coffee House Voleybol 1\u2019inci Ligi\u201d ad\u0131yla oynanacak\u2026<\/strong><br><br><\/h3>\n\n\n\n<p><strong><u>T\u00fcrkiye Voleybol Federasyonu (TVF) Ba\u015fkan\u0131 \u00dcst\u00fcnda\u011f<\/u><\/strong><strong>&nbsp;yapt\u0131\u011f\u0131 a\u00e7\u0131klamada, \u201cT\u00fcrk voleybolunun her ge\u00e7en g\u00fcn yaz k\u0131\u015f demeden g\u00fczellikler i\u00e7inde ya\u015fad\u0131\u011f\u0131 ve ya\u015fatt\u0131\u011f\u0131 bu g\u00fczel g\u00fcnlerden birinin tekrar sizler huzurunda ya\u015f\u0131yoruz. T\u00fcrk voleybolu; Avrupa\u2019da ve d\u00fcnyada neler yapt\u0131\u011f\u0131na hep birlikte \u015fahitlik ediyoruz. Tabi bu ba\u015far\u0131n\u0131n g\u00fczelliklerinden bahsederken bu ba\u015far\u0131y\u0131 elde etmek, zirvede yer almak, s\u00fcrd\u00fcr\u00fclebilir olmak i\u00e7in ne yapmam\u0131z gerek? Destek almam\u0131z gerek. Onun i\u00e7in sponsorlar\u0131n deste\u011fi bizim i\u00e7in \u00e7ok \u00f6nem arz ediyor. \u015e\u00f6yle ki bu g\u00fczel ba\u015far\u0131l\u0131 s\u00fcre\u00e7te bu g\u00fczel birlikteli\u011fin sponsorlar taraf\u0131ndan desteklenmesini ne kadar \u00f6nemli oldu\u011funu her defas\u0131nda alt\u0131n\u0131 \u00e7izerek belirtmek istiyorum. T\u00fcrk voleybolun yaln\u0131zca Efeler ve Sultanlar de\u011fil, 1\u2019inci Lig\u2019de de ne kadar kaliteli \u00fcst d\u00fczey m\u00fcsabaka ya\u015fad\u0131\u011f\u0131n\u0131 g\u00f6r\u00fcyoruz. 1\u2019inci Lig tak\u0131mlar\u0131m\u0131z\u0131n bug\u00fcn itibari ile Arabica Coffee olarak sponsor olu\u015funun imza t\u00f6renindeyiz. Bu vesile ile s\u00fcre\u00e7te eme\u011fi ge\u00e7en herkese te\u015fekk\u00fcrler\u201d ifadelerini kulland\u0131.<\/strong><\/p>\n\n\n\n<p><strong><u>Arabica Coffee House CEO\u2019su Yal\u00e7\u0131n,<\/u><\/strong><strong>&nbsp;\u201cBug\u00fcn yine \u00e7ok gurur duydu\u011fumuz bir g\u00fcne \u015fahitlik ediyoruz. TVF Erkekler ve Kad\u0131nlar 1. Ligi\u2019nin isim sponsorluk anla\u015fmas\u0131n\u0131 imzalayaca\u011f\u0131z. \u00c7ok b\u00fcy\u00fck bir sorumlulu\u011fu al\u0131yoruz ve bunun bilincindeyiz. TVF yetkilileri ile birlikte voleybol camias\u0131yla elimizden geleni yaparak 1\u2019inci Ligleri de Sultanlar ve Efeler ligi gibi tan\u0131n\u0131r hale getirmeye \u00e7al\u0131\u015faca\u011f\u0131z. Sadece sponsor olduklar\u0131m\u0131z\u0131 de\u011fil b\u00fct\u00fcn voleybolun her \u00fcyesini desteklemeye devam edece\u011fiz. \u201cFark Yarat \u00d6nc\u00fc Ol\u201d slogan\u0131yla ba\u015flayan markam\u0131z 10 sene \u00f6nce kuruldu. Atat\u00fcrk\u00e7\u00fc ve Devlet\u00e7i duru\u015fumuz ile 4 \u00dclkede, 7 b\u00f6lgede, 65 \u0130lde 200 \u015eube ile faaliyet g\u00f6sterirken, sadece bir kahve evi olarak kalmay\u0131p 4 fabrika, GES, geri ve ileri d\u00f6n\u00fc\u015f\u00fcm projeleri ve sosyal sorumluluk projeleri ile ayn\u0131 zamanda AR-GE ve giri\u015fim firmas\u0131y\u0131z. Voleybolun camias\u0131n\u0131n, sporun ve sporcunun yan\u0131nda oldu\u011fumuzu g\u00f6sterdi\u011fimiz bu g\u00fcnden sonra elimizden geleni yapaca\u011f\u0131z. Sporun ve sporcunun daima yan\u0131nday\u0131z. Spor benim hayat\u0131mda d\u00f6n\u00fcm noktas\u0131d\u0131r. Umar\u0131m ki bir\u00e7ok ki\u015fi i\u00e7in de b\u00f6yle olur.\u201d diye konu\u015ftu.<\/strong><\/p>\n\n\n\n<p><strong><u>Arabica Coffee House Kurucu Orta\u011f\u0131 Elif \u00dclger Yal\u00e7\u0131n<\/u><\/strong><strong>&nbsp;ise \u201cBug\u00fcn burada gururlu bir an ya\u015f\u0131yoruz. Atat\u00fcrk\u2019\u00fcn kad\u0131na verdi\u011fi de\u011feri ta\u015f\u0131yan sorumluluk ad\u0131na da benim i\u00e7in k\u0131ymetli bir g\u00fcn. TVF Erkekler ve Kad\u0131nlar 1\u2019inci Lig isim sponsoru olmaktan gurur duyuyoruz. Bir tak\u0131m olarak topu kalpten kalbe ge\u00e7irirken umut oluyoruz. Hayatta ba\u015far\u0131 birlikte hareket etmeyi bilenlerin olur. T\u00fcrkiye Voleybol Federasyonu 1\u2019inci Lig isim sponsoru olmak sadece bir i\u015f birli\u011fi de\u011fil milli de\u011ferlerle, gen\u00e7lerimizin g\u00fcc\u00fcne, tak\u0131m ruhuna duydu\u011fumuz sayg\u0131n\u0131n bir ifadesi. Sporun birle\u015ftirici g\u00fcn\u00fcn\u00fc y\u00fcrekten hissediyorum. Spor ve kahve payla\u015ft\u0131k\u00e7a anlam kazanmak demektir. Sizlerle ayn\u0131 duyguyu payla\u015fmaktan gurur duyuyorum. Sporculara umut olmay\u0131 hedefliyoruz\u201d dedi.<\/strong><\/p>\n","protected":false},"excerpt":{"rendered":"<p>T\u00fcrkiye Voleybol Federasyonu (TVF) ile Arabica Coffee House aras\u0131ndaki Erkekler ve Kad\u0131nlar Voleybol 1. Ligleri i\u00e7in isim sponsorlu\u011fu anla\u015fmas\u0131n\u0131n imza t\u00f6reni yap\u0131ld\u0131. Arabica Coffee House&#8217;un&hellip;<\/p>\n","protected":false},"author":6,"featured_media":2139,"comment_status":"open","ping_status":"open","sticky":false,"template":"","format":"standard","meta":{"footnotes":""},"categories":[1],"tags":[],"class_list":["post-2138","post","type-post","status-publish","format-standard","has-post-thumbnail","hentry","category-serbest"],"_links":{"self":[{"href":"https:\/\/www.mallandmotto.com\/index.php\/wp-json\/wp\/v2\/posts\/2138","targetHints":{"allow":["GET"]}}],"collection":[{"href":"https:\/\/www.mallandmotto.com\/index.php\/wp-json\/wp\/v2\/posts"}],"about":[{"href":"https:\/\/www.mallandmotto.com\/index.php\/wp-json\/wp\/v2\/types\/post"}],"author":[{"embeddable":true,"href":"https:\/\/www.mallandmotto.com\/index.php\/wp-json\/wp\/v2\/users\/6"}],"replies":[{"embeddable":true,"href":"https:\/\/www.mallandmotto.com\/index.php\/wp-json\/wp\/v2\/comments?post=2138"}],"version-history":[{"count":1,"href":"https:\/\/www.mallandmotto.com\/index.php\/wp-json\/wp\/v2\/posts\/2138\/revisions"}],"predecessor-version":[{"id":2140,"href":"https:\/\/www.mallandmotto.com\/index.php\/wp-json\/wp\/v2\/posts\/2138\/revisions\/2140"}],"wp:featuredmedia":[{"embeddable":true,"href":"https:\/\/www.mallandmotto.com\/index.php\/wp-json\/wp\/v2\/media\/2139"}],"wp:attachment":[{"href":"https:\/\/www.mallandmotto.com\/index.php\/wp-json\/wp\/v2\/media?parent=2138"}],"wp:term":[{"taxonomy":"category","embeddable":true,"href":"https:\/\/www.mallandmotto.com\/index.php\/wp-json\/wp\/v2\/categories?post=2138"},{"taxonomy":"post_tag","embeddable":true,"href":"https:\/\/www.mallandmotto.com\/index.php\/wp-json\/wp\/v2\/tags?post=2138"}],"curies":[{"name":"wp","href":"https:\/\/api.w.org\/{rel}","templated":true}]}}