{"id":2192,"date":"2025-07-24T09:37:11","date_gmt":"2025-07-24T09:37:11","guid":{"rendered":"https:\/\/www.mallandmotto.com\/?p=2192"},"modified":"2025-07-24T09:37:12","modified_gmt":"2025-07-24T09:37:12","slug":"barselona-flamenko-balesi-ilk-kez-istanbulda","status":"publish","type":"post","link":"https:\/\/www.mallandmotto.com\/index.php\/2025\/07\/24\/barselona-flamenko-balesi-ilk-kez-istanbulda\/","title":{"rendered":"Barselona Flamenko Balesi \u0130lk Kez \u0130stanbul\u2019da"},"content":{"rendered":"\n<h3 class=\"wp-block-heading\">7-8 Haziran\u2019da CRR\u2019de sahnelenecek Barselona Flamenko Balesi, flamenko, caz ve \u00e7a\u011fda\u015f baleyi harmanlayarak Carmen\u2019in \u00f6zg\u00fcrl\u00fck ve cesaret dolu hikayesini yenilik\u00e7i bir yorumla izleyiciye sunuyor.<\/h3>\n\n\n\n<p><strong>Barselona Flamenko Balesi (Barcelona Flamenco Ballet)<\/strong>,&nbsp;<strong>7-8 Haziran<\/strong>\u2019da&nbsp;<strong>\u0130stanbul B\u00fcy\u00fck\u015fehir Belediyesi (\u0130BB) Cemal Re\u015fit Rey (CRR) Konser Salonu<\/strong>\u2019nda ilk kez sahne alacak. Y\u00f6netmen&nbsp;<strong>David Gutierrez<\/strong>\u2019in liderli\u011findeki yenilik\u00e7i topluluk, Bizet\u2019in efsanevi karakteri Carmen\u2019in hikayesini flamenko, caz ve \u00e7a\u011fda\u015f baleyi harmanlayan yorumla izleyicilere sunacak.<\/p>\n\n\n\n<p>Barselona Flamenko Balesi, David Guti\u00e9rrez\u2019in \u00f6nderli\u011finde kuruldu\u011fu g\u00fcnden bu yana yenilik\u00e7i ve etkileyici performanslar\u0131yla ad\u0131ndan s\u00f6z ettirmeye devam ediyor. 2017 y\u0131l\u0131nda Katalonya H\u00fck\u00fcmeti\u2019nin deste\u011fi ile kurulan grup, Katalonya\u2019da do\u011fan flamenko sanat\u0131n\u0131 d\u00fcnya sahnelerine ta\u015f\u0131may\u0131 ama\u00e7l\u0131yor. 40\u2019tan fazla \u00fclkede sahne alan topluluk, enerjik performanslar\u0131 ve toplumsal konular\u0131 i\u015fleyen yap\u0131mlar\u0131yla dikkat \u00e7ekiyor.<\/p>\n\n\n\n<h4 class=\"wp-block-heading\" id=\"ozgurlugun-ve-cesaretin-sembolu-carmene-yenilikci-bir-yorum\">\u00d6zg\u00fcrl\u00fc\u011f\u00fcn ve Cesaretin Sembol\u00fc Carmen\u2019e Yenilik\u00e7i Bir Yorum<\/h4>\n\n\n\n<p>Barselona Flamenko Balesi CRR\u2019de ger\u00e7ekle\u015ftirecekleri g\u00f6steride, \u015fiddet dolu bir erkek d\u00fcnyas\u0131yla y\u00fczle\u015fen, hayatta kalamasa da \u00f6rne\u011fini gelece\u011fe b\u0131rakan bir kad\u0131n\u0131n prototipi olan Carmen\u2019in hikayesini anlatacak. Topluluk Carmen\u2019i, dans ve m\u00fczik d\u00fcnyas\u0131nda yenilik\u00e7i bir yakla\u015f\u0131mla sunacak. G\u00f6steride klasik m\u00fczik, opera ve flamenko m\u00fczi\u011fi; klasik bale ve flamenko ad\u0131mlar\u0131n\u0131n yan\u0131 s\u0131ra modern dans fig\u00fcrlerine e\u015flik edecek.<\/p>\n","protected":false},"excerpt":{"rendered":"<p>7-8 Haziran\u2019da CRR\u2019de sahnelenecek Barselona Flamenko Balesi, flamenko, caz ve \u00e7a\u011fda\u015f baleyi harmanlayarak Carmen\u2019in \u00f6zg\u00fcrl\u00fck ve cesaret dolu hikayesini yenilik\u00e7i bir yorumla izleyiciye sunuyor. Barselona&hellip;<\/p>\n","protected":false},"author":6,"featured_media":2193,"comment_status":"open","ping_status":"open","sticky":false,"template":"","format":"standard","meta":{"footnotes":""},"categories":[22],"tags":[],"class_list":["post-2192","post","type-post","status-publish","format-standard","has-post-thumbnail","hentry","category-kultursanat"],"_links":{"self":[{"href":"https:\/\/www.mallandmotto.com\/index.php\/wp-json\/wp\/v2\/posts\/2192","targetHints":{"allow":["GET"]}}],"collection":[{"href":"https:\/\/www.mallandmotto.com\/index.php\/wp-json\/wp\/v2\/posts"}],"about":[{"href":"https:\/\/www.mallandmotto.com\/index.php\/wp-json\/wp\/v2\/types\/post"}],"author":[{"embeddable":true,"href":"https:\/\/www.mallandmotto.com\/index.php\/wp-json\/wp\/v2\/users\/6"}],"replies":[{"embeddable":true,"href":"https:\/\/www.mallandmotto.com\/index.php\/wp-json\/wp\/v2\/comments?post=2192"}],"version-history":[{"count":1,"href":"https:\/\/www.mallandmotto.com\/index.php\/wp-json\/wp\/v2\/posts\/2192\/revisions"}],"predecessor-version":[{"id":2194,"href":"https:\/\/www.mallandmotto.com\/index.php\/wp-json\/wp\/v2\/posts\/2192\/revisions\/2194"}],"wp:featuredmedia":[{"embeddable":true,"href":"https:\/\/www.mallandmotto.com\/index.php\/wp-json\/wp\/v2\/media\/2193"}],"wp:attachment":[{"href":"https:\/\/www.mallandmotto.com\/index.php\/wp-json\/wp\/v2\/media?parent=2192"}],"wp:term":[{"taxonomy":"category","embeddable":true,"href":"https:\/\/www.mallandmotto.com\/index.php\/wp-json\/wp\/v2\/categories?post=2192"},{"taxonomy":"post_tag","embeddable":true,"href":"https:\/\/www.mallandmotto.com\/index.php\/wp-json\/wp\/v2\/tags?post=2192"}],"curies":[{"name":"wp","href":"https:\/\/api.w.org\/{rel}","templated":true}]}}