{"id":2206,"date":"2025-07-24T09:46:19","date_gmt":"2025-07-24T09:46:19","guid":{"rendered":"https:\/\/www.mallandmotto.com\/?p=2206"},"modified":"2025-07-24T09:46:19","modified_gmt":"2025-07-24T09:46:19","slug":"odealden-buyume-ve-istihdam-hamlesi","status":"publish","type":"post","link":"https:\/\/www.mallandmotto.com\/index.php\/2025\/07\/24\/odealden-buyume-ve-istihdam-hamlesi\/","title":{"rendered":"\u00d6deal\u2019den B\u00fcy\u00fcme ve \u0130stihdam Hamlesi"},"content":{"rendered":"\n<h3 class=\"wp-block-heading\"><strong>\u00d6deal, 2025 y\u0131l\u0131na g\u00fc\u00e7l\u00fc bir ba\u015flang\u0131\u00e7 yapt\u0131. 2024 y\u0131l\u0131nda ciroda %120\u2019lik b\u00fcy\u00fcme kaydeden \u015firket, 2025\u2019in ilk yar\u0131s\u0131nda istihdamda kurulu\u015fundan bu yana en y\u00fcksek seviyeye ula\u015ft\u0131.<\/strong><\/h3>\n\n\n\n<p>125 binden fazla i\u015f yerine sundu\u011fu \u00f6deme \u00e7\u00f6z\u00fcmleriyle POS sekt\u00f6r\u00fcn\u00fcn lider markalar\u0131ndan \u00d6deal, yeni y\u0131la h\u0131zl\u0131 bir giri\u015f yapm\u0131\u015ft\u0131. 2025 y\u0131l\u0131n\u0131n ilk yar\u0131s\u0131n\u0131 hedeflerine uygun \u015fekilde ge\u00e7irdiklerini belirten \u00d6deal, teknoloji, pazarlama, sat\u0131\u015f ve \u00fcr\u00fcn geli\u015ftirme alanlar\u0131nda \u00e7al\u0131\u015fan say\u0131s\u0131n\u0131 art\u0131rarak istihdama sekt\u00f6rdeki istihdam s\u0131k\u0131\u015f\u0131kl\u0131\u011f\u0131na g\u00fc\u00e7l\u00fc bir alternatif olu\u015fturuyor. Yeni nesil fiziki POS sistemleri sekt\u00f6r\u00fcnde de \u00f6nemli ba\u015far\u0131lar elde eden \u00d6deal, 2025 y\u0131l\u0131n\u0131n sonuna dek yeni \u00fcr\u00fcn ve servislerini geli\u015ftirerek i\u015flem hacmini iki kat\u0131na \u00e7\u0131karma hedefini s\u00fcrd\u00fcr\u00fcyor.\u00a0\u00a0<\/p>\n\n\n\n<p>\u00dclkemizi \u2018Cepte POS\u2019, \u201cE-Fatura POS\u201d ve \u201c0 Komisyonlu POS\u201d uygulamalar\u0131yla tan\u0131\u015ft\u0131ran, sekt\u00f6r\u00fcn\u00fcn yenilik\u00e7i ve \u00f6nc\u00fc markas\u0131 \u00d6deal, 2025 y\u0131l\u0131na g\u00fc\u00e7l\u00fc bir ba\u015flang\u0131\u00e7 yapt\u0131. 2024 y\u0131l\u0131nda ciroda %120\u2019lik b\u00fcy\u00fcme kaydeden \u015firket, 2025\u2019in ilk yar\u0131s\u0131nda&nbsp;<strong>istihdamda kurulu\u015fundan bu yana en y\u00fcksek seviyeye ula\u015ft\u0131.<\/strong>KOB\u0130\u2019leri en avantajl\u0131 finansal \u00e7\u00f6z\u00fcmlerle bulu\u015fturan \u00d6deal, y\u0131l\u0131 %100 b\u00fcy\u00fcme ile kapatmay\u0131 hedefliyor.<\/p>\n\n\n\n<p>B\u00fcy\u00fcme ivmesini h\u0131zla art\u0131ran \u00d6deal, ekip yap\u0131s\u0131n\u0131 ciddi \u00f6l\u00e7\u00fcde geni\u015fletti. \u015eirket, bu b\u00fcy\u00fcmeyle birlikte hem yeni nesil fiziki POS sistemlerinde hem de u\u00e7tan uca \u00f6deme \u00e7\u00f6z\u00fcmlerinde sekt\u00f6rdeki liderli\u011fini g\u00fc\u00e7lendiriyor.&nbsp; \u00d6deal, 2025 y\u0131l\u0131 sonunda i\u015flem hacmini iki kat\u0131na \u00e7\u0131karma hedefini korurken, bu hedefi ger\u00e7ekle\u015ftirecek en b\u00fcy\u00fck g\u00fcc\u00fcn ekibindeki yetkin ve dinamik kadro oldu\u011funa inan\u0131yor.<\/p>\n\n\n\n<p>\u0130stihdam rakamlar\u0131ndaki art\u0131\u015f\u0131n b\u00fcy\u00fcme pay\u0131 hakk\u0131nda ipucu verdi\u011fini ifade eden \u00d6deal<strong>&nbsp;CEO\u2019su Fevzi G\u00fcng\u00f6r<\/strong>, \u201c<em>\u00dcye i\u015f yerlerimize ve i\u015f ortaklar\u0131m\u0131za sundu\u011fumuz \u00fcst\u00fcn hizmet kalitesini art\u0131rmak ad\u0131na ekibimizi geni\u015fletiyoruz. Ge\u00e7en y\u0131l Fast Company Digital Money &amp; Fintech Awards\u201924 kapsam\u0131nda \u201cEn \u00c7ok \u0130stihdam Yaratanlar\u201d kategorisinde \u00f6d\u00fcl alm\u0131\u015ft\u0131k. Bu y\u0131l da sekt\u00f6rdeki ve d\u00fcnyadaki olumsuz geli\u015fmelere ra\u011fmen \u00d6deal \u00e7at\u0131s\u0131 alt\u0131nda h\u0131z kesmeden ekibimizi b\u00fcy\u00fctmenin gururunu ya\u015f\u0131yoruz. \u00d6zellikle teknoloji, pazarlama, \u00fcr\u00fcn ve finans gibi merkezi ekiplerimizde al\u0131mlar\u0131 h\u0131zland\u0131rd\u0131k. 500\u2019\u00fcn \u00fczerinde \u00e7al\u0131\u015fma arkada\u015f\u0131m\u0131zla y\u0131l\u0131n ikinci yar\u0131s\u0131nda da ekibimizi daha da g\u00fc\u00e7lendirerek kendi rekorumuzu k\u0131rmaya haz\u0131rlan\u0131yoruz\u201d&nbsp;<\/em>diye konu\u015ftu.,<\/p>\n\n\n\n<p>\u0130\u015fe al\u0131m s\u00fcre\u00e7lerinde h\u0131z kazan\u0131rken odaklar\u0131n\u0131 yeni i\u015f birlikleri ve yapay zeka temelli \u00e7\u00f6z\u00fcmler sunmaya y\u00f6nelttiklerini belirten&nbsp;<strong>G\u00fcng\u00f6r<\/strong>&nbsp;\u201c<em>Sundu\u011fumuz \u00f6deme hizmetlerine ek olarak banka i\u015f birliklerimizle kredi gibi di\u011fer finansal \u00fcr\u00fcnleri KOB\u0130\u2019lere ula\u015ft\u0131rarak onlar\u0131n hayat\u0131n\u0131 kolayla\u015ft\u0131racak, i\u015flerini b\u00fcy\u00fctmelerini sa\u011flayacak yeni hizmetlerimizle esnaf dostu \u00e7\u00f6z\u00fcmlerimizi tan\u0131tmaya haz\u0131rlan\u0131yoruz. Daha ki\u015fiselle\u015ftirilmi\u015f, yapay zekan\u0131n daha \u00e7ok kullan\u0131ld\u0131\u011f\u0131 ve etkili \u00e7\u00f6z\u00fcmler sunaca\u011f\u0131z. Yeni \u00fcr\u00fcnlerimizi geli\u015ftirirken i\u00e7ten d\u0131\u015fa b\u00fcy\u00fcyoruz.&nbsp;&nbsp;<\/em>\u201d dedi.<\/p>\n","protected":false},"excerpt":{"rendered":"<p>\u00d6deal, 2025 y\u0131l\u0131na g\u00fc\u00e7l\u00fc bir ba\u015flang\u0131\u00e7 yapt\u0131. 2024 y\u0131l\u0131nda ciroda %120\u2019lik b\u00fcy\u00fcme kaydeden \u015firket, 2025\u2019in ilk yar\u0131s\u0131nda istihdamda kurulu\u015fundan bu yana en y\u00fcksek seviyeye ula\u015ft\u0131.&hellip;<\/p>\n","protected":false},"author":6,"featured_media":2207,"comment_status":"open","ping_status":"open","sticky":false,"template":"","format":"standard","meta":{"footnotes":""},"categories":[25],"tags":[],"class_list":["post-2206","post","type-post","status-publish","format-standard","has-post-thumbnail","hentry","category-fintech"],"_links":{"self":[{"href":"https:\/\/www.mallandmotto.com\/index.php\/wp-json\/wp\/v2\/posts\/2206","targetHints":{"allow":["GET"]}}],"collection":[{"href":"https:\/\/www.mallandmotto.com\/index.php\/wp-json\/wp\/v2\/posts"}],"about":[{"href":"https:\/\/www.mallandmotto.com\/index.php\/wp-json\/wp\/v2\/types\/post"}],"author":[{"embeddable":true,"href":"https:\/\/www.mallandmotto.com\/index.php\/wp-json\/wp\/v2\/users\/6"}],"replies":[{"embeddable":true,"href":"https:\/\/www.mallandmotto.com\/index.php\/wp-json\/wp\/v2\/comments?post=2206"}],"version-history":[{"count":1,"href":"https:\/\/www.mallandmotto.com\/index.php\/wp-json\/wp\/v2\/posts\/2206\/revisions"}],"predecessor-version":[{"id":2208,"href":"https:\/\/www.mallandmotto.com\/index.php\/wp-json\/wp\/v2\/posts\/2206\/revisions\/2208"}],"wp:featuredmedia":[{"embeddable":true,"href":"https:\/\/www.mallandmotto.com\/index.php\/wp-json\/wp\/v2\/media\/2207"}],"wp:attachment":[{"href":"https:\/\/www.mallandmotto.com\/index.php\/wp-json\/wp\/v2\/media?parent=2206"}],"wp:term":[{"taxonomy":"category","embeddable":true,"href":"https:\/\/www.mallandmotto.com\/index.php\/wp-json\/wp\/v2\/categories?post=2206"},{"taxonomy":"post_tag","embeddable":true,"href":"https:\/\/www.mallandmotto.com\/index.php\/wp-json\/wp\/v2\/tags?post=2206"}],"curies":[{"name":"wp","href":"https:\/\/api.w.org\/{rel}","templated":true}]}}