{"id":2220,"date":"2025-07-24T10:48:45","date_gmt":"2025-07-24T10:48:45","guid":{"rendered":"https:\/\/www.mallandmotto.com\/?p=2220"},"modified":"2025-08-29T10:18:29","modified_gmt":"2025-08-29T10:18:29","slug":"louis-vuittona-hollandada-kara-para-aklama-sorusturmasi","status":"publish","type":"post","link":"https:\/\/www.mallandmotto.com\/index.php\/2025\/07\/24\/louis-vuittona-hollandada-kara-para-aklama-sorusturmasi\/","title":{"rendered":"Louis Vuitton\u2019a Hollanda\u2019da Kara Para Aklama Soru\u015fturmas\u0131"},"content":{"rendered":"\n<h3 class=\"wp-block-heading\">Hollanda Savc\u0131l\u0131\u011f\u0131, Louis Vuitton\u2019u yakla\u015f\u0131k 3 milyon euroluk \u015f\u00fcpheli al\u0131\u015fveri\u015fte gerekli denetimleri yapmad\u0131\u011f\u0131 gerek\u00e7esiyle kara para aklama soru\u015fturmas\u0131na dahil etti. L\u00fcks markan\u0131n itibar\u0131n\u0131 sarsabilecek davada, bir \u00e7al\u0131\u015fan\u0131n\u0131n da yasa d\u0131\u015f\u0131 s\u00fcrece destek verdi\u011fi iddia ediliyor.<\/h3>\n\n\n\n<p>Frans\u0131z moda devi Louis Vuitton, Hollanda\u2019daki ma\u011fazalar\u0131 arac\u0131l\u0131\u011f\u0131yla yap\u0131lan y\u00fcksek tutarl\u0131 nakit al\u0131\u015fveri\u015fler nedeniyle kara para aklama su\u00e7lamas\u0131yla kar\u015f\u0131 kar\u015f\u0131ya. Hollanda Savc\u0131l\u0131\u011f\u0131 (OM), yakla\u015f\u0131k 3 milyon euroluk \u015f\u00fcpheli al\u0131\u015fveri\u015fin ger\u00e7ekle\u015fti\u011fi s\u00fcre\u00e7te Louis Vuitton\u2019un, yasa d\u0131\u015f\u0131 finansal faaliyetleri engellemek ad\u0131na gerekli \u00f6zeni g\u00f6stermedi\u011fini ve dolayl\u0131 olarak bu s\u00fcrece zemin haz\u0131rlad\u0131\u011f\u0131n\u0131 iddia ediyor.<\/p>\n\n\n\n<p>DutchNews\u2019in haberine g\u00f6re, soru\u015fturman\u0131n oda\u011f\u0131nda Bei W. isimli \u00c7inli bir kad\u0131n yer al\u0131yor. Lelystad \u015fehrinde ya\u015fayan kad\u0131n, y\u0131llar boyunca Louis Vuitton\u2019un Hollanda\u2019daki d\u00f6rt ma\u011fazas\u0131ndan defalarca l\u00fcks \u00e7anta ve giysi sat\u0131n ald\u0131. Ancak her al\u0131\u015fveri\u015fte \u00f6demeyi, 10 bin euro s\u0131n\u0131r\u0131n\u0131n hemen alt\u0131nda tutarak kimlik do\u011frulamas\u0131 ve bildirim zorunlulu\u011funu sistematik \u015fekilde a\u015fmay\u0131 ba\u015fard\u0131.<\/p>\n\n\n\n<p><strong>Personel yard\u0131m\u0131 ve Daigou sistemi<\/strong><br>Savc\u0131l\u0131k, markan\u0131n sadece sistemsel ihmallerde bulunmad\u0131\u011f\u0131n\u0131, ayn\u0131 zamanda bir \u00e7al\u0131\u015fan\u0131n\u0131n aktif \u015fekilde Bei W.\u2019ye yard\u0131mc\u0131 oldu\u011funu \u00f6ne s\u00fcr\u00fcyor. \u0130ddialara g\u00f6re ilgili personel, kad\u0131na yeni \u00fcr\u00fcnler hakk\u0131nda bilgi veriyor, al\u0131\u015fveri\u015flerin 10 bin euro e\u015fi\u011finin alt\u0131nda kalmas\u0131n\u0131 sa\u011fl\u0131yordu. Bu i\u015flemler s\u0131ras\u0131nda kimlik kontrol\u00fc yap\u0131lmad\u0131\u011f\u0131 gibi, al\u0131\u015fveri\u015flerin \u015f\u00fcpheli do\u011fas\u0131 hakk\u0131nda da herhangi bir uyar\u0131 verilmedi.<\/p>\n\n\n\n<p>Bei W.\u2019nin ald\u0131\u011f\u0131 \u00fcr\u00fcnleri \u00c7in\u2019e ve Hong Kong\u2019a kargoyla g\u00f6nderdi\u011fi, b\u00f6ylece \u201cDaigou\u201d ad\u0131 verilen ve \u00c7in\u2019deki y\u00fcksek vergileri a\u015fmak i\u00e7in kullan\u0131lan gayriresm\u00ee l\u00fcks \u00fcr\u00fcn ticareti zincirinin bir par\u00e7as\u0131 oldu\u011fu belirtiliyor. Hollanda Savc\u0131l\u0131\u011f\u0131, Bei W.\u2019nin sat\u0131n alma i\u015flemleri i\u00e7in fonlar\u0131, daha \u00f6nce mahk\u00fbm edilmi\u015f yer alt\u0131 bir finans\u00e7\u0131n\u0131n sa\u011flad\u0131\u011f\u0131n\u0131 da tespit etti.<\/p>\n\n\n\n<p><strong>Marka itibar\u0131 a\u00e7\u0131s\u0131ndan kritik bir d\u00f6neme\u00e7<\/strong><br>Louis Vuitton hen\u00fcz konuyla ilgili resmi bir a\u00e7\u0131klama yapmazken, markan\u0131n hukuk\u00ee s\u00fcre\u00e7te sorumluluk ta\u015f\u0131y\u0131p ta\u015f\u0131mayaca\u011f\u0131 hen\u00fcz netle\u015fmedi. Ancak savc\u0131l\u0131\u011f\u0131n markay\u0131 do\u011frudan \u201c\u015f\u00fcpheli\u201d stat\u00fcs\u00fcne almas\u0131, yaln\u0131zca bireysel bir suistimali de\u011fil, kurumsal denetim mekanizmalar\u0131n\u0131n da yetersizli\u011fini g\u00fcndeme getiriyor.<\/p>\n\n\n\n<p>Soru\u015fturman\u0131n hukuki s\u00fcreci 2025 y\u0131l\u0131 i\u00e7inde devam edecek. Moda d\u00fcnyas\u0131n\u0131n ikonik markalar\u0131ndan biri olan Louis Vuitton i\u00e7in bu geli\u015fme, yaln\u0131zca adli de\u011fil, ayn\u0131 zamanda marka itibar\u0131 a\u00e7\u0131s\u0131ndan da \u00f6nemli bir s\u0131nav niteli\u011fi ta\u015f\u0131yor.<\/p>\n","protected":false},"excerpt":{"rendered":"<p>Hollanda Savc\u0131l\u0131\u011f\u0131, Louis Vuitton\u2019u yakla\u015f\u0131k 3 milyon euroluk \u015f\u00fcpheli al\u0131\u015fveri\u015fte gerekli denetimleri yapmad\u0131\u011f\u0131 gerek\u00e7esiyle kara para aklama soru\u015fturmas\u0131na dahil etti. L\u00fcks markan\u0131n itibar\u0131n\u0131 sarsabilecek davada,&hellip;<\/p>\n","protected":false},"author":6,"featured_media":2221,"comment_status":"open","ping_status":"open","sticky":false,"template":"","format":"standard","meta":{"footnotes":""},"categories":[1],"tags":[],"class_list":["post-2220","post","type-post","status-publish","format-standard","has-post-thumbnail","hentry","category-serbest"],"_links":{"self":[{"href":"https:\/\/www.mallandmotto.com\/index.php\/wp-json\/wp\/v2\/posts\/2220","targetHints":{"allow":["GET"]}}],"collection":[{"href":"https:\/\/www.mallandmotto.com\/index.php\/wp-json\/wp\/v2\/posts"}],"about":[{"href":"https:\/\/www.mallandmotto.com\/index.php\/wp-json\/wp\/v2\/types\/post"}],"author":[{"embeddable":true,"href":"https:\/\/www.mallandmotto.com\/index.php\/wp-json\/wp\/v2\/users\/6"}],"replies":[{"embeddable":true,"href":"https:\/\/www.mallandmotto.com\/index.php\/wp-json\/wp\/v2\/comments?post=2220"}],"version-history":[{"count":1,"href":"https:\/\/www.mallandmotto.com\/index.php\/wp-json\/wp\/v2\/posts\/2220\/revisions"}],"predecessor-version":[{"id":2222,"href":"https:\/\/www.mallandmotto.com\/index.php\/wp-json\/wp\/v2\/posts\/2220\/revisions\/2222"}],"wp:featuredmedia":[{"embeddable":true,"href":"https:\/\/www.mallandmotto.com\/index.php\/wp-json\/wp\/v2\/media\/2221"}],"wp:attachment":[{"href":"https:\/\/www.mallandmotto.com\/index.php\/wp-json\/wp\/v2\/media?parent=2220"}],"wp:term":[{"taxonomy":"category","embeddable":true,"href":"https:\/\/www.mallandmotto.com\/index.php\/wp-json\/wp\/v2\/categories?post=2220"},{"taxonomy":"post_tag","embeddable":true,"href":"https:\/\/www.mallandmotto.com\/index.php\/wp-json\/wp\/v2\/tags?post=2220"}],"curies":[{"name":"wp","href":"https:\/\/api.w.org\/{rel}","templated":true}]}}