{"id":2322,"date":"2025-07-29T06:59:47","date_gmt":"2025-07-29T06:59:47","guid":{"rendered":"https:\/\/www.mallandmotto.com\/?p=2322"},"modified":"2025-07-29T06:59:48","modified_gmt":"2025-07-29T06:59:48","slug":"pgde-ust-duzey-atama-oya-ongor-baskan-oldu","status":"publish","type":"post","link":"https:\/\/www.mallandmotto.com\/index.php\/2025\/07\/29\/pgde-ust-duzey-atama-oya-ongor-baskan-oldu\/","title":{"rendered":"P&amp;G\u2019de \u00dcst D\u00fczey Atama: Oya \u00d6ng\u00f6r Ba\u015fkan Oldu"},"content":{"rendered":"\n<h3 class=\"wp-block-heading\">P&amp;G Avrupa Ev Bak\u0131m Kategorisi\u2019nden Sorumlu Ba\u015fkan Yard\u0131mc\u0131l\u0131\u011f\u0131 g\u00f6revini y\u00fcr\u00fcten Oya \u00d6ng\u00f6r, 1 May\u0131s 2025 tarihi itibar\u0131yla P&amp;G T\u00fcrkiye, Kafkasya ve Orta Asya Y\u00f6netim Kurulu Ba\u015fkan\u0131 olarak T\u00fcrkiye ile birlikte Azerbaycan, \u00d6zbekistan, T\u00fcrkmenistan, Mo\u011folistan, G\u00fcrcistan, Kazakistan, Ermenistan ve Tacikistan olmak \u00fczere 9 \u00fclkeyi kapsayan b\u00f6lgeye liderlik edecek.<\/h3>\n\n\n\n<p>25 y\u0131ll\u0131k P&amp;G kariyerinin son 5 y\u0131l\u0131nda P&amp;G Avrupa Ev Bak\u0131m Kategorisinden Sorumlu Avrupa Ba\u015fkan Yard\u0131mc\u0131s\u0131 olarak g\u00f6rev alan Oya \u00d6ng\u00f6r, P&amp;G T\u00fcrkiye, Kafkasya ve Orta Asya Y\u00f6netim Kurulu Ba\u015fkanl\u0131\u011f\u0131\u2019na atand\u0131.<\/p>\n\n\n\n<p>Lisans \u00f6\u011frenimini Dokuz Eyl\u00fcl \u00dcniversitesi End\u00fcstri M\u00fchendisli\u011fi b\u00f6l\u00fcm\u00fcnde tamamlayan Oya \u00d6ng\u00f6r, Bo\u011fazi\u00e7i \u00dcniversitesi \u0130\u015fletme Y\u00f6netimi b\u00f6l\u00fcm\u00fcnde y\u00fcksek lisans program\u0131n\u0131 tamamlad\u0131. \u00dcniversiteden mezun olduktan k\u0131sa bir s\u00fcre sonra 1999 y\u0131l\u0131nda P&amp;G T\u00fcrkiye\u2019de ev bak\u0131m kategorisinde marka y\u00f6neticisi olarak ba\u015flad\u0131\u011f\u0131 i\u015f hayat\u0131na, farkl\u0131 kategorilerde marka y\u00f6neticili\u011fi yaparak devam etti. P&amp;G T\u00fcrkiye\u2019deki 6 y\u0131ll\u0131k deneyiminin ard\u0131ndan 2005 y\u0131l\u0131nda P&amp;G\u2019nin \u0130svi\u00e7re\u2019de yer alan Avrupa merkezinde yurt d\u0131\u015f\u0131 kariyerine ad\u0131m atan Oya \u00d6ng\u00f6r, iki y\u0131l boyunca Kad\u0131n Bak\u0131m Kategorisinden Sorumlu Marka Y\u00f6neticisi olarak \u00e7al\u0131\u015ft\u0131. Daha sonra 2007 y\u0131l\u0131nda Kad\u0131n Bak\u0131m Kategorisinden Sorumlu Pazarlama Direkt\u00f6r\u00fc, 2011 y\u0131l\u0131nda Ki\u015fisel Bak\u0131m Kategorisinden Sorumlu Ticari Pazarlama Direkt\u00f6r\u00fc, 2015 y\u0131l\u0131nda Avrupa Ev Bak\u0131m Kategorisinden Sorumlu Ticari Pazarlama Direkt\u00f6r\u00fc g\u00f6revlerini \u00fcstlendi.<\/p>\n\n\n\n<p>Son olarak 2020 y\u0131l\u0131ndan bu yana Cenevre\u2019de P&amp;G Avrupa Ev Bak\u0131m Kategorisi\u2019nden Sorumlu Ba\u015fkan Yard\u0131mc\u0131s\u0131 olarak \u00e7al\u0131\u015fan Oya \u00d6ng\u00f6r, yeni g\u00f6revinde P&amp;G T\u00fcrkiye\u2019nin yan\u0131 s\u0131ra Azerbaycan, \u00d6zbekistan, T\u00fcrkmenistan, Mo\u011folistan, G\u00fcrcistan, Kazakistan, Ermenistan ve Tacikistan olmak \u00fczere b\u00f6lgenin sorumlulu\u011fundaki di\u011fer \u00fclkelerin y\u00f6netimini de \u00fcstlenecek.<\/p>\n","protected":false},"excerpt":{"rendered":"<p>P&amp;G Avrupa Ev Bak\u0131m Kategorisi\u2019nden Sorumlu Ba\u015fkan Yard\u0131mc\u0131l\u0131\u011f\u0131 g\u00f6revini y\u00fcr\u00fcten Oya \u00d6ng\u00f6r, 1 May\u0131s 2025 tarihi itibar\u0131yla P&amp;G T\u00fcrkiye, Kafkasya ve Orta Asya Y\u00f6netim Kurulu&hellip;<\/p>\n","protected":false},"author":6,"featured_media":2323,"comment_status":"open","ping_status":"open","sticky":false,"template":"","format":"standard","meta":{"footnotes":""},"categories":[18],"tags":[],"class_list":["post-2322","post","type-post","status-publish","format-standard","has-post-thumbnail","hentry","category-atamalar"],"_links":{"self":[{"href":"https:\/\/www.mallandmotto.com\/index.php\/wp-json\/wp\/v2\/posts\/2322","targetHints":{"allow":["GET"]}}],"collection":[{"href":"https:\/\/www.mallandmotto.com\/index.php\/wp-json\/wp\/v2\/posts"}],"about":[{"href":"https:\/\/www.mallandmotto.com\/index.php\/wp-json\/wp\/v2\/types\/post"}],"author":[{"embeddable":true,"href":"https:\/\/www.mallandmotto.com\/index.php\/wp-json\/wp\/v2\/users\/6"}],"replies":[{"embeddable":true,"href":"https:\/\/www.mallandmotto.com\/index.php\/wp-json\/wp\/v2\/comments?post=2322"}],"version-history":[{"count":1,"href":"https:\/\/www.mallandmotto.com\/index.php\/wp-json\/wp\/v2\/posts\/2322\/revisions"}],"predecessor-version":[{"id":2324,"href":"https:\/\/www.mallandmotto.com\/index.php\/wp-json\/wp\/v2\/posts\/2322\/revisions\/2324"}],"wp:featuredmedia":[{"embeddable":true,"href":"https:\/\/www.mallandmotto.com\/index.php\/wp-json\/wp\/v2\/media\/2323"}],"wp:attachment":[{"href":"https:\/\/www.mallandmotto.com\/index.php\/wp-json\/wp\/v2\/media?parent=2322"}],"wp:term":[{"taxonomy":"category","embeddable":true,"href":"https:\/\/www.mallandmotto.com\/index.php\/wp-json\/wp\/v2\/categories?post=2322"},{"taxonomy":"post_tag","embeddable":true,"href":"https:\/\/www.mallandmotto.com\/index.php\/wp-json\/wp\/v2\/tags?post=2322"}],"curies":[{"name":"wp","href":"https:\/\/api.w.org\/{rel}","templated":true}]}}