{"id":2364,"date":"2025-07-29T08:03:46","date_gmt":"2025-07-29T08:03:46","guid":{"rendered":"https:\/\/www.mallandmotto.com\/?p=2364"},"modified":"2025-07-29T08:03:47","modified_gmt":"2025-07-29T08:03:47","slug":"kanyonun-genel-muduru-irem-yucel-kaymak-oldu","status":"publish","type":"post","link":"https:\/\/www.mallandmotto.com\/index.php\/2025\/07\/29\/kanyonun-genel-muduru-irem-yucel-kaymak-oldu\/","title":{"rendered":"Kanyon\u2019un Genel M\u00fcd\u00fcr\u00fc \u0130rem Y\u00fccel Kaymak Oldu"},"content":{"rendered":"\n<h3 class=\"wp-block-heading\"><strong>Gayrimenkul, perakende ve yeme-i\u00e7me sekt\u00f6rlerinde; finans, pazarlama-ileti\u015fim, sat\u0131\u015f-kiralama ve varl\u0131k y\u00f6netimi alanlar\u0131nda 25 y\u0131ll\u0131k deneyime sahip \u0130rem Y\u00fccel Kaymak, Kanyon AVM ve Kanyon Ofis gibi prestijli markalar\u0131 da &nbsp;b\u00fcnyesinde bar\u0131nd\u0131ran Kanyon Y\u00f6netim \u0130\u015fletim ve Pazarlama A.\u015e.\u2019nin tepe y\u00f6netimini \u00fcstlenecek.&nbsp;<\/strong><\/h3>\n\n\n\n<p>\u0130rem Y\u00fccel Kaymak, Nisan 2025 itibar\u0131yla Kanyon Y\u00f6netim \u0130\u015fletim ve Pazarlama A.\u015e.&#8217;nin yeni Genel M\u00fcd\u00fcr\u00fc olarak g\u00f6revine ba\u015flad\u0131.&nbsp;<\/p>\n\n\n\n<p>Lisans e\u011fitimini Ko\u00e7 \u00dcniversitesi Ekonomi b\u00f6l\u00fcm\u00fcnde, y\u00fcksek lisans\u0131n\u0131 ise University of Nottingham\u2019da y\u00f6netim alan\u0131nda tamamlam\u0131\u015f olan Y\u00fccel Kaymak, profesyonel i\u015f ya\u015fam\u0131na 2000 y\u0131l\u0131nda Yap\u0131 Kredi Koray GYO\u2019da ad\u0131m att\u0131. Finans departman\u0131nda ba\u015flad\u0131\u011f\u0131 kariyerine \u00dcr\u00fcn Geli\u015ftirme ve Y\u00f6netimi b\u00f6l\u00fcm\u00fcnde y\u00f6netici olarak devam etti. Logiturc ve Goodman International\u2019da 2 y\u0131l kadar \u00e7al\u0131\u015farak lojistik gayrimenkul sekt\u00f6r\u00fcnde deneyim kazand\u0131 ve ard\u0131ndan Sat\u0131\u015f ve Pazarlama Direkt\u00f6r\u00fc olarak Dedeman Gayrimenkul\u2019de g\u00f6rev yapt\u0131. 2010-2014 y\u0131llar\u0131 aras\u0131nda Zorlu Gayrimenkul Ticari Geli\u015ftirme ve Kiralama birimlerini y\u00f6neterek, Zorlu Center ve Levent 199 projelerinin hayata ge\u00e7irilmesinde aktif rol ald\u0131. 2014 y\u0131l\u0131nda Proje Geli\u015ftirme, Pazarlama ve Kiralama s\u00fcre\u00e7lerini y\u00f6netmek amac\u0131yla Galataport \u0130stanbul projesine kat\u0131lm\u0131\u015f olan Y\u00fccel Kaymak, 11 y\u0131l boyunca projenin konsept geli\u015ftirme, konumland\u0131rma, marka miksi olu\u015fturma, i\u015f geli\u015ftirme, katma de\u011ferli i\u015f birlikleri, ileti\u015fim ve kiralama gibi \u00e7e\u015fitli s\u00fcre\u00e7lerine y\u00f6n verdi.&nbsp; Varl\u0131k Y\u00f6netimi ve Kiralama Genel M\u00fcd\u00fcr Yard\u0131mc\u0131s\u0131, ard\u0131ndan Y\u00f6netim Dan\u0131\u015fman\u0131 olarak s\u00fcrd\u00fcrd\u00fc\u011f\u00fc g\u00f6revlerinin ard\u0131ndan, Nisan 2025\u2019te Kanyon Y\u00f6netim \u0130\u015fletim ve Pazarlama A.\u015e.&#8217;de Genel M\u00fcd\u00fcr\u00fc olarak atand\u0131.<\/p>\n","protected":false},"excerpt":{"rendered":"<p>Gayrimenkul, perakende ve yeme-i\u00e7me sekt\u00f6rlerinde; finans, pazarlama-ileti\u015fim, sat\u0131\u015f-kiralama ve varl\u0131k y\u00f6netimi alanlar\u0131nda 25 y\u0131ll\u0131k deneyime sahip \u0130rem Y\u00fccel Kaymak, Kanyon AVM ve Kanyon Ofis gibi&hellip;<\/p>\n","protected":false},"author":6,"featured_media":2365,"comment_status":"open","ping_status":"open","sticky":false,"template":"","format":"standard","meta":{"footnotes":""},"categories":[18],"tags":[],"class_list":["post-2364","post","type-post","status-publish","format-standard","has-post-thumbnail","hentry","category-atamalar"],"_links":{"self":[{"href":"https:\/\/www.mallandmotto.com\/index.php\/wp-json\/wp\/v2\/posts\/2364","targetHints":{"allow":["GET"]}}],"collection":[{"href":"https:\/\/www.mallandmotto.com\/index.php\/wp-json\/wp\/v2\/posts"}],"about":[{"href":"https:\/\/www.mallandmotto.com\/index.php\/wp-json\/wp\/v2\/types\/post"}],"author":[{"embeddable":true,"href":"https:\/\/www.mallandmotto.com\/index.php\/wp-json\/wp\/v2\/users\/6"}],"replies":[{"embeddable":true,"href":"https:\/\/www.mallandmotto.com\/index.php\/wp-json\/wp\/v2\/comments?post=2364"}],"version-history":[{"count":1,"href":"https:\/\/www.mallandmotto.com\/index.php\/wp-json\/wp\/v2\/posts\/2364\/revisions"}],"predecessor-version":[{"id":2366,"href":"https:\/\/www.mallandmotto.com\/index.php\/wp-json\/wp\/v2\/posts\/2364\/revisions\/2366"}],"wp:featuredmedia":[{"embeddable":true,"href":"https:\/\/www.mallandmotto.com\/index.php\/wp-json\/wp\/v2\/media\/2365"}],"wp:attachment":[{"href":"https:\/\/www.mallandmotto.com\/index.php\/wp-json\/wp\/v2\/media?parent=2364"}],"wp:term":[{"taxonomy":"category","embeddable":true,"href":"https:\/\/www.mallandmotto.com\/index.php\/wp-json\/wp\/v2\/categories?post=2364"},{"taxonomy":"post_tag","embeddable":true,"href":"https:\/\/www.mallandmotto.com\/index.php\/wp-json\/wp\/v2\/tags?post=2364"}],"curies":[{"name":"wp","href":"https:\/\/api.w.org\/{rel}","templated":true}]}}