{"id":2400,"date":"2025-07-29T11:47:24","date_gmt":"2025-07-29T11:47:24","guid":{"rendered":"https:\/\/www.mallandmotto.com\/?p=2400"},"modified":"2025-07-29T11:47:25","modified_gmt":"2025-07-29T11:47:25","slug":"carrefoursadan-bursaya-guclu-yatirim","status":"publish","type":"post","link":"https:\/\/www.mallandmotto.com\/index.php\/2025\/07\/29\/carrefoursadan-bursaya-guclu-yatirim\/","title":{"rendered":"CarrefourSA\u2019dan Bursa\u2019ya G\u00fc\u00e7l\u00fc Yat\u0131r\u0131m"},"content":{"rendered":"\n<h3 class=\"wp-block-heading\"><strong>Sabanc\u0131 Holding ve Carrefour Grup i\u015ftiraki CarrefourSA, perakende sekt\u00f6r\u00fcndeki b\u00fcy\u00fcmesini istikrarl\u0131 ad\u0131mlarla s\u00fcrd\u00fcr\u00fcyor. Bursa\u2019da yeni a\u00e7\u0131lan hiper marketi ile 32 markete ula\u015fan CarrefourSA, g\u00fc\u00e7l\u00fc bayi a\u011f\u0131 ve online marketi ile \u015fehrin d\u00f6rt bir yan\u0131na yay\u0131lan bir perakende ekosistemine d\u00f6n\u00fc\u015ft\u00fc. Kaliteli, g\u00fcvenilir ve yenilik\u00e7i al\u0131\u015fveri\u015f deneyimini Bursa\u2019n\u0131n her noktas\u0131na ta\u015f\u0131yan CarrefourSA, yeni yat\u0131r\u0131mlar\u0131yla \u015fehirdeki varl\u0131\u011f\u0131n\u0131 g\u00fc\u00e7lendirmeye devam edecek.<\/strong><\/h3>\n\n\n\n<p>Sabanc\u0131 Holding ve Carrefour Grup i\u015ftiraki, T\u00fcrkiye perakende sekt\u00f6r\u00fcn\u00fcn \u00f6nc\u00fc markas\u0131 CarrefourSA, 74 ilde 1.250\u2019den fazla ma\u011fazas\u0131 ve bayileri dahil olmak \u00fczere 15.000 ki\u015fiye ula\u015fan kadrosuyla m\u00fc\u015fterilerine do\u011fru \u00fcr\u00fcn\u00fc, do\u011fru \u00fcreticiden, do\u011fru fiyata ula\u015ft\u0131r\u0131rken; organize g\u0131da perakende sekt\u00f6r\u00fc a\u00e7\u0131s\u0131ndan stratejik bir konumda bulunan Bursa\u2019da b\u00fcy\u00fcmesini s\u00fcrd\u00fcr\u00fcyor.&nbsp;<\/p>\n\n\n\n<p>Bursa\u2019da toplam 32 ma\u011fazaya ula\u015fan CarrefourSA, Ata Bulvar\u0131 Atapark\u2019ta yeni a\u00e7\u0131lan Hiper formatl\u0131 marketiyle yenilik\u00e7i vizyonunu g\u00fc\u00e7l\u00fc bir \u015fekilde yans\u0131t\u0131yor. Sezonda 80 farkl\u0131 bal\u0131k t\u00fcr\u00fc ve deniz mahsul\u00fcn\u00fcn yer ald\u0131\u011f\u0131 taze bal\u0131k reyonu, veteriner hekim kontrol\u00fcnde hizmet veren %100 yerli besi \u00fcr\u00fcnlerin sat\u0131\u015fa sunuldu\u011fu kasap reyonu, d\u00fcnya mutfaklar\u0131ndan lezzetler, organik, vegan, gl\u00fctensiz ve diyabetik \u00fcr\u00fcnler, geni\u015f \u00fcr\u00fcn \u00e7e\u015fidi ile kahve reyonu, ki\u015fisel bak\u0131m \u00fcr\u00fcnleri ve g\u0131da d\u0131\u015f\u0131 \u00fcr\u00fcn reyonlar\u0131n\u0131n bulundu\u011fu hiper market geni\u015f \u00fcr\u00fcn yelpazesi ile dikkat \u00e7ekiyor. CarrefourSA\u2019n\u0131n f\u0131r\u0131n hizmetiyle sundu\u011fu kendi \u00fcretimi unlu mamuller, tazelik ve \u00e7e\u015fitlilik a\u00e7\u0131s\u0131ndan \u00f6ne \u00e7\u0131karken; Lezzet Aras\u0131 restoran\u0131 da d\u00fcnya mutfaklar\u0131ndan se\u00e7enekler ve sa\u011fl\u0131kl\u0131 alternatifler sunan men\u00fcs\u00fcyle hiper markete de\u011fer katan \u00f6zel bir lezzet alan\u0131 olarak konumlan\u0131yor. Online market hizmeti, geni\u015f otopark alan\u0131, dijital teknolojilerle donat\u0131lm\u0131\u015f ak\u0131ll\u0131 kasa ve teraziler gibi olanaklarla da m\u00fc\u015fterilerine konforlu bir al\u0131\u015fveri\u015f deneyimi sunuyor.<\/p>\n\n\n\n<p><strong>Lezzet Aras\u0131 ile Market Fiyat\u0131na Restoran Deneyimi<\/strong><\/p>\n\n\n\n<p>CarrefourSA Hiper\u2019de yer alan Lezzet Aras\u0131 Restoran\u0131, 350 metrekarelik alan\u0131 ve kapsay\u0131c\u0131 men\u00fcs\u00fcyle, d\u00fcnya mutfaklar\u0131ndan se\u00e7enekleri ve sa\u011fl\u0131kl\u0131 alternatifleri bir araya getiriyor. Ev yap\u0131m\u0131 sulu yemekler, \u0131zgaralar, meze ve salata b\u00fcfeleri, m\u00fc\u015fterilerin kasap veya bal\u0131k reyonlar\u0131ndan se\u00e7ti\u011fi \u00fcr\u00fcnlerin \u015fefler taraf\u0131ndan \u00fccretsiz olarak pi\u015firilip servis edilmesi, Lezzet Aras\u0131 Restoran\u0131n\u0131 al\u0131\u015fveri\u015fle entegre bir gastronomi deneyimi haline getiriyor.<\/p>\n\n\n\n<p><strong>\u201cBursa\u2019da G\u00fc\u00e7l\u00fc Bir Yat\u0131r\u0131m Ata\u011f\u0131 Ba\u015flatt\u0131k\u201d<\/strong><\/p>\n\n\n\n<p>CarrefourSA CEO\u2019su Kutay Kartall\u0131o\u011flu : \u201cBursa, CarrefourSA\u2019n\u0131n yat\u0131r\u0131m haritas\u0131nda her zaman \u00f6ncelikli \u015fehirlerden biri oldu. Ger\u00e7ekle\u015ftirdi\u011fimiz yat\u0131r\u0131mlar, Bursa\u2019da hizmete ba\u015flayan yeni hiper marketimiz, CarrefourSA Online Marketimiz ve bayilerimiz ile birlikte toplam 32 markete ula\u015fan hizmet a\u011f\u0131m\u0131z ile \u015fehrin d\u00f6rt bir yan\u0131ndaki m\u00fc\u015fterilerimize kaliteli ve g\u00fcvenilir al\u0131\u015fveri\u015f deneyimi sunuyoruz.&nbsp; Perakendeyi sadece bug\u00fcn\u00fcn de\u011fil, yar\u0131n\u0131n ihtiya\u00e7lar\u0131n\u0131 da g\u00f6zeterek d\u00f6n\u00fc\u015ft\u00fcr\u00fcyoruz. \u00d6n\u00fcm\u00fczdeki d\u00f6nemde de do\u011fru \u00fcr\u00fcn\u00fc, do\u011fru \u00fcreticiden, do\u011fru fiyata ula\u015ft\u0131rma vizyonumuzla hem Bursa\u2019da hem de T\u00fcrkiye genelinde yat\u0131r\u0131mlar\u0131m\u0131za kararl\u0131l\u0131kla devam edece\u011fiz.\u201d<\/p>\n","protected":false},"excerpt":{"rendered":"<p>Sabanc\u0131 Holding ve Carrefour Grup i\u015ftiraki CarrefourSA, perakende sekt\u00f6r\u00fcndeki b\u00fcy\u00fcmesini istikrarl\u0131 ad\u0131mlarla s\u00fcrd\u00fcr\u00fcyor. Bursa\u2019da yeni a\u00e7\u0131lan hiper marketi ile 32 markete ula\u015fan CarrefourSA, g\u00fc\u00e7l\u00fc bayi&hellip;<\/p>\n","protected":false},"author":6,"featured_media":2401,"comment_status":"open","ping_status":"open","sticky":false,"template":"","format":"standard","meta":{"footnotes":""},"categories":[12,30],"tags":[],"class_list":["post-2400","post","type-post","status-publish","format-standard","has-post-thumbnail","hentry","category-perakende","category-surmanset"],"_links":{"self":[{"href":"https:\/\/www.mallandmotto.com\/index.php\/wp-json\/wp\/v2\/posts\/2400","targetHints":{"allow":["GET"]}}],"collection":[{"href":"https:\/\/www.mallandmotto.com\/index.php\/wp-json\/wp\/v2\/posts"}],"about":[{"href":"https:\/\/www.mallandmotto.com\/index.php\/wp-json\/wp\/v2\/types\/post"}],"author":[{"embeddable":true,"href":"https:\/\/www.mallandmotto.com\/index.php\/wp-json\/wp\/v2\/users\/6"}],"replies":[{"embeddable":true,"href":"https:\/\/www.mallandmotto.com\/index.php\/wp-json\/wp\/v2\/comments?post=2400"}],"version-history":[{"count":1,"href":"https:\/\/www.mallandmotto.com\/index.php\/wp-json\/wp\/v2\/posts\/2400\/revisions"}],"predecessor-version":[{"id":2402,"href":"https:\/\/www.mallandmotto.com\/index.php\/wp-json\/wp\/v2\/posts\/2400\/revisions\/2402"}],"wp:featuredmedia":[{"embeddable":true,"href":"https:\/\/www.mallandmotto.com\/index.php\/wp-json\/wp\/v2\/media\/2401"}],"wp:attachment":[{"href":"https:\/\/www.mallandmotto.com\/index.php\/wp-json\/wp\/v2\/media?parent=2400"}],"wp:term":[{"taxonomy":"category","embeddable":true,"href":"https:\/\/www.mallandmotto.com\/index.php\/wp-json\/wp\/v2\/categories?post=2400"},{"taxonomy":"post_tag","embeddable":true,"href":"https:\/\/www.mallandmotto.com\/index.php\/wp-json\/wp\/v2\/tags?post=2400"}],"curies":[{"name":"wp","href":"https:\/\/api.w.org\/{rel}","templated":true}]}}