{"id":2619,"date":"2025-08-04T08:45:45","date_gmt":"2025-08-04T08:45:45","guid":{"rendered":"https:\/\/www.mallandmotto.com\/?p=2619"},"modified":"2025-08-04T08:45:45","modified_gmt":"2025-08-04T08:45:45","slug":"elie-saab-zorlu-magazasi-acildi","status":"publish","type":"post","link":"https:\/\/www.mallandmotto.com\/index.php\/2025\/08\/04\/elie-saab-zorlu-magazasi-acildi\/","title":{"rendered":"Elie Saab Zorlu Ma\u011fazas\u0131 A\u00e7\u0131ld\u0131"},"content":{"rendered":"\n<h3 class=\"wp-block-heading\"><strong>Elie Saab\u2019\u0131n Zorlu\u2019daki yeni ma\u011fazas\u0131, iki katl\u0131 mimarisi ve \u201cThe Allure of the Wild\u201d temal\u0131 2025 \u0130lkbahar\/Yaz koleksiyonu ile l\u00fcks ve zarafeti yeniden tan\u0131ml\u0131yor.<\/strong><\/h3>\n\n\n\n<p>Zarafet, ihti\u015fam ve \u00e7a\u011fda\u015f feminenli\u011fin simgesi Elie Saab, Vakko i\u015f birli\u011fiyle T\u00fcrkiye\u2019deki varl\u0131\u011f\u0131n\u0131 yeni bir ma\u011faza ile g\u00fc\u00e7lendiriyor. Elie Saab\u2019\u0131n Zorlu Center\u2019daki yeni ma\u011fazas\u0131, kap\u0131lar\u0131n\u0131 a\u00e7t\u0131.<\/p>\n\n\n\n<p>Vakko dokunu\u015fuyla hayat bulan yeni Elie Saab ma\u011fazas\u0131, 210 metrekarelik alana yay\u0131lan iki katl\u0131 mimarisiyle dikkat \u00e7ekiyor. G\u00fcncellenen global konseptiyle tasarlanan ma\u011fazada; haz\u0131r giyim, aksesuar ve parf\u00fcm koleksiyonlar\u0131 modaseverlerle bulu\u015facak.<\/p>\n\n\n\n<p>Ma\u011fazada, Elie Saab\u2019\u0131n 2025 \u0130lkbahar\/Yaz koleksiyonuna ait en g\u00fcncel tasar\u0131mlar da yer alacak. \u201c<strong>The Allure of the Wild<\/strong>\u201d temas\u0131yla \u015fekillenen koleksiyon; Afrika\u2019n\u0131n s\u0131cak r\u00fczgarlar\u0131n\u0131 yans\u0131tan safari tonlar\u0131, do\u011fal dokular, l\u00fcks siluetler ve romantik detaylarla \u015f\u0131kl\u0131\u011f\u0131 yeni bir d\u00fczeye ta\u015f\u0131yor. Kad\u0131ns\u0131 g\u00fcc\u00fc yans\u0131tan modern kesimlerin ve zamans\u0131z zarafetin bir araya geldi\u011fi bu \u00f6zel se\u00e7ki, Elie Saab d\u00fcnyas\u0131n\u0131n zarif yolculu\u011funa davet niteli\u011finde.<\/p>\n\n\n\n<p>Vakko\u2019nun l\u00fcks modaya \u00f6nc\u00fcl\u00fck eden vizyonuyla Elie Saab esteti\u011fini bir araya getiren bu yeni ma\u011faza, Zorlu Center\u2019da sofistike bir al\u0131\u015fveri\u015f deneyimi sunmaya haz\u0131rlan\u0131yor.<\/p>\n","protected":false},"excerpt":{"rendered":"<p>Elie Saab\u2019\u0131n Zorlu\u2019daki yeni ma\u011fazas\u0131, iki katl\u0131 mimarisi ve \u201cThe Allure of the Wild\u201d temal\u0131 2025 \u0130lkbahar\/Yaz koleksiyonu ile l\u00fcks ve zarafeti yeniden tan\u0131ml\u0131yor. Zarafet,&hellip;<\/p>\n","protected":false},"author":6,"featured_media":2620,"comment_status":"open","ping_status":"open","sticky":false,"template":"","format":"standard","meta":{"footnotes":""},"categories":[12],"tags":[],"class_list":["post-2619","post","type-post","status-publish","format-standard","has-post-thumbnail","hentry","category-perakende"],"_links":{"self":[{"href":"https:\/\/www.mallandmotto.com\/index.php\/wp-json\/wp\/v2\/posts\/2619","targetHints":{"allow":["GET"]}}],"collection":[{"href":"https:\/\/www.mallandmotto.com\/index.php\/wp-json\/wp\/v2\/posts"}],"about":[{"href":"https:\/\/www.mallandmotto.com\/index.php\/wp-json\/wp\/v2\/types\/post"}],"author":[{"embeddable":true,"href":"https:\/\/www.mallandmotto.com\/index.php\/wp-json\/wp\/v2\/users\/6"}],"replies":[{"embeddable":true,"href":"https:\/\/www.mallandmotto.com\/index.php\/wp-json\/wp\/v2\/comments?post=2619"}],"version-history":[{"count":1,"href":"https:\/\/www.mallandmotto.com\/index.php\/wp-json\/wp\/v2\/posts\/2619\/revisions"}],"predecessor-version":[{"id":2621,"href":"https:\/\/www.mallandmotto.com\/index.php\/wp-json\/wp\/v2\/posts\/2619\/revisions\/2621"}],"wp:featuredmedia":[{"embeddable":true,"href":"https:\/\/www.mallandmotto.com\/index.php\/wp-json\/wp\/v2\/media\/2620"}],"wp:attachment":[{"href":"https:\/\/www.mallandmotto.com\/index.php\/wp-json\/wp\/v2\/media?parent=2619"}],"wp:term":[{"taxonomy":"category","embeddable":true,"href":"https:\/\/www.mallandmotto.com\/index.php\/wp-json\/wp\/v2\/categories?post=2619"},{"taxonomy":"post_tag","embeddable":true,"href":"https:\/\/www.mallandmotto.com\/index.php\/wp-json\/wp\/v2\/tags?post=2619"}],"curies":[{"name":"wp","href":"https:\/\/api.w.org\/{rel}","templated":true}]}}