{"id":2637,"date":"2025-08-04T09:55:51","date_gmt":"2025-08-04T09:55:51","guid":{"rendered":"https:\/\/www.mallandmotto.com\/?p=2637"},"modified":"2025-08-04T09:55:51","modified_gmt":"2025-08-04T09:55:51","slug":"sanipakta-ust-duzey-atama","status":"publish","type":"post","link":"https:\/\/www.mallandmotto.com\/index.php\/2025\/08\/04\/sanipakta-ust-duzey-atama\/","title":{"rendered":"Sanipak\u2019ta \u00dcst D\u00fczey Atama"},"content":{"rendered":"\n<h3 class=\"wp-block-heading\"><strong>T\u00fcrkiye\u2019nin \u00f6nc\u00fc ki\u015fisel hijyen \u00fcr\u00fcnleri kurulu\u015fu Sanipak, pazarlama vizyonunu g\u00fc\u00e7lendirecek \u00f6nemli bir atamayla, Haziran 2025 tarihi itibar\u0131yla Chief Marketing Officer (CMO) g\u00f6revine Mine Mavi Ar\u0131kan\u2019\u0131n getirildi\u011fini duyurdu.<\/strong><\/h3>\n\n\n\n<p>Bilkent \u00dcniversitesi End\u00fcstri M\u00fchendisli\u011fi mezunu olan Mine Mavi Ar\u0131kan, 15 y\u0131l\u0131 a\u015fk\u0131n kariyeri boyunca farkl\u0131 co\u011frafyalarda \u00e7ok uluslu markalara y\u00f6n vererek stratejik pazarlama alan\u0131nda \u00f6nemli ba\u015far\u0131lara imza att\u0131.<\/p>\n\n\n\n<p>Kariyerine 2009 y\u0131l\u0131nda Unilever\u2019de Lipton Marka M\u00fcd\u00fcr Yard\u0131mc\u0131s\u0131 olarak ba\u015flayan Ar\u0131kan; Sana, Becel, Calve ve Knorr markalar\u0131nda Marka M\u00fcd\u00fcrl\u00fc\u011f\u00fc g\u00f6revlerini \u00fcstlendi. 2016\u2019da T\u00fcrkiye, Kuzey Afrika, Orta Do\u011fu ve Rusya b\u00f6lgelerinde G\u0131da Kategorisi Marka M\u00fcd\u00fcr\u00fc olarak atand\u0131. 2018\u2019de ayn\u0131 b\u00f6lgede Dondurma Kategorisi K\u0131demli Marka M\u00fcd\u00fcr\u00fc olarak g\u00f6rev yapt\u0131. 2020 y\u0131l\u0131nda Unilever T\u00fcrkiye, Orta Asya ve \u0130ran Ev ve Hijyen Kategorisi Pazarlama Direkt\u00f6rl\u00fc\u011f\u00fc g\u00f6revini \u00fcstlenen Ar\u0131kan, Temmuz 2022 itibar\u0131yla da Unilever\u2019in global Compass organizasyonu kapsam\u0131nda T\u00fcrkiye ve Orta Do\u011fu G\u0131da \u0130\u015f Birimi Liderli\u011fi g\u00f6revini y\u00fcr\u00fctt\u00fc. Son olarak Ocak 2025 itibar\u0131yla \u00fcstlendi\u011fi T\u00fcrkiye ve Orta Do\u011fu G\u0131da Genel M\u00fcd\u00fcrl\u00fc\u011f\u00fc g\u00f6revine ek olarak Unilever T\u00fcrkiye Medya ve Dijital Pazarlama Liderli\u011fi\u2019ni ald\u0131.<\/p>\n\n\n\n<p>Sanipak\u2019\u0131n pazarlama stratejilerine y\u00f6n verecek olan Mine Mavi Ar\u0131kan, uluslararas\u0131 birikimi ve vizyoner liderlik anlay\u0131\u015f\u0131yla \u015firketin uzun vadeli b\u00fcy\u00fcme hedeflerine katk\u0131 sa\u011flayacak.<\/p>\n\n\n\n<p><\/p>\n","protected":false},"excerpt":{"rendered":"<p>T\u00fcrkiye\u2019nin \u00f6nc\u00fc ki\u015fisel hijyen \u00fcr\u00fcnleri kurulu\u015fu Sanipak, pazarlama vizyonunu g\u00fc\u00e7lendirecek \u00f6nemli bir atamayla, Haziran 2025 tarihi itibar\u0131yla Chief Marketing Officer (CMO) g\u00f6revine Mine Mavi Ar\u0131kan\u2019\u0131n&hellip;<\/p>\n","protected":false},"author":6,"featured_media":2638,"comment_status":"open","ping_status":"open","sticky":false,"template":"","format":"standard","meta":{"footnotes":""},"categories":[18,1],"tags":[],"class_list":["post-2637","post","type-post","status-publish","format-standard","has-post-thumbnail","hentry","category-atamalar","category-serbest"],"_links":{"self":[{"href":"https:\/\/www.mallandmotto.com\/index.php\/wp-json\/wp\/v2\/posts\/2637","targetHints":{"allow":["GET"]}}],"collection":[{"href":"https:\/\/www.mallandmotto.com\/index.php\/wp-json\/wp\/v2\/posts"}],"about":[{"href":"https:\/\/www.mallandmotto.com\/index.php\/wp-json\/wp\/v2\/types\/post"}],"author":[{"embeddable":true,"href":"https:\/\/www.mallandmotto.com\/index.php\/wp-json\/wp\/v2\/users\/6"}],"replies":[{"embeddable":true,"href":"https:\/\/www.mallandmotto.com\/index.php\/wp-json\/wp\/v2\/comments?post=2637"}],"version-history":[{"count":1,"href":"https:\/\/www.mallandmotto.com\/index.php\/wp-json\/wp\/v2\/posts\/2637\/revisions"}],"predecessor-version":[{"id":2639,"href":"https:\/\/www.mallandmotto.com\/index.php\/wp-json\/wp\/v2\/posts\/2637\/revisions\/2639"}],"wp:featuredmedia":[{"embeddable":true,"href":"https:\/\/www.mallandmotto.com\/index.php\/wp-json\/wp\/v2\/media\/2638"}],"wp:attachment":[{"href":"https:\/\/www.mallandmotto.com\/index.php\/wp-json\/wp\/v2\/media?parent=2637"}],"wp:term":[{"taxonomy":"category","embeddable":true,"href":"https:\/\/www.mallandmotto.com\/index.php\/wp-json\/wp\/v2\/categories?post=2637"},{"taxonomy":"post_tag","embeddable":true,"href":"https:\/\/www.mallandmotto.com\/index.php\/wp-json\/wp\/v2\/tags?post=2637"}],"curies":[{"name":"wp","href":"https:\/\/api.w.org\/{rel}","templated":true}]}}