{"id":2697,"date":"2025-08-04T11:24:29","date_gmt":"2025-08-04T11:24:29","guid":{"rendered":"https:\/\/www.mallandmotto.com\/?p=2697"},"modified":"2025-08-04T11:24:33","modified_gmt":"2025-08-04T11:24:33","slug":"sanovelde-yeni-atamalar","status":"publish","type":"post","link":"https:\/\/www.mallandmotto.com\/index.php\/2025\/08\/04\/sanovelde-yeni-atamalar\/","title":{"rendered":"Sanovel\u2019de Yeni Atamalar"},"content":{"rendered":"\n<h3 class=\"wp-block-heading\"><strong>42 y\u0131ld\u0131r ila\u00e7 sekt\u00f6r\u00fcne y\u00f6n veren yat\u0131r\u0131mlara ve uygulamalara imza atan, T\u00fcrk \u0130la\u00e7 sekt\u00f6r\u00fcn\u00fcn lider \u015firketlerinden Sanovel; insan kaynaklar\u0131, sat\u0131\u015f &amp; pazarlama, medikal &amp; uyum ve i\u015f\u00e7i sa\u011fl\u0131\u011f\u0131, i\u015f g\u00fcvenli\u011fi &amp; \u00e7evre alanlar\u0131nda yeni atamalar ger\u00e7ekle\u015ftirdi.<\/strong><\/h3>\n\n\n\n<p>Funda Uzunkaya Grup Medikal M\u00fcd\u00fcr olarak atan\u0131rken, Fabrika \u0130nsan &amp; K\u00fclt\u00fcr M\u00fcd\u00fcr\u00fc Lale K\u0131vrak oldu. Esin Tutku Ar\u0131kan Pazarlama M\u00fcd\u00fcr\u00fc, Erkan Say\u0131l\u0131r ve Erhan Sert Tan\u0131t\u0131m M\u00fcd\u00fcr\u00fc olarak atan\u0131rken, \u0130\u015f\u00e7i Sa\u011fl\u0131\u011f\u0131, \u0130\u015f G\u00fcvenli\u011fi ve \u00c7evre M\u00fcd\u00fcr\u00fc An\u0131l Hesap\u00e7\u0131 oldu.&nbsp;<\/p>\n\n\n\n<p><strong><u>Funda Uzunkaya, Grup Medikal M\u00fcd\u00fcr\u00fc<\/u><\/strong><\/p>\n\n\n\n<p>Lisans e\u011fitimini 2003 y\u0131l\u0131nda Marmara \u00dcniversitesi T\u0131p Fak\u00fcltesi\u2019nde tamamlayan Funda Uzunkaya, kariyerine 2008 y\u0131l\u0131nda \u015eirvan Halk Sa\u011fl\u0131\u011f\u0131 Merkezi\u2019nde Sa\u011fl\u0131k Grup Ba\u015fkan\u0131 olarak ba\u015flad\u0131. Uzunkaya, 2010-2013 y\u0131llar\u0131nda Sanofi\u2019de Medikal M\u00fcd\u00fcr, 2013-2016 y\u0131llar\u0131nda Novo Nordisk T\u00fcrkiye ve G\u00fcney Afrika\u2019da s\u0131ras\u0131yla; Medikal M\u00fcd\u00fcr, Grup Medikal M\u00fcd\u00fcr, 2016-2018 y\u0131llar\u0131nda Teva\u2019da K\u0131demli Medikal M\u00fcd\u00fcr, 2018-2023 aras\u0131nda Exeltis\u2019te K\u0131demli Medikal M\u00fcd\u00fcr ve Medikal \u0130\u015f Birimi M\u00fcd\u00fcr\u00fc pozisyonlar\u0131nda g\u00f6rev ald\u0131. N\u00f6roloji, dahiliye, diyabet, aile hekimli\u011fi ve kad\u0131n sa\u011fl\u0131\u011f\u0131 alanlar\u0131nda deneyimi bulunan Funda Uzunkaya, 2025 itibar\u0131yla Sanovel\u2019de Grup Medikal M\u00fcd\u00fcr olarak g\u00f6rev yap\u0131yor.<\/p>\n\n\n\n<figure class=\"wp-block-image size-large is-resized\"><img fetchpriority=\"high\" decoding=\"async\" width=\"1024\" height=\"1024\" src=\"https:\/\/www.mallandmotto.com\/wp-content\/uploads\/2025\/08\/1751008933_Funda_Uzunkaya-1024x1024.png\" alt=\"\" class=\"wp-image-2699\" style=\"width:418px;height:auto\" srcset=\"https:\/\/www.mallandmotto.com\/wp-content\/uploads\/2025\/08\/1751008933_Funda_Uzunkaya-1024x1024.png 1024w, https:\/\/www.mallandmotto.com\/wp-content\/uploads\/2025\/08\/1751008933_Funda_Uzunkaya-300x300.png 300w, https:\/\/www.mallandmotto.com\/wp-content\/uploads\/2025\/08\/1751008933_Funda_Uzunkaya-150x150.png 150w, https:\/\/www.mallandmotto.com\/wp-content\/uploads\/2025\/08\/1751008933_Funda_Uzunkaya-768x768.png 768w, https:\/\/www.mallandmotto.com\/wp-content\/uploads\/2025\/08\/1751008933_Funda_Uzunkaya.png 1080w\" sizes=\"(max-width: 1024px) 100vw, 1024px\" \/><\/figure>\n\n\n\n<p><strong><u>Lale K\u0131vrak, Fabrika \u0130nsan &amp; K\u00fclt\u00fcr M\u00fcd\u00fcr\u00fc&nbsp;<\/u><\/strong><\/p>\n\n\n\n<p>Lisans e\u011fitimini Abant \u0130zzet Baysal \u00dcniversitesi \u0130ktisadi ve \u0130dari Bilimler Fak\u00fcltesi\u2019nde tamamlayan Lale K\u0131vrak, 2024 y\u0131l\u0131nda Y\u0131ld\u0131z Teknik \u00dcniversitesi \u0130nsan Kaynaklar\u0131 Y\u00f6netimi sertifika program\u0131n\u0131 bitirdi. Kariyerine 1996 y\u0131l\u0131nda Yap\u0131 Kredi Bankas\u0131\u2019nda Yat\u0131r\u0131m Uzman\u0131 olarak ba\u015flayan K\u0131vrak, 2001 y\u0131l\u0131nda insan kaynaklar\u0131 alan\u0131na ge\u00e7erek 2001 \u2013 2006 y\u0131llar\u0131 aras\u0131nda Turkuaz Dan\u0131\u015fmanl\u0131k firmas\u0131nda \u0130\u015fe Al\u0131m Dan\u0131\u015fman\u0131, 2006 \u2013 2010 y\u0131llar\u0131nda Sezgin Grup\u2019ta (So Chic) \u0130nsan Kaynaklar\u0131 M\u00fcd\u00fcr\u00fc, 2010\u20132013 y\u0131llar\u0131nda Ziylan Grup\u2019ta (Flo Perakende) \u0130nsan Kaynaklar\u0131 M\u00fcd\u00fcr\u00fc, 2013\u2013 2022 y\u0131llar\u0131nda Pelit\u2019te K\u0131demli \u0130nsan Kaynaklar\u0131 M\u00fcd\u00fcr\u00fc ve son olarak 2022\u20132024 y\u0131llar\u0131nda \u0130ston\u2019da K\u0131demli \u0130nsan Kaynaklar\u0131 M\u00fcd\u00fcr\u00fc olarak g\u00f6rev ald\u0131.&nbsp;<\/p>\n\n\n\n<p>\u0130\u015fe al\u0131m, yetenek y\u00f6netimi, organizasyonel geli\u015fim &amp; e\u011fitim, performans de\u011ferlendirme, \u00fccretlendirme &amp; yan haklar, \u00e7al\u0131\u015fan \u00f6zl\u00fck s\u00fcre\u00e7leri, i\u015f hukuku &amp; end\u00fcstriyel ili\u015fkiler, idari i\u015fler ve i\u015f sa\u011fl\u0131\u011f\u0131 &amp; g\u00fcvenli\u011fi b\u00f6l\u00fcmlerinde 29 y\u0131ll\u0131k deneyime sahip olan Lale K\u0131vrak, Nisan 2025 itibar\u0131yla Fabrika \u0130nsan &amp; K\u00fclt\u00fcr M\u00fcd\u00fcr\u00fc olarak, Sanovel Silivri&nbsp;Ar-Ge Merkezi ve \u00dcretim Kamp\u00fcs\u00fc\u2019ndeki t\u00fcm insan ve k\u00fclt\u00fcr s\u00fcre\u00e7lerinin y\u00f6netimine liderlik ediyor.<\/p>\n\n\n\n<figure class=\"wp-block-image size-large is-resized\"><img decoding=\"async\" width=\"1024\" height=\"1024\" src=\"https:\/\/www.mallandmotto.com\/wp-content\/uploads\/2025\/08\/1751008935_Lale_K__vrak-1024x1024.png\" alt=\"\" class=\"wp-image-2700\" style=\"width:414px;height:auto\" srcset=\"https:\/\/www.mallandmotto.com\/wp-content\/uploads\/2025\/08\/1751008935_Lale_K__vrak-1024x1024.png 1024w, https:\/\/www.mallandmotto.com\/wp-content\/uploads\/2025\/08\/1751008935_Lale_K__vrak-300x300.png 300w, https:\/\/www.mallandmotto.com\/wp-content\/uploads\/2025\/08\/1751008935_Lale_K__vrak-150x150.png 150w, https:\/\/www.mallandmotto.com\/wp-content\/uploads\/2025\/08\/1751008935_Lale_K__vrak-768x768.png 768w, https:\/\/www.mallandmotto.com\/wp-content\/uploads\/2025\/08\/1751008935_Lale_K__vrak.png 1080w\" sizes=\"(max-width: 1024px) 100vw, 1024px\" \/><\/figure>\n\n\n\n<p><strong><u>Esin Tutku Ar\u0131kan, Pazarlama M\u00fcd\u00fcr\u00fc<\/u><\/strong><\/p>\n\n\n\n<p>Esin Tutku Ar\u0131kan, lisans e\u011fitimini 2000 y\u0131l\u0131nda \u0130stanbul \u00dcniversitesi \u0130\u015fletme Fak\u00fcltesi\u2019nde tamamlad\u0131. Kariyerine 2006 y\u0131l\u0131nda Bilim \u0130la\u00e7\u2019ta \u00dcr\u00fcn M\u00fcd\u00fcr\u00fc olarak ba\u015flayan Esin Tutku Ar\u0131kan, 2008-2016 y\u0131llar\u0131 aras\u0131nda Deva \u0130la\u00e7\u2019ta \u00dcr\u00fcn M\u00fcd\u00fcr\u00fc, 2019-2023 y\u0131llar\u0131nda Abdi \u0130brahim\u2019de s\u0131ras\u0131yla; K\u0131demli \u00dcr\u00fcn M\u00fcd\u00fcr\u00fc, B\u00f6lge M\u00fcd\u00fcr\u00fc ve Pazarlama M\u00fcd\u00fcr\u00fc olarak g\u00f6rev yapt\u0131. 2023 y\u0131l\u0131nda TK \u0130la\u00e7\u2019ta Stratejik M\u00fckemmellik \u0130\u015f Birimi M\u00fcd\u00fcr\u00fc pozisyonunda g\u00f6rev alan, akut ve kronik gruplarda; solunum, kardiyoloji, kulak burun bo\u011faz, pediatri, n\u00f6roloji, fizik tedavi ve rehabilitasyon alanlar\u0131nda 19 y\u0131ll\u0131k deneyime sahip olan Esin Tutku Ar\u0131kan; Aral\u0131k 2024 itibar\u0131yla Sanovel\u2019de Pazarlama M\u00fcd\u00fcr\u00fc olarak g\u00f6revini s\u00fcrd\u00fcr\u00fcyor.<\/p>\n\n\n\n<figure class=\"wp-block-image size-large is-resized\"><img decoding=\"async\" width=\"1024\" height=\"1024\" src=\"https:\/\/www.mallandmotto.com\/wp-content\/uploads\/2025\/08\/1751008931_Esin_Tutku_Ar__kan-1024x1024.png\" alt=\"\" class=\"wp-image-2704\" style=\"width:422px;height:auto\" srcset=\"https:\/\/www.mallandmotto.com\/wp-content\/uploads\/2025\/08\/1751008931_Esin_Tutku_Ar__kan-1024x1024.png 1024w, https:\/\/www.mallandmotto.com\/wp-content\/uploads\/2025\/08\/1751008931_Esin_Tutku_Ar__kan-300x300.png 300w, https:\/\/www.mallandmotto.com\/wp-content\/uploads\/2025\/08\/1751008931_Esin_Tutku_Ar__kan-150x150.png 150w, https:\/\/www.mallandmotto.com\/wp-content\/uploads\/2025\/08\/1751008931_Esin_Tutku_Ar__kan-768x768.png 768w, https:\/\/www.mallandmotto.com\/wp-content\/uploads\/2025\/08\/1751008931_Esin_Tutku_Ar__kan.png 1080w\" sizes=\"(max-width: 1024px) 100vw, 1024px\" \/><\/figure>\n\n\n\n<p><strong><u>Erkan Say\u0131l\u0131r, Tan\u0131t\u0131m M\u00fcd\u00fcr\u00fc&nbsp;<\/u><\/strong><\/p>\n\n\n\n<p>Erkan Say\u0131l\u0131r, lisans e\u011fitimini Uluda\u011f \u00dcniversitesi \u0130\u015fletme Fak\u00fcltesi\u2019nde tamamlad\u0131. Kariyerine 2000 y\u0131l\u0131nda Abdi \u0130brahim\u2019de \u00dcr\u00fcn Tan\u0131t\u0131m Uzman\u0131 olarak ba\u015flayan Erkan Say\u0131l\u0131r, 2005-2024 y\u0131llar\u0131 aras\u0131nda s\u0131ras\u0131yla B\u00f6lge M\u00fcd\u00fcr\u00fc ve Tan\u0131t\u0131m M\u00fcd\u00fcr\u00fc olarak g\u00f6rev ald\u0131ktan sonra 2024 y\u0131l\u0131 itibar\u0131yla Vem \u0130la\u00e7\u2019ta Sat\u0131\u015f M\u00fcd\u00fcrl\u00fc\u011f\u00fc g\u00f6revini \u00fcstlendi. Akut ve kronik pazarlarda tan\u0131t\u0131m ve pazarlama alan\u0131nda 25 y\u0131ll\u0131k deneyime sahip olan Say\u0131l\u0131r, Nisan 2025 itibar\u0131yla Sanovel\u2019de Tan\u0131t\u0131m M\u00fcd\u00fcr\u00fc olarak g\u00f6reve ba\u015flad\u0131.<\/p>\n\n\n\n<figure class=\"wp-block-image size-large is-resized\"><img loading=\"lazy\" decoding=\"async\" width=\"1024\" height=\"1024\" src=\"https:\/\/www.mallandmotto.com\/wp-content\/uploads\/2025\/08\/1751008930_Erkan_Say__l__r-1024x1024.png\" alt=\"\" class=\"wp-image-2701\" style=\"width:437px;height:auto\" srcset=\"https:\/\/www.mallandmotto.com\/wp-content\/uploads\/2025\/08\/1751008930_Erkan_Say__l__r-1024x1024.png 1024w, https:\/\/www.mallandmotto.com\/wp-content\/uploads\/2025\/08\/1751008930_Erkan_Say__l__r-300x300.png 300w, https:\/\/www.mallandmotto.com\/wp-content\/uploads\/2025\/08\/1751008930_Erkan_Say__l__r-150x150.png 150w, https:\/\/www.mallandmotto.com\/wp-content\/uploads\/2025\/08\/1751008930_Erkan_Say__l__r-768x768.png 768w, https:\/\/www.mallandmotto.com\/wp-content\/uploads\/2025\/08\/1751008930_Erkan_Say__l__r.png 1080w\" sizes=\"(max-width: 1024px) 100vw, 1024px\" \/><\/figure>\n\n\n\n<p><strong><u>Erhan Sert, Tan\u0131t\u0131m M\u00fcd\u00fcr\u00fc&nbsp;<\/u><\/strong><\/p>\n\n\n\n<p>Erhan Sert, lisans e\u011fitimini 2005 y\u0131l\u0131nda \u00c7anakkale Onsekiz Mart \u00dcniversitesi S\u0131n\u0131f \u00d6\u011fretmenli\u011fi B\u00f6l\u00fcm\u00fc\u2019nde tamamlad\u0131. Kariyerine 2008 y\u0131l\u0131nda Adeka \u0130la\u00e7\u2019ta \u00dcr\u00fcn Tan\u0131t\u0131m Uzman\u0131 olarak ba\u015flayan Erhat Sert; 2010\u20132013 y\u0131llar\u0131 aras\u0131nda Novartis\u2019te T\u0131bbi Sat\u0131\u015f Temsilcisi, 2013\u20132015 y\u0131llar\u0131 aras\u0131nda B\u00f6lge M\u00fcd\u00fcr\u00fc olarak devam etti. 2015\u20132016 y\u0131llar\u0131nda GSK \u0130la\u00e7\u2019ta B\u00f6lge M\u00fcd\u00fcr\u00fc, 2016\u20132021 y\u0131llar\u0131 aras\u0131nda Abbott\u2019ta s\u0131ras\u0131yla B\u00f6lge M\u00fcd\u00fcr\u00fc ve Sat\u0131\u015f M\u00fcd\u00fcr\u00fc, 2021\u20132024 y\u0131llar\u0131 aras\u0131nda Abdi \u0130brahim\u2019de Tan\u0131t\u0131m M\u00fcd\u00fcr\u00fc olarak g\u00f6rev yapan deneyimli isim, 2024 y\u0131l\u0131nda NBT \u0130la\u00e7\u2019ta \u00dclke Sat\u0131\u015f M\u00fcd\u00fcrl\u00fc\u011f\u00fc g\u00f6revini \u00fcstlendi. Akut &amp; OTC ve kronik pazarlarda tan\u0131t\u0131m ve pazarlama alan\u0131nda 17 y\u0131ll\u0131k deneyime sahip olan Sert, Nisan 2025 itibar\u0131yla Sanovel\u2019de Tan\u0131t\u0131m M\u00fcd\u00fcr\u00fc olarak g\u00f6reve ba\u015flad\u0131.&nbsp;<\/p>\n\n\n\n<figure class=\"wp-block-image size-large is-resized\"><img loading=\"lazy\" decoding=\"async\" width=\"1024\" height=\"1024\" src=\"https:\/\/www.mallandmotto.com\/wp-content\/uploads\/2025\/08\/1751008928_Erhan_Sert-1024x1024.png\" alt=\"\" class=\"wp-image-2702\" style=\"width:441px;height:auto\" srcset=\"https:\/\/www.mallandmotto.com\/wp-content\/uploads\/2025\/08\/1751008928_Erhan_Sert-1024x1024.png 1024w, https:\/\/www.mallandmotto.com\/wp-content\/uploads\/2025\/08\/1751008928_Erhan_Sert-300x300.png 300w, https:\/\/www.mallandmotto.com\/wp-content\/uploads\/2025\/08\/1751008928_Erhan_Sert-150x150.png 150w, https:\/\/www.mallandmotto.com\/wp-content\/uploads\/2025\/08\/1751008928_Erhan_Sert-768x768.png 768w, https:\/\/www.mallandmotto.com\/wp-content\/uploads\/2025\/08\/1751008928_Erhan_Sert.png 1080w\" sizes=\"(max-width: 1024px) 100vw, 1024px\" \/><\/figure>\n\n\n\n<p><strong><u>An\u0131l Hesap\u00e7\u0131, \u0130\u015f\u00e7i Sa\u011fl\u0131\u011f\u0131 &amp; \u0130\u015f G\u00fcvenli\u011fi ve \u00c7evre M\u00fcd\u00fcr\u00fc<\/u><\/strong><\/p>\n\n\n\n<p>An\u0131l Hesap\u00e7\u0131, lisans e\u011fitimini Marmara \u00dcniversitesi Kimya M\u00fchendisli\u011fi B\u00f6l\u00fcm\u00fc\u2019nde, y\u00fcksek lisans e\u011fitimini ise \u00dcsk\u00fcdar \u00dcniversitesi \u0130\u015f Sa\u011fl\u0131\u011f\u0131 ve G\u00fcvenli\u011fi B\u00f6l\u00fcm\u00fc\u2019nde tamamlad\u0131. Kariyerine 2011 y\u0131l\u0131nda Detam Grup\u2019ta \u0130\u015f G\u00fcvenli\u011fi Uzman\u0131 olarak ba\u015flayan An\u0131l Hesap\u00e7\u0131, 2013-2014 y\u0131llar\u0131nda Art\u0131 Dan\u0131\u015fmanl\u0131k \u0130\u015f G\u00fcvenli\u011fi Uzman\u0131, 2014-2022 y\u0131llar\u0131nda Abdi \u0130brahim\u2019de s\u0131ras\u0131yla; \u0130\u015f Sa\u011fl\u0131\u011f\u0131 ve G\u00fcvenli\u011fi Uzman\u0131, \u0130\u015f Sa\u011fl\u0131\u011f\u0131 ve G\u00fcvenli\u011fi Y\u00f6neticisi pozisyonlar\u0131na g\u00f6rev ald\u0131. 2022-2024 y\u0131llar\u0131nda Humanis\u2019te \u0130\u015f G\u00fcvenli\u011fi ve \u00c7evre Y\u00f6neticili\u011fi ve son olarak 2024 y\u0131l\u0131nda Polifarma\u2019da \u00c7evre, \u0130\u015f Sa\u011fl\u0131\u011f\u0131 ve G\u00fcvenli\u011fi M\u00fcd\u00fcr Yard\u0131mc\u0131l\u0131\u011f\u0131 g\u00f6revini \u00fcstlendi.&nbsp;<\/p>\n\n\n\n<p>\u0130\u015f\u00e7i sa\u011fl\u0131\u011f\u0131 ve i\u015f g\u00fcvenli\u011fi uygulamalar\u0131, \u00e7evre ve s\u00fcrd\u00fcr\u00fclebilirlik projeleri, i\u015f s\u00fcreklili\u011fi, acil durum ve risk de\u011ferlendirme alanlar\u0131nda 14 y\u0131ll\u0131k deneyime sahip olan An\u0131l Hesap\u00e7\u0131, \u015eubat 2025 itibar\u0131yla Sanovel\u2019de \u0130\u015f\u00e7i Sa\u011fl\u0131\u011f\u0131, \u0130\u015f G\u00fcvenli\u011fi ve \u00c7evre M\u00fcd\u00fcr\u00fc olarak g\u00f6rev yap\u0131yor.<\/p>\n\n\n\n<figure class=\"wp-block-image size-large is-resized\"><img loading=\"lazy\" decoding=\"async\" width=\"1024\" height=\"1024\" src=\"https:\/\/www.mallandmotto.com\/wp-content\/uploads\/2025\/08\/1751008926_An__l_Hesap____-1024x1024.png\" alt=\"\" class=\"wp-image-2703\" style=\"width:436px;height:auto\" srcset=\"https:\/\/www.mallandmotto.com\/wp-content\/uploads\/2025\/08\/1751008926_An__l_Hesap____-1024x1024.png 1024w, https:\/\/www.mallandmotto.com\/wp-content\/uploads\/2025\/08\/1751008926_An__l_Hesap____-300x300.png 300w, https:\/\/www.mallandmotto.com\/wp-content\/uploads\/2025\/08\/1751008926_An__l_Hesap____-150x150.png 150w, https:\/\/www.mallandmotto.com\/wp-content\/uploads\/2025\/08\/1751008926_An__l_Hesap____-768x768.png 768w, https:\/\/www.mallandmotto.com\/wp-content\/uploads\/2025\/08\/1751008926_An__l_Hesap____.png 1080w\" sizes=\"(max-width: 1024px) 100vw, 1024px\" \/><\/figure>\n","protected":false},"excerpt":{"rendered":"<p>42 y\u0131ld\u0131r ila\u00e7 sekt\u00f6r\u00fcne y\u00f6n veren yat\u0131r\u0131mlara ve uygulamalara imza atan, T\u00fcrk \u0130la\u00e7 sekt\u00f6r\u00fcn\u00fcn lider \u015firketlerinden Sanovel; insan kaynaklar\u0131, sat\u0131\u015f &amp; pazarlama, medikal &amp; uyum&hellip;<\/p>\n","protected":false},"author":6,"featured_media":2706,"comment_status":"open","ping_status":"open","sticky":false,"template":"","format":"standard","meta":{"footnotes":""},"categories":[18,1],"tags":[],"class_list":["post-2697","post","type-post","status-publish","format-standard","has-post-thumbnail","hentry","category-atamalar","category-serbest"],"_links":{"self":[{"href":"https:\/\/www.mallandmotto.com\/index.php\/wp-json\/wp\/v2\/posts\/2697","targetHints":{"allow":["GET"]}}],"collection":[{"href":"https:\/\/www.mallandmotto.com\/index.php\/wp-json\/wp\/v2\/posts"}],"about":[{"href":"https:\/\/www.mallandmotto.com\/index.php\/wp-json\/wp\/v2\/types\/post"}],"author":[{"embeddable":true,"href":"https:\/\/www.mallandmotto.com\/index.php\/wp-json\/wp\/v2\/users\/6"}],"replies":[{"embeddable":true,"href":"https:\/\/www.mallandmotto.com\/index.php\/wp-json\/wp\/v2\/comments?post=2697"}],"version-history":[{"count":1,"href":"https:\/\/www.mallandmotto.com\/index.php\/wp-json\/wp\/v2\/posts\/2697\/revisions"}],"predecessor-version":[{"id":2707,"href":"https:\/\/www.mallandmotto.com\/index.php\/wp-json\/wp\/v2\/posts\/2697\/revisions\/2707"}],"wp:featuredmedia":[{"embeddable":true,"href":"https:\/\/www.mallandmotto.com\/index.php\/wp-json\/wp\/v2\/media\/2706"}],"wp:attachment":[{"href":"https:\/\/www.mallandmotto.com\/index.php\/wp-json\/wp\/v2\/media?parent=2697"}],"wp:term":[{"taxonomy":"category","embeddable":true,"href":"https:\/\/www.mallandmotto.com\/index.php\/wp-json\/wp\/v2\/categories?post=2697"},{"taxonomy":"post_tag","embeddable":true,"href":"https:\/\/www.mallandmotto.com\/index.php\/wp-json\/wp\/v2\/tags?post=2697"}],"curies":[{"name":"wp","href":"https:\/\/api.w.org\/{rel}","templated":true}]}}