{"id":2827,"date":"2025-08-14T09:59:57","date_gmt":"2025-08-14T09:59:57","guid":{"rendered":"https:\/\/www.mallandmotto.com\/?p=2827"},"modified":"2025-08-14T09:59:57","modified_gmt":"2025-08-14T09:59:57","slug":"ifsaktan-gencler-icin-acik-cagri","status":"publish","type":"post","link":"https:\/\/www.mallandmotto.com\/index.php\/2025\/08\/14\/ifsaktan-gencler-icin-acik-cagri\/","title":{"rendered":"\u0130FSAK\u2019tan Gen\u00e7ler i\u00e7in A\u00e7\u0131k \u00c7a\u011fr\u0131"},"content":{"rendered":"\n<h3 class=\"wp-block-heading\">\u0130stanbul Foto\u011fraf ve Sinema Amat\u00f6rleri Derne\u011fi (\u0130FSAK), 18\u201328 ya\u015f aras\u0131 gen\u00e7 foto\u011fraf\u00e7\u0131lara 2025\u20132026 Sezon A\u00e7\u0131l\u0131\u015f Sergisi\u2019nde eserlerini sergileme f\u0131rsat\u0131 sunuyor.<\/h3>\n\n\n\n<p><strong>\u0130stanbul Foto\u011fraf ve Sinema Amat\u00f6rleri Derne\u011fi (\u0130FSAK)<\/strong>,<strong>&nbsp;2025\u20132026 Sezon A\u00e7\u0131l\u0131\u015f Sergisi&nbsp;<\/strong>i\u00e7in&nbsp;<strong>18\u201328 ya\u015f aras\u0131<\/strong>&nbsp;gen\u00e7 foto\u011fraf sanat\u00e7\u0131lar\u0131n\u0131n eserlerini payla\u015fmaya davet ediyor. Do\u011fa, portre, sokak hik\u00e2yeleri, belgesel projeler, st\u00fcdyo \u00e7ekimleri ile kavramsal ve deneysel \u00e7al\u0131\u015fmalar d\u00e2hil olmak \u00fczere her t\u00fcrden \u00fcretimle ba\u015fvuruda bulunabilecek kat\u0131l\u0131mc\u0131lar, \u00f6zg\u00fcn bak\u0131\u015f a\u00e7\u0131lar\u0131yla kendilerini \u00f6zg\u00fcrce ifade etme imk\u00e2n\u0131 bulacaklar. Gen\u00e7 sanat\u00e7\u0131lar, bireysel ya da kolektif projelerle, karma medya ya da foto\u011frafla ilgili alternatif bask\u0131 tekniklerini i\u00e7eren \u00e7al\u0131\u015fmalarla da sergiye kat\u0131labilirler.<\/p>\n\n\n\n<p>Son ba\u015fvuru tarihi&nbsp;<strong>1 Eyl\u00fcl 2025&nbsp;<\/strong>olan Sergi\u2019nin se\u00e7ici kurulunda; Foto\u011fraf\u00e7\u0131&nbsp;<strong>Barbaros Kayan<\/strong>, Sanat\u00e7\u0131&nbsp;<strong>G\u00fcl Ilgaz<\/strong>, Foto\u011fraf\u00e7\u0131, Mimar Sinan \u00dcniversitesi G\u00fczel Sanatlar Fak\u00fcltesi \u00d6\u011fretim \u00dcyesi&nbsp;<strong>H\u00fcr\u00fc \u00d6zl\u00fck<\/strong>, Foto\u011fraf\u00e7\u0131, Yazar, Mimar Sinan \u00dcniversitesi G\u00fczel Sanatlar Fak\u00fcltesi \u00d6\u011fretim \u00dcyesi&nbsp;<strong>Merih Ako\u011ful<\/strong>&nbsp;ve \u0130FSAK Y\u00f6netim Kurulu Ba\u015fkan\u0131, Foto\u011fraf\u00e7\u0131&nbsp;<strong>Tania Sisa&nbsp;<\/strong>yer al\u0131yor.<\/p>\n\n\n\n<p>Se\u00e7ilen sanat\u00e7\u0131lar\u0131n eserleri, 2025 -2026 Sezon A\u00e7\u0131l\u0131\u015f\u0131 Sergisi kapsam\u0131nda&nbsp;<strong>\u0130FSAK Galeri<\/strong>\u2019de sergilenecek. Sergi a\u00e7\u0131l\u0131\u015f\u0131&nbsp;<strong>04 Ekim 2025<\/strong>&nbsp;g\u00fcn\u00fc yap\u0131lacak.<\/p>\n","protected":false},"excerpt":{"rendered":"<p>\u0130stanbul Foto\u011fraf ve Sinema Amat\u00f6rleri Derne\u011fi (\u0130FSAK), 18\u201328 ya\u015f aras\u0131 gen\u00e7 foto\u011fraf\u00e7\u0131lara 2025\u20132026 Sezon A\u00e7\u0131l\u0131\u015f Sergisi\u2019nde eserlerini sergileme f\u0131rsat\u0131 sunuyor. \u0130stanbul Foto\u011fraf ve Sinema Amat\u00f6rleri&hellip;<\/p>\n","protected":false},"author":6,"featured_media":2828,"comment_status":"open","ping_status":"open","sticky":false,"template":"","format":"standard","meta":{"footnotes":""},"categories":[22],"tags":[],"class_list":["post-2827","post","type-post","status-publish","format-standard","has-post-thumbnail","hentry","category-kultursanat"],"_links":{"self":[{"href":"https:\/\/www.mallandmotto.com\/index.php\/wp-json\/wp\/v2\/posts\/2827","targetHints":{"allow":["GET"]}}],"collection":[{"href":"https:\/\/www.mallandmotto.com\/index.php\/wp-json\/wp\/v2\/posts"}],"about":[{"href":"https:\/\/www.mallandmotto.com\/index.php\/wp-json\/wp\/v2\/types\/post"}],"author":[{"embeddable":true,"href":"https:\/\/www.mallandmotto.com\/index.php\/wp-json\/wp\/v2\/users\/6"}],"replies":[{"embeddable":true,"href":"https:\/\/www.mallandmotto.com\/index.php\/wp-json\/wp\/v2\/comments?post=2827"}],"version-history":[{"count":1,"href":"https:\/\/www.mallandmotto.com\/index.php\/wp-json\/wp\/v2\/posts\/2827\/revisions"}],"predecessor-version":[{"id":2829,"href":"https:\/\/www.mallandmotto.com\/index.php\/wp-json\/wp\/v2\/posts\/2827\/revisions\/2829"}],"wp:featuredmedia":[{"embeddable":true,"href":"https:\/\/www.mallandmotto.com\/index.php\/wp-json\/wp\/v2\/media\/2828"}],"wp:attachment":[{"href":"https:\/\/www.mallandmotto.com\/index.php\/wp-json\/wp\/v2\/media?parent=2827"}],"wp:term":[{"taxonomy":"category","embeddable":true,"href":"https:\/\/www.mallandmotto.com\/index.php\/wp-json\/wp\/v2\/categories?post=2827"},{"taxonomy":"post_tag","embeddable":true,"href":"https:\/\/www.mallandmotto.com\/index.php\/wp-json\/wp\/v2\/tags?post=2827"}],"curies":[{"name":"wp","href":"https:\/\/api.w.org\/{rel}","templated":true}]}}