{"id":2880,"date":"2025-08-15T11:38:51","date_gmt":"2025-08-15T11:38:51","guid":{"rendered":"https:\/\/www.mallandmotto.com\/?p=2880"},"modified":"2025-08-15T11:38:51","modified_gmt":"2025-08-15T11:38:51","slug":"z-kusagi-avmleri-neden-tercih-ediyor","status":"publish","type":"post","link":"https:\/\/www.mallandmotto.com\/index.php\/2025\/08\/15\/z-kusagi-avmleri-neden-tercih-ediyor\/","title":{"rendered":"Z Ku\u015fa\u011f\u0131 AVM\u2019leri Neden Tercih Ediyor"},"content":{"rendered":"\n<h3 class=\"wp-block-heading\">Dijital \u00e7a\u011f\u0131n yerlisi olan Z ku\u015fa\u011f\u0131, al\u0131\u015fveri\u015fi yaln\u0131zca \u00fcr\u00fcn sat\u0131n almak olarak de\u011fil; deneyim, sosyalle\u015fme ve kendini ifade etme alan\u0131 olarak g\u00f6r\u00fcyor. Peki bu ku\u015fak neden AVM\u2019leri tercih ediyor?<br><\/h3>\n\n\n\n<p>Al\u0131\u015fveri\u015f merkezleri, uzun y\u0131llar boyunca her ya\u015ftan ziyaret\u00e7inin ilgisini \u00e7ekmeyi ba\u015fard\u0131. Ancak son y\u0131llarda Z ku\u015fa\u011f\u0131n\u0131n t\u00fcketim al\u0131\u015fkanl\u0131klar\u0131 ve beklentileri, AVM\u2019lerin konseptlerini yeniden \u015fekillendirmeye ba\u015flad\u0131. 1997-2012 y\u0131llar\u0131 aras\u0131nda do\u011fan bu ku\u015fak, teknolojiye do\u011fmu\u015f olmas\u0131, h\u0131zl\u0131 t\u00fcketim anlay\u0131\u015f\u0131 ve deneyim odakl\u0131 bak\u0131\u015f a\u00e7\u0131s\u0131yla \u00f6ne \u00e7\u0131k\u0131yor. E-ticaretin y\u00fckseli\u015fine ra\u011fmen, AVM\u2019ler h\u00e2l\u00e2 Z ku\u015fa\u011f\u0131 i\u00e7in pop\u00fcler bulu\u015fma noktalar\u0131 olmay\u0131 s\u00fcrd\u00fcr\u00fcyor. Bunun arkas\u0131nda ise yaln\u0131zca al\u0131\u015fveri\u015f de\u011fil, \u00e7ok daha derin nedenler yat\u0131yor.<\/p>\n\n\n\n<p><strong>Ara\u015ft\u0131rma Bulgular\u0131 ve Nedenler:<\/strong><\/p>\n\n\n\n<ol class=\"wp-block-list\">\n<li><strong>Deneyim Odakl\u0131 Mek\u00e2nlar<\/strong><br>Z ku\u015fa\u011f\u0131, al\u0131\u015fveri\u015fe \u201csadece al\u0131\u015fveri\u015f\u201d g\u00f6z\u00fcyle bakm\u0131yor. AVM\u2019lerdeki sinema salonlar\u0131, VR oyun alanlar\u0131, at\u00f6lyeler ve etkinlikler, bu ku\u015fa\u011f\u0131n ilgisini \u00e7ekiyor. \u00d6zellikle tematik alanlar ve Instagram\u2019a uygun foto\u011fraf k\u00f6\u015feleri, ziyaret motivasyonunu art\u0131r\u0131yor.<\/li>\n\n\n\n<li><strong>Sosyalle\u015fme \u0130mk\u00e2n\u0131<\/strong><br>Pandemi sonras\u0131 sosyalle\u015fme ihtiyac\u0131 daha da belirginle\u015fti. Arkada\u015f gruplar\u0131yla vakit ge\u00e7irilebilecek kafe, restoran ve e\u011flence alanlar\u0131, Z ku\u015fa\u011f\u0131n\u0131n AVM\u2019leri \u201cbulu\u015fma noktas\u0131\u201d olarak g\u00f6rmesinde \u00f6nemli rol oynuyor.<\/li>\n\n\n\n<li><strong>Marka \u00c7e\u015fitlili\u011fi ve Trend Takibi<\/strong><br>Global ve yerel markalar\u0131 tek \u00e7at\u0131 alt\u0131nda bulabilmek, \u00f6zellikle moday\u0131 yak\u0131ndan takip eden Z ku\u015fa\u011f\u0131 i\u00e7in b\u00fcy\u00fck bir avantaj. AVM\u2019ler, bu ku\u015fa\u011f\u0131n trendleri h\u0131zl\u0131 \u015fekilde deneyimleyebilece\u011fi bir ortam sunuyor.<\/li>\n\n\n\n<li><strong>G\u00fcvenlik ve Konfor<\/strong><br>Z ku\u015fa\u011f\u0131, ula\u015f\u0131m kolayl\u0131\u011f\u0131, g\u00fcvenlik hizmetleri, kapal\u0131 ve kontroll\u00fc ortam avantaj\u0131 nedeniyle AVM\u2019leri tercih ediyor.<\/li>\n\n\n\n<li><strong>Etkinlikler ve Topluluk Deneyimi<\/strong><br>E-spor turnuvalar\u0131, konserler, influencer bulu\u015fmalar\u0131 gibi etkinlikler, AVM\u2019leri Z ku\u015fa\u011f\u0131 i\u00e7in bir \u201ck\u00fclt\u00fcr merkezi\u201dne d\u00f6n\u00fc\u015ft\u00fcr\u00fcyor.<\/li>\n<\/ol>\n","protected":false},"excerpt":{"rendered":"<p>Dijital \u00e7a\u011f\u0131n yerlisi olan Z ku\u015fa\u011f\u0131, al\u0131\u015fveri\u015fi yaln\u0131zca \u00fcr\u00fcn sat\u0131n almak olarak de\u011fil; deneyim, sosyalle\u015fme ve kendini ifade etme alan\u0131 olarak g\u00f6r\u00fcyor. Peki bu ku\u015fak&hellip;<\/p>\n","protected":false},"author":6,"featured_media":2881,"comment_status":"open","ping_status":"open","sticky":false,"template":"","format":"standard","meta":{"footnotes":""},"categories":[27],"tags":[],"class_list":["post-2880","post","type-post","status-publish","format-standard","has-post-thumbnail","hentry","category-mottoozel"],"_links":{"self":[{"href":"https:\/\/www.mallandmotto.com\/index.php\/wp-json\/wp\/v2\/posts\/2880","targetHints":{"allow":["GET"]}}],"collection":[{"href":"https:\/\/www.mallandmotto.com\/index.php\/wp-json\/wp\/v2\/posts"}],"about":[{"href":"https:\/\/www.mallandmotto.com\/index.php\/wp-json\/wp\/v2\/types\/post"}],"author":[{"embeddable":true,"href":"https:\/\/www.mallandmotto.com\/index.php\/wp-json\/wp\/v2\/users\/6"}],"replies":[{"embeddable":true,"href":"https:\/\/www.mallandmotto.com\/index.php\/wp-json\/wp\/v2\/comments?post=2880"}],"version-history":[{"count":1,"href":"https:\/\/www.mallandmotto.com\/index.php\/wp-json\/wp\/v2\/posts\/2880\/revisions"}],"predecessor-version":[{"id":2882,"href":"https:\/\/www.mallandmotto.com\/index.php\/wp-json\/wp\/v2\/posts\/2880\/revisions\/2882"}],"wp:featuredmedia":[{"embeddable":true,"href":"https:\/\/www.mallandmotto.com\/index.php\/wp-json\/wp\/v2\/media\/2881"}],"wp:attachment":[{"href":"https:\/\/www.mallandmotto.com\/index.php\/wp-json\/wp\/v2\/media?parent=2880"}],"wp:term":[{"taxonomy":"category","embeddable":true,"href":"https:\/\/www.mallandmotto.com\/index.php\/wp-json\/wp\/v2\/categories?post=2880"},{"taxonomy":"post_tag","embeddable":true,"href":"https:\/\/www.mallandmotto.com\/index.php\/wp-json\/wp\/v2\/tags?post=2880"}],"curies":[{"name":"wp","href":"https:\/\/api.w.org\/{rel}","templated":true}]}}