{"id":2962,"date":"2025-08-16T06:02:14","date_gmt":"2025-08-16T06:02:14","guid":{"rendered":"https:\/\/www.mallandmotto.com\/?p=2962"},"modified":"2025-08-29T10:34:02","modified_gmt":"2025-08-29T10:34:02","slug":"merrell-belgrad-ultra-2025-5-6-eylulde-basliyor","status":"publish","type":"post","link":"https:\/\/www.mallandmotto.com\/index.php\/2025\/08\/16\/merrell-belgrad-ultra-2025-5-6-eylulde-basliyor\/","title":{"rendered":"Merrell Belgrad Ultra 2025, 5-6 Eyl\u00fcl\u2019de Ba\u015fl\u0131yor"},"content":{"rendered":"\n<h3 class=\"wp-block-heading\"><strong>5-6 Eyl\u00fcl tarihlerinde \u0130stanbul Kemerburgaz Kent Orman\u0131&#8217;nda ger\u00e7ekle\u015ftirilecek Merrell Belgrad Ultra 2025; sporu, e\u011flenceyi ve do\u011fay\u0131 bir araya getiren benzersiz bir deneyim sunmaya haz\u0131rlan\u0131yor. Deneyimli ko\u015fucular\u0131 ve sporu yeni ya\u015fam bi\u00e7imi haline getirenlerin \u201c\u0130stanbul\u2019u Ko\u015f\u201d mottosuyla be\u015f farkl\u0131 parkurda yar\u0131\u015faca\u011f\u0131 etkinlik m\u00fczik, dans ve \u00e7e\u015fitli spor aktiviteleriyle zenginle\u015fen bir a\u00e7\u0131k hava festivaline d\u00f6n\u00fc\u015fecek.&nbsp;<\/strong><\/h3>\n\n\n\n<p><strong>Do\u011fayla ba\u011f kurman\u0131n, \u015fehir hayat\u0131n\u0131n temposuna k\u0131sa bir mola vermenin ve m\u00fccadeleci ruhumuzu yeniden hat\u0131rlaman\u0131n zaman\u0131 geldi.&nbsp;<\/strong>SPX\u2019in sponsorlu\u011funda do\u011fay\u0131 ve sporu birle\u015ftiren, dans, m\u00fczik ve e\u011flence dolu bir spor festivali olan Merrell Belgrad Ultra, her ya\u015ftan ve her seviyeden sporseverleri a\u011f\u0131rlamaya haz\u0131rlan\u0131yor. \u015eehrin i\u00e7inde ama do\u011fayla i\u00e7 i\u00e7e bir atmosferde, &#8220;\u0130stanbul&#8217;u Ko\u015f&#8221; mottosuyla, Merrell\u2019in isim sponsorlu\u011funda ger\u00e7ekle\u015fecek bu etkinlikte, Team Race 5K, Fun Run 5K, Belgrad Anadolu Sigorta Trail 15K, Belgrad Medium Trail 30K ve Belgrad Ultra 60K olmak \u00fczere be\u015f farkl\u0131 parkur se\u00e7ene\u011fiyle yar\u0131\u015fma imk\u00e2n\u0131 bulunuyor.<\/p>\n\n\n\n<p><strong>M\u00fczik, dans ve spor bir arada<\/strong><\/p>\n\n\n\n<p>Patika ko\u015fusunun T\u00fcrkiye\u2019deki geli\u015fimine \u00f6nc\u00fcl\u00fck eden Merrell, bu etkinlikle sporseverleri hem fiziksel hem de ruhsal olarak besleyecek bir yolculu\u011fa davet ediyor. Ko\u015funun dinamizmini do\u011fan\u0131n huzuruyla birle\u015ftiren yar\u0131\u015f, farkl\u0131 mesafelerde binlerce ko\u015fucuyu a\u011f\u0131rlayacak ve etkinlik alan\u0131 tam anlam\u0131yla bir a\u00e7\u0131k hava festivaline d\u00f6n\u00fc\u015fecek. M\u00fczik, dans ve \u00e7e\u015fitli spor aktiviteleriyle zenginle\u015fecek festival, kat\u0131l\u0131mc\u0131lara hem yar\u0131\u015f heyecan\u0131 hem de ilham verici ve e\u011flenceli bir topluluk deneyimi sunacak.&nbsp;<\/p>\n\n\n\n<p>\u015eehre yak\u0131n, do\u011faya \u00e7ok yak\u0131n bu etkinlikte, Belgrad Ultra yar\u0131\u015f\u0131nda \u00f6\u011frencilere ve 65 ya\u015f ve \u00fczerindeki kat\u0131l\u0131mc\u0131lara y\u00fczde 50 indirim uygulanacak.&nbsp;<\/p>\n","protected":false},"excerpt":{"rendered":"<p>5-6 Eyl\u00fcl tarihlerinde \u0130stanbul Kemerburgaz Kent Orman\u0131&#8217;nda ger\u00e7ekle\u015ftirilecek Merrell Belgrad Ultra 2025; sporu, e\u011flenceyi ve do\u011fay\u0131 bir araya getiren benzersiz bir deneyim sunmaya haz\u0131rlan\u0131yor. Deneyimli&hellip;<\/p>\n","protected":false},"author":6,"featured_media":2963,"comment_status":"open","ping_status":"open","sticky":false,"template":"","format":"standard","meta":{"footnotes":""},"categories":[1],"tags":[],"class_list":["post-2962","post","type-post","status-publish","format-standard","has-post-thumbnail","hentry","category-serbest"],"_links":{"self":[{"href":"https:\/\/www.mallandmotto.com\/index.php\/wp-json\/wp\/v2\/posts\/2962","targetHints":{"allow":["GET"]}}],"collection":[{"href":"https:\/\/www.mallandmotto.com\/index.php\/wp-json\/wp\/v2\/posts"}],"about":[{"href":"https:\/\/www.mallandmotto.com\/index.php\/wp-json\/wp\/v2\/types\/post"}],"author":[{"embeddable":true,"href":"https:\/\/www.mallandmotto.com\/index.php\/wp-json\/wp\/v2\/users\/6"}],"replies":[{"embeddable":true,"href":"https:\/\/www.mallandmotto.com\/index.php\/wp-json\/wp\/v2\/comments?post=2962"}],"version-history":[{"count":1,"href":"https:\/\/www.mallandmotto.com\/index.php\/wp-json\/wp\/v2\/posts\/2962\/revisions"}],"predecessor-version":[{"id":2964,"href":"https:\/\/www.mallandmotto.com\/index.php\/wp-json\/wp\/v2\/posts\/2962\/revisions\/2964"}],"wp:featuredmedia":[{"embeddable":true,"href":"https:\/\/www.mallandmotto.com\/index.php\/wp-json\/wp\/v2\/media\/2963"}],"wp:attachment":[{"href":"https:\/\/www.mallandmotto.com\/index.php\/wp-json\/wp\/v2\/media?parent=2962"}],"wp:term":[{"taxonomy":"category","embeddable":true,"href":"https:\/\/www.mallandmotto.com\/index.php\/wp-json\/wp\/v2\/categories?post=2962"},{"taxonomy":"post_tag","embeddable":true,"href":"https:\/\/www.mallandmotto.com\/index.php\/wp-json\/wp\/v2\/tags?post=2962"}],"curies":[{"name":"wp","href":"https:\/\/api.w.org\/{rel}","templated":true}]}}