{"id":3010,"date":"2025-08-16T06:53:37","date_gmt":"2025-08-16T06:53:37","guid":{"rendered":"https:\/\/www.mallandmotto.com\/?p=3010"},"modified":"2025-08-28T10:42:06","modified_gmt":"2025-08-28T10:42:06","slug":"paket-postanesinde-vintage-market-etkinligi-basliyor","status":"publish","type":"post","link":"https:\/\/www.mallandmotto.com\/index.php\/2025\/08\/16\/paket-postanesinde-vintage-market-etkinligi-basliyor\/","title":{"rendered":"Paket Postanesi\u2019nde Vintage Market Etkinli\u011fi Ba\u015fl\u0131yor"},"content":{"rendered":"\n<h3 class=\"wp-block-heading\"><strong>Galataport \u0130stanbul\u2019un sembol yap\u0131lar\u0131ndan Paket Postanesi, lokal marka ve sanat\u00e7\u0131lar\u0131n bulu\u015fma alan\u0131 K\u00f6hne ile Karak\u00f6y\u2019\u00fcn renkli ruhunu yans\u0131tan heyecan verici bir organizasyona ev sahipli\u011fi yap\u0131yor. Farkl\u0131 t\u00fcrde vintage markalar\u0131n bir araya gelece\u011fi etkinlik kapsam\u0131nda; 31 Temmuz-10 A\u011fustos tarihleri aras\u0131nda at\u00f6lyeler, DJ performanslar\u0131, iyi kahve ve interaktif oyunla\u015ft\u0131rma deneyimleri Paket Postanesi\u2019nin \u00fcst kat\u0131nda misafirleri bekliyor.<br>\u00a0<\/strong><\/h3>\n\n\n\n<p>Galataport \u0130stanbul, Paket Postanesi\u2019nin \u00fcst kat\u0131nda kolektif bir etkinli\u011fe ev sahipli\u011fi yap\u0131yor. Ma\u011fazas\u0131nda yerel marka ve sanat\u00e7\u0131lardan k\u00fcrasyonlar sunan K\u00f6hne, 31 Temmuz\u2019dan 10 A\u011fustos\u2019a kadar \u201cvintage market\u201d konseptinde markalar\u0131 bir araya getiriyor. Ortak alanda interaktif oyunla\u015ft\u0131rma deneyimleri, Petra Roasting Company ile Urban Brand\u2019in lezzetli kahveleri ve farkl\u0131 DJ performanslar\u0131n\u0131n e\u015flik etti\u011fi etkinlikte, Paket Postanesi \u00e7at\u0131s\u0131 alt\u0131ndaki belirli lokal ma\u011fazalar kendilerine uygun markalarla e\u015fle\u015ftiriliyor. Kom\u00fcn e\u011flenceli m\u00fczik ve \u00f6zel lezzetleri, Shop Etajer, Pays des Merveilles, Beet Market Vintage Pop + Sandy, Pemy, Freedom of Space, Figg, The 10PM, Ryder Act, E-Fash, Maeve ve daha bir\u00e7ok marka otantik tasar\u0131mlar\u0131yla Paket Postanesi\u2019ni 10 g\u00fcnl\u00fc\u011f\u00fcne \u201cvintage\u201d bir ambiyansa b\u00fcr\u00fcnd\u00fcr\u00fcyor.<\/p>\n","protected":false},"excerpt":{"rendered":"<p>Galataport \u0130stanbul\u2019un sembol yap\u0131lar\u0131ndan Paket Postanesi, lokal marka ve sanat\u00e7\u0131lar\u0131n bulu\u015fma alan\u0131 K\u00f6hne ile Karak\u00f6y\u2019\u00fcn renkli ruhunu yans\u0131tan heyecan verici bir organizasyona ev sahipli\u011fi yap\u0131yor.&hellip;<\/p>\n","protected":false},"author":6,"featured_media":3011,"comment_status":"open","ping_status":"open","sticky":false,"template":"","format":"standard","meta":{"footnotes":""},"categories":[1],"tags":[],"class_list":["post-3010","post","type-post","status-publish","format-standard","has-post-thumbnail","hentry","category-serbest"],"_links":{"self":[{"href":"https:\/\/www.mallandmotto.com\/index.php\/wp-json\/wp\/v2\/posts\/3010","targetHints":{"allow":["GET"]}}],"collection":[{"href":"https:\/\/www.mallandmotto.com\/index.php\/wp-json\/wp\/v2\/posts"}],"about":[{"href":"https:\/\/www.mallandmotto.com\/index.php\/wp-json\/wp\/v2\/types\/post"}],"author":[{"embeddable":true,"href":"https:\/\/www.mallandmotto.com\/index.php\/wp-json\/wp\/v2\/users\/6"}],"replies":[{"embeddable":true,"href":"https:\/\/www.mallandmotto.com\/index.php\/wp-json\/wp\/v2\/comments?post=3010"}],"version-history":[{"count":1,"href":"https:\/\/www.mallandmotto.com\/index.php\/wp-json\/wp\/v2\/posts\/3010\/revisions"}],"predecessor-version":[{"id":3012,"href":"https:\/\/www.mallandmotto.com\/index.php\/wp-json\/wp\/v2\/posts\/3010\/revisions\/3012"}],"wp:featuredmedia":[{"embeddable":true,"href":"https:\/\/www.mallandmotto.com\/index.php\/wp-json\/wp\/v2\/media\/3011"}],"wp:attachment":[{"href":"https:\/\/www.mallandmotto.com\/index.php\/wp-json\/wp\/v2\/media?parent=3010"}],"wp:term":[{"taxonomy":"category","embeddable":true,"href":"https:\/\/www.mallandmotto.com\/index.php\/wp-json\/wp\/v2\/categories?post=3010"},{"taxonomy":"post_tag","embeddable":true,"href":"https:\/\/www.mallandmotto.com\/index.php\/wp-json\/wp\/v2\/tags?post=3010"}],"curies":[{"name":"wp","href":"https:\/\/api.w.org\/{rel}","templated":true}]}}