{"id":3069,"date":"2025-08-17T09:04:12","date_gmt":"2025-08-17T09:04:12","guid":{"rendered":"https:\/\/www.mallandmotto.com\/?p=3069"},"modified":"2025-08-17T09:04:13","modified_gmt":"2025-08-17T09:04:13","slug":"turk-telekom-2024-faaliyet-raporu-fiber-mobilite-ile-dunya-degisiyor","status":"publish","type":"post","link":"https:\/\/www.mallandmotto.com\/index.php\/2025\/08\/17\/turk-telekom-2024-faaliyet-raporu-fiber-mobilite-ile-dunya-degisiyor\/","title":{"rendered":"T\u00fcrk Telekom 2024 Faaliyet Raporu: \u2018Fiber Mobilite ile D\u00fcnya De\u011fi\u015fiyor\u2019"},"content":{"rendered":"\n<h3 class=\"wp-block-heading\"><strong>Teknolojiyi iyili\u011fe ve faydaya d\u00f6n\u00fc\u015ft\u00fcrme vizyonuyla \u00e7al\u0131\u015fmalar\u0131n\u0131 s\u00fcrd\u00fcren T\u00fcrk Telekom,&nbsp;<em>\u201cFiber Mobilite ile D\u00fcnya De\u011fi\u015fiyor\u201d<\/em>&nbsp;ba\u015fl\u0131\u011f\u0131yla 2024 y\u0131l\u0131 Entegre Faaliyet Raporu\u2019nu yay\u0131mlad\u0131. T\u00fcrk Telekom\u2019un finansal ba\u015far\u0131lar\u0131n\u0131n yan\u0131 s\u0131ra faaliyetlerine ili\u015fkin bilgilerin ve uzun vadeli de\u011fer yaratma hedeflerinin de a\u00e7\u0131kland\u0131\u011f\u0131 raporda; \u015firketin 2024 y\u0131l\u0131na ait \u00c7evresel, Sosyal ve Y\u00f6neti\u015fim (\u00c7SY) performans\u0131 ve s\u00fcrd\u00fcr\u00fclebilirlik alan\u0131ndaki ilerlemeleri yer ald\u0131.&nbsp;<\/strong><\/h3>\n\n\n\n<figure class=\"wp-block-table\"><table class=\"has-fixed-layout\"><tbody><tr><td><strong>T\u00fcrk Telekom Finans Genel M\u00fcd\u00fcr Yard\u0131mc\u0131s\u0131 \u00d6mer Karademir \u201cT\u00fcrk Telekom olarak \u00fclkemizin dijital gelece\u011fi i\u00e7in yat\u0131r\u0131mlar\u0131m\u0131za devam ederken, stratejilerimizi s\u00fcrd\u00fcr\u00fclebilir temeller \u00fczerine in\u015fa ediyoruz. Grubumuzun finansal ve operasyonel performans\u0131n\u0131n yan\u0131 s\u0131ra \u00c7evresel, Sosyal ve Y\u00f6neti\u015fim (\u00c7SY) performans\u0131n\u0131 sundu\u011fumuz entegre raporlama modelinde bu y\u0131l \u015firketimizin uzun vadeli stratejisini ve etki alanlar\u0131n\u0131 daha kapsaml\u0131 bir \u015fekilde ele ald\u0131k. Dijital d\u00f6n\u00fc\u015f\u00fcmdeki \u00f6nc\u00fc rol\u00fcm\u00fcz\u00fc ye\u015fil d\u00f6n\u00fc\u015f\u00fcmdeki liderli\u011fimizle peki\u015ftirerek s\u00fcrd\u00fcr\u00fclebilir bir dijital gelecek in\u015fa ediyoruz\u201d dedi.<\/strong>&nbsp;\u0130nsan, toplum ve \u00e7evre oda\u011f\u0131nda \u2018de\u011fer\u2019 yaratma vizyonuyla T\u00fcrkiye\u2019nin dijital d\u00f6n\u00fc\u015f\u00fcm\u00fcne liderlik eden T\u00fcrk Telekom, teknoloji birikimini ya\u015fam\u0131n t\u00fcm alanlar\u0131na yans\u0131tan \u00e7al\u0131\u015fmalar\u0131yla s\u00fcrekli geli\u015ftiriyor. T\u00fcrk Telekom, s\u00fcrd\u00fcr\u00fclebilirlik stratejisi do\u011frultusunda \u00e7evresel etki, toplumsal fayda, dijital e\u015fitlik ve ekonomiye olan katk\u0131lar\u0131n\u0131n da yer ald\u0131\u011f\u0131 2024 y\u0131l\u0131 \u2018Entegre Faaliyet Raporu\u2019nu yay\u0131mlad\u0131. \u2018Fiber Mobilite ile D\u00fcnya De\u011fi\u015fiyor\u2019 temas\u0131yla yay\u0131nlanan 2024 y\u0131l\u0131 entegre raporu, GRI (Global Reporting Initiative) standartlar\u0131na uygun olarak haz\u0131rland\u0131.&nbsp;T\u00fcrk Telekom\u2019un finansal ve operasyonel performans\u0131n\u0131 detayl\u0131 bir \u015fekilde sunman\u0131n yan\u0131 s\u0131ra, \u00e7evre, sosyal ve y\u00f6neti\u015fim alanlar\u0131ndaki ilerlemelerinin de kapsaml\u0131 bir \u015fekilde ele al\u0131nd\u0131\u011f\u0131 raporda; \u015firketin, Birle\u015fmi\u015f Milletler K\u00fcresel \u0130lkeler S\u00f6zle\u015fmesi (UNGC), S\u00fcrd\u00fcr\u00fclebilir Kalk\u0131nma Hedefleri (SDG\u2019ler), \u0130klimle&nbsp;Ba\u011flant\u0131l\u0131 Finansal Beyanlar G\u00f6rev G\u00fcc\u00fc (TCFD) ve di\u011fer s\u00fcrd\u00fcr\u00fclebilirlik endekslerine katk\u0131lar\u0131na da dikkat \u00e7ekildi.&nbsp;&nbsp;<strong><em>T\u00fcrk Telekom Finans Genel M\u00fcd\u00fcr Yard\u0131mc\u0131 \u00d6mer Karademir,<\/em><\/strong>&nbsp;\u201c\u00dclkemizin dijital d\u00f6n\u00fc\u015f\u00fcm\u00fcne liderlik ederken teknoloji birikimimizle daha s\u00fcrd\u00fcr\u00fclebilir, kapsay\u0131c\u0131 ve yenilik\u00e7i bir gelecek i\u00e7in yat\u0131r\u0131mlar\u0131m\u0131za ve faaliyetlerimize devam ediyoruz. Bu y\u0131lki raporumuzda global geli\u015fmeler ve y\u00fckselen volatilite i\u00e7erisinde art\u0131rarak s\u00fcrd\u00fcrd\u00fc\u011f\u00fcm\u00fcz finansal ve operasyonel g\u00fcc\u00fcm\u00fcz\u00fc, h\u0131z kesmeden devam ettirdi\u011fimiz yat\u0131r\u0131mlar\u0131m\u0131z\u0131 ve bunu destekleyen rakamsal verileri ortaya koyarak i\u015f stratejilerimizi ve risk y\u00f6netim politikalar\u0131m\u0131z\u0131 detayl\u0131 \u015fekilde aktard\u0131k. Son iki y\u0131lda S\u00fcrd\u00fcr\u00fclebilirlik ba\u015fl\u0131\u011f\u0131nda h\u0131zland\u0131rd\u0131\u011f\u0131m\u0131z faaliyetlerimizin etkisini \u00f6l\u00e7mek amac\u0131yla kapsaml\u0131 bir payda\u015f anketi d\u00fczenledik ve \u00f6ncelikli konular\u0131m\u0131z\u0131 detayl\u0131 olarak g\u00f6zden ge\u00e7irme f\u0131rsat\u0131 bulduk. De\u011fer yaratma modelimizi kompakt bir \u015fekilde ortaya koyduk. Raporumuzda detayland\u0131rd\u0131\u011f\u0131m\u0131z yol haritam\u0131z, Kapsam 1 ve 2 emisyonlar\u0131m\u0131z\u0131 2030 y\u0131l\u0131na kadar %45 azaltma ve 2050 y\u0131l\u0131na kadar net s\u0131f\u0131r hedeflerimize ula\u015fma konusundaki kararl\u0131l\u0131\u011f\u0131m\u0131z\u0131 ve \u015feffafl\u0131\u011f\u0131m\u0131z\u0131 g\u00f6steriyor. 2023 y\u0131l\u0131nda karbon envanterimizi geni\u015fleterek t\u00fcm grup \u015firketlerimizi dahil etmemizin ve 2020 y\u0131l\u0131n\u0131 baz alarak geriye d\u00f6n\u00fck d\u00f6rt y\u0131ll\u0131k emisyonlar\u0131m\u0131z\u0131 Kapsam 1, 2 ve 3 olmak \u00fczere ayr\u0131 ayr\u0131 hesaplamam\u0131z\u0131n ard\u0131ndan, 2024 y\u0131l\u0131nda emisyon hesaplamalar\u0131m\u0131z\u0131 ve veri kalitesini iyile\u015ftirerek devam ettirdik. \u00d6n\u00fcm\u00fczdeki d\u00f6nemde Kapsam 3 emisyonlar\u0131na y\u00f6nelik hedeflerimizi belirlemek \u00fczere \u00e7al\u0131\u015fmalar\u0131m\u0131z\u0131 s\u00fcrd\u00fcrece\u011fiz. S\u00fcrd\u00fcr\u00fclebilirlik ba\u015fl\u0131\u011f\u0131nda artan zorunlu raporlama gereklilikleriyle birlikte Entegre Faaliyet Raporumuzu daha da derinle\u015ftirerek t\u00fcm payda\u015flar\u0131m\u0131z i\u00e7in \u00f6nemli bir kaynak olarak tutmaya devam edece\u011fiz\u201d dedi.&nbsp;<strong>&nbsp;<\/strong><strong>\u201cDijital d\u00f6n\u00fc\u015f\u00fcmdeki \u00f6nc\u00fc rol\u00fcm\u00fcz\u00fc s\u00fcrd\u00fcr\u00fcrken, ye\u015fil d\u00f6n\u00fc\u015f\u00fcmde de kararl\u0131 ad\u0131mlar at\u0131yoruz\u201d<\/strong><br>Teknolojiyi insana, topluma ve do\u011faya faydaya d\u00f6n\u00fc\u015ft\u00fcrmek i\u00e7in \u00f6nemli yat\u0131r\u0131mlar yapt\u0131klar\u0131n\u0131 belirten Karademir, \u201cDijital e\u015fitli\u011fi \u00f6nemsiyor, T\u00fcrkiye\u2019nin 81 ilinde ger\u00e7ekle\u015ftirdi\u011fimiz altyap\u0131 yat\u0131r\u0131mlar\u0131m\u0131zla herkes i\u00e7in eri\u015filebilir bir dijital d\u00fcnya i\u00e7in \u00e7al\u0131\u015f\u0131yoruz. Fiber altyap\u0131daki g\u00fcc\u00fcm\u00fcz\u00fc mobile aktararak 2024\u2019te Fiber Mobilite ile yeni bir d\u00f6nemi ba\u015flatt\u0131k. LTE mobil baz istasyonlar\u0131m\u0131z\u0131n %54\u2019\u00fcn\u00fc fiberle ba\u011flayarak, 2030\u2019da hedeflenen d\u00fcnya ortalamas\u0131n\u0131n \u00fczerinde bir rakama ula\u015ft\u0131k. Dijital d\u00f6n\u00fc\u015f\u00fcmdeki \u00f6nc\u00fc rol\u00fcm\u00fcz\u00fc s\u00fcrd\u00fcr\u00fcrken, ye\u015fil d\u00f6n\u00fc\u015f\u00fcmde de kararl\u0131 ad\u0131mlar at\u0131yoruz. Mobil baz istasyonlar\u0131m\u0131zda karbon emisyonlar\u0131n\u0131 d\u00fc\u015f\u00fcren yeni nesil ye\u015fil \u015febeke teknolojilerinin kurulumunu yaparken, veri merkezlerimize en yeni \u00e7evreci sistemleri entegre ediyoruz. Elektrikli Ara\u00e7 \u015earj A\u011f\u0131 hizmetlerinin yan\u0131 s\u0131ra yapay zek\u00e2 ve IoT teknolojileriyle ak\u0131ll\u0131 \u015fehircilik, elektrik t\u00fcketimi ve sulamada inovatif \u00e7\u00f6z\u00fcmler sunarak sera gaz\u0131 sal\u0131m\u0131n\u0131 azalt\u0131lmas\u0131n\u0131 sa\u011fl\u0131yoruz. S\u00fcrd\u00fcr\u00fclebilirlik oda\u011f\u0131nda ger\u00e7ekle\u015ftirdi\u011fimiz faaliyetlerle d\u00fcnyan\u0131n en b\u00fcy\u00fck \u00e7evre raporlama platformu olan Karbon Saydaml\u0131k Projesi\u2019nin (CDP) \u0130klim De\u011fi\u015fikli\u011fi Program\u0131\u2019nda son iki y\u0131l i\u00e7erisinde d\u00f6rt kademe y\u00fckselerek Global A listesine girdik. Bununla birlikte enerjimizi yenilenebilir kaynaklardan sa\u011flamak amac\u0131yla \u00f6nemli ad\u0131mlar at\u0131yoruz. Grubumuzun mevcut y\u0131ll\u0131k elektrik t\u00fcketiminin yakla\u015f\u0131k y\u00fczde 15\u2019ine kar\u015f\u0131l\u0131k gelen kapasiteye sahip T\u00fcrk Telekom Sivas Zara G\u00fcne\u015f Enerjisi Santrali\u2019nin kurulumunu ba\u015flatt\u0131k. \u015eirketimize tahsis edilen 405,8 megavatl\u0131k toplam GES kapasitesini \u00fc\u00e7 farkl\u0131 \u015fehirde kuraca\u011f\u0131m\u0131z tesislerle hayata ge\u00e7irece\u011fiz. GES yat\u0131r\u0131mlar\u0131m\u0131z, emisyon azalt\u0131m hedeflerimize ula\u015fmak i\u00e7in b\u00fcy\u00fck \u00f6nem ta\u015f\u0131yor\u201d dedi.&nbsp;<\/td><\/tr><tr><td><\/td><\/tr><\/tbody><\/table><\/figure>\n","protected":false},"excerpt":{"rendered":"<p>Teknolojiyi iyili\u011fe ve faydaya d\u00f6n\u00fc\u015ft\u00fcrme vizyonuyla \u00e7al\u0131\u015fmalar\u0131n\u0131 s\u00fcrd\u00fcren T\u00fcrk Telekom,&nbsp;\u201cFiber Mobilite ile D\u00fcnya De\u011fi\u015fiyor\u201d&nbsp;ba\u015fl\u0131\u011f\u0131yla 2024 y\u0131l\u0131 Entegre Faaliyet Raporu\u2019nu yay\u0131mlad\u0131. T\u00fcrk Telekom\u2019un finansal ba\u015far\u0131lar\u0131n\u0131n yan\u0131&hellip;<\/p>\n","protected":false},"author":6,"featured_media":3070,"comment_status":"open","ping_status":"open","sticky":false,"template":"","format":"standard","meta":{"footnotes":""},"categories":[28],"tags":[],"class_list":["post-3069","post","type-post","status-publish","format-standard","has-post-thumbnail","hentry","category-arastirma"],"_links":{"self":[{"href":"https:\/\/www.mallandmotto.com\/index.php\/wp-json\/wp\/v2\/posts\/3069","targetHints":{"allow":["GET"]}}],"collection":[{"href":"https:\/\/www.mallandmotto.com\/index.php\/wp-json\/wp\/v2\/posts"}],"about":[{"href":"https:\/\/www.mallandmotto.com\/index.php\/wp-json\/wp\/v2\/types\/post"}],"author":[{"embeddable":true,"href":"https:\/\/www.mallandmotto.com\/index.php\/wp-json\/wp\/v2\/users\/6"}],"replies":[{"embeddable":true,"href":"https:\/\/www.mallandmotto.com\/index.php\/wp-json\/wp\/v2\/comments?post=3069"}],"version-history":[{"count":1,"href":"https:\/\/www.mallandmotto.com\/index.php\/wp-json\/wp\/v2\/posts\/3069\/revisions"}],"predecessor-version":[{"id":3071,"href":"https:\/\/www.mallandmotto.com\/index.php\/wp-json\/wp\/v2\/posts\/3069\/revisions\/3071"}],"wp:featuredmedia":[{"embeddable":true,"href":"https:\/\/www.mallandmotto.com\/index.php\/wp-json\/wp\/v2\/media\/3070"}],"wp:attachment":[{"href":"https:\/\/www.mallandmotto.com\/index.php\/wp-json\/wp\/v2\/media?parent=3069"}],"wp:term":[{"taxonomy":"category","embeddable":true,"href":"https:\/\/www.mallandmotto.com\/index.php\/wp-json\/wp\/v2\/categories?post=3069"},{"taxonomy":"post_tag","embeddable":true,"href":"https:\/\/www.mallandmotto.com\/index.php\/wp-json\/wp\/v2\/tags?post=3069"}],"curies":[{"name":"wp","href":"https:\/\/api.w.org\/{rel}","templated":true}]}}