{"id":3073,"date":"2025-08-17T09:06:10","date_gmt":"2025-08-17T09:06:10","guid":{"rendered":"https:\/\/www.mallandmotto.com\/?p=3073"},"modified":"2025-08-17T09:06:11","modified_gmt":"2025-08-17T09:06:11","slug":"guclu-batkin-dunyagoz-ceosu-oldu","status":"publish","type":"post","link":"https:\/\/www.mallandmotto.com\/index.php\/2025\/08\/17\/guclu-batkin-dunyagoz-ceosu-oldu\/","title":{"rendered":"G\u00fc\u00e7l\u00fc Batk\u0131n D\u00fcnyag\u00f6z CEO\u2019su Oldu"},"content":{"rendered":"\n<h3 class=\"wp-block-heading\"><strong>1996 y\u0131l\u0131nda \u00fclkemizde bran\u015f hastanecili\u011fi anlay\u0131\u015f\u0131yla yeni bir d\u00f6nemi ba\u015flatan D\u00fcnyag\u00f6z Hastaneler Grubu\u2019nda \u00f6nemli bir \u00fcst d\u00fczey y\u00f6netici atamas\u0131 ger\u00e7ekle\u015ftirildi. D\u00fcnyag\u00f6z\u2019\u00fcn yeni CEO\u2019su (\u0130cra Kurulu Ba\u015fkan\u0131) G\u00fc\u00e7l\u00fc Batk\u0131n oldu. Say\u0131n Batk\u0131n, 1 A\u011fustos 2025 tarihi itibar\u0131yla g\u00f6revine resmi olarak ba\u015flad\u0131.<\/strong><\/h3>\n\n\n\n<p>20 y\u0131l\u0131 a\u015fk\u0131n uluslararas\u0131 y\u00f6neticilik deneyimine sahip olan G\u00fc\u00e7l\u00fc Batk\u0131n, havac\u0131l\u0131k, hizmet ve turizm sekt\u00f6rlerinde stratejik liderlik, kurumsal d\u00f6n\u00fc\u015f\u00fcm ve m\u00fc\u015fteri deneyimi y\u00f6netimi konular\u0131nda uzmanla\u015fm\u0131\u015ft\u0131r. Kariyerinde bir\u00e7ok \u00fcst d\u00fczey y\u00f6netim pozisyonunda bulunan Batk\u0131n, \u00f6zellikle TAV Havalimanlar\u0131 Holding b\u00fcnyesinde elde etti\u011fi ba\u015far\u0131larla tan\u0131nmaktad\u0131r.<\/p>\n\n\n\n<p>TAV \u0130\u015fletme Hizmetleri CEO\u2019su olarak g\u00f6rev yapt\u0131\u011f\u0131 d\u00f6nemde, 19 \u00fclkede ve 41 havaliman\u0131nda y\u00fcr\u00fct\u00fclen premium hizmet operasyonlar\u0131n\u0131 ba\u015far\u0131yla y\u00f6neten Batk\u0131n, \u015firketi havaliman\u0131 misafir a\u011f\u0131rlama (airport hospitality) alan\u0131nda k\u00fcresel \u00f6l\u00e7ekte lider bir oyuncu haline getirmi\u015ftir. Yolcu hizmetlerinden ticari alan y\u00f6netimine, dijital deneyim \u00e7\u00f6z\u00fcmlerinden m\u00fc\u015fteri memnuniyetine kadar geni\u015f bir yelpazede yenilik\u00e7i projeleri hayata ge\u00e7irerek, havac\u0131l\u0131k sekt\u00f6r\u00fcnde deneyim odakl\u0131 d\u00f6n\u00fc\u015f\u00fcm\u00fcn \u00f6nc\u00fcs\u00fc olmu\u015ftur.<\/p>\n\n\n\n<p>TAV \u00e7at\u0131s\u0131 alt\u0131nda ge\u00e7en kariyeri boyunca, TAV Tunisia CEO\u2019lu\u011fu ve Hava\u015f Genel M\u00fcd\u00fcr Yard\u0131mc\u0131l\u0131\u011f\u0131 dahil olmak \u00fczere bir\u00e7ok \u00fcst d\u00fczey y\u00f6neticilik g\u00f6revinde bulunmu\u015f; operasyonel verimlilik, finansal yeniden yap\u0131lanma ve stratejik b\u00fcy\u00fcme s\u00fcre\u00e7lerine liderlik ederek grup \u015firketlerinin s\u00fcrd\u00fcr\u00fclebilir geli\u015fimine \u00f6nemli katk\u0131lar sa\u011flam\u0131\u015ft\u0131r.<\/p>\n\n\n\n<p>E\u011fitim hayat\u0131nda da \u00f6nemli ba\u015far\u0131lara imza atan Batk\u0131n, University of Maryland\u2019de Uluslararas\u0131 \u0130\u015fletme ve Pazarlama alanlar\u0131nda \u00e7ift anadal program\u0131n\u0131 tamamlam\u0131\u015f; ayr\u0131ca Harvard Business School\u2019un \u00fcst d\u00fczey y\u00f6neticilere y\u00f6nelik Advanced Management Program (AMP) e\u011fitimini ba\u015far\u0131yla bitirmi\u015ftir.<\/p>\n","protected":false},"excerpt":{"rendered":"<p>1996 y\u0131l\u0131nda \u00fclkemizde bran\u015f hastanecili\u011fi anlay\u0131\u015f\u0131yla yeni bir d\u00f6nemi ba\u015flatan D\u00fcnyag\u00f6z Hastaneler Grubu\u2019nda \u00f6nemli bir \u00fcst d\u00fczey y\u00f6netici atamas\u0131 ger\u00e7ekle\u015ftirildi. D\u00fcnyag\u00f6z\u2019\u00fcn yeni CEO\u2019su (\u0130cra Kurulu&hellip;<\/p>\n","protected":false},"author":6,"featured_media":3074,"comment_status":"open","ping_status":"open","sticky":false,"template":"","format":"standard","meta":{"footnotes":""},"categories":[18],"tags":[],"class_list":["post-3073","post","type-post","status-publish","format-standard","has-post-thumbnail","hentry","category-atamalar"],"_links":{"self":[{"href":"https:\/\/www.mallandmotto.com\/index.php\/wp-json\/wp\/v2\/posts\/3073","targetHints":{"allow":["GET"]}}],"collection":[{"href":"https:\/\/www.mallandmotto.com\/index.php\/wp-json\/wp\/v2\/posts"}],"about":[{"href":"https:\/\/www.mallandmotto.com\/index.php\/wp-json\/wp\/v2\/types\/post"}],"author":[{"embeddable":true,"href":"https:\/\/www.mallandmotto.com\/index.php\/wp-json\/wp\/v2\/users\/6"}],"replies":[{"embeddable":true,"href":"https:\/\/www.mallandmotto.com\/index.php\/wp-json\/wp\/v2\/comments?post=3073"}],"version-history":[{"count":1,"href":"https:\/\/www.mallandmotto.com\/index.php\/wp-json\/wp\/v2\/posts\/3073\/revisions"}],"predecessor-version":[{"id":3075,"href":"https:\/\/www.mallandmotto.com\/index.php\/wp-json\/wp\/v2\/posts\/3073\/revisions\/3075"}],"wp:featuredmedia":[{"embeddable":true,"href":"https:\/\/www.mallandmotto.com\/index.php\/wp-json\/wp\/v2\/media\/3074"}],"wp:attachment":[{"href":"https:\/\/www.mallandmotto.com\/index.php\/wp-json\/wp\/v2\/media?parent=3073"}],"wp:term":[{"taxonomy":"category","embeddable":true,"href":"https:\/\/www.mallandmotto.com\/index.php\/wp-json\/wp\/v2\/categories?post=3073"},{"taxonomy":"post_tag","embeddable":true,"href":"https:\/\/www.mallandmotto.com\/index.php\/wp-json\/wp\/v2\/tags?post=3073"}],"curies":[{"name":"wp","href":"https:\/\/api.w.org\/{rel}","templated":true}]}}