{"id":3080,"date":"2025-08-17T09:10:56","date_gmt":"2025-08-17T09:10:56","guid":{"rendered":"https:\/\/www.mallandmotto.com\/?p=3080"},"modified":"2025-08-17T09:10:57","modified_gmt":"2025-08-17T09:10:57","slug":"pepsico-turkiye-ik-lideri-ozlem-oktene-avrupa-sorumlulugu","status":"publish","type":"post","link":"https:\/\/www.mallandmotto.com\/index.php\/2025\/08\/17\/pepsico-turkiye-ik-lideri-ozlem-oktene-avrupa-sorumlulugu\/","title":{"rendered":"PepsiCo T\u00fcrkiye \u0130K Lideri \u00d6zlem \u00d6kten\u2019e Avrupa Sorumlulu\u011fu"},"content":{"rendered":"\n<h3 class=\"wp-block-heading\"><strong>PepsiCo T\u00fcrkiye \u0130nsan Kaynaklar\u0131 K\u0131demli Direkt\u00f6r\u00fc \u00d6zlem \u00d6kten\u2019in sorumluluk alan\u0131 Avrupa Ticari Fonksiyonunu da kapsayacak \u015fekilde geni\u015fletildi.<\/strong><\/h3>\n\n\n\n<p>D\u00fcnyan\u0131n lider yiyecek ve i\u00e7ecek \u015firketlerinden PepsiCo, global yap\u0131lanmas\u0131nda T\u00fcrkiye ekibine olan g\u00fcvenini yapt\u0131\u011f\u0131 atamalar ve yeni yap\u0131land\u0131rmalarla g\u00f6stermeye devam ediyor.<\/p>\n\n\n\n<p>PepsiCo taraf\u0131ndan yap\u0131lan a\u00e7\u0131klamada, \u015fu anda T\u00fcrkiye Organizasyon Birimi\u2019nde \u0130nsan Kaynaklar\u0131 Lideri olarak g\u00f6rev yapan \u00d6zlem \u00d6kten\u2019in sorumluluk alan\u0131n\u0131n geni\u015fletilerek Avrupa Ticari Fonksiyonu\u2019nu da kapsayacak \u015fekilde yeniden yap\u0131land\u0131r\u0131ld\u0131\u011f\u0131 duyuruldu.<\/p>\n\n\n\n<p>\u00d6zlem \u00d6kten, Orta Do\u011fu Teknik \u00dcniversitesi (ODT\u00dc) \u0130nsan Kaynaklar\u0131 Geli\u015fimi y\u00fcksek lisans\u0131 ile ba\u015flayan \u0130nsan Kaynaklar\u0131 tutkusunu 20 y\u0131l\u0131 a\u015fan kariyeri boyunca devam ettirdi. 2023\u2019ten bu yana PepsiCo T\u00fcrkiye\u2019de \u0130nsan Kaynaklar\u0131 K\u0131demli Direkt\u00f6r\u00fc olarak g\u00f6rev yapan \u00d6kten, \u0130K kariyerinde, \u00f6zellikle yetenek yo\u011funlu\u011funu art\u0131rma, liderlik kapasitesini geli\u015ftirme ve organizasyonel \u00e7evikli\u011fi g\u00fc\u00e7lendirme alanlar\u0131nda stratejik inisiyatiflere \u00f6nc\u00fcl\u00fck etti. 2011\u2019de PepsiCo ailesine kat\u0131ld\u0131\u011f\u0131ndan bu yana; farkl\u0131 \u0130K fonksiyonlar\u0131nda organizasyonel ve yetenek geli\u015fimi, de\u011fi\u015fim y\u00f6netimi, \u0130K stratejisi tasar\u0131m\u0131, operasyonel m\u00fckemmellik ve \u00e7al\u0131\u015fan deneyimi projelerinde s\u00fcrd\u00fcr\u00fclebilir de\u011fer yaratt\u0131. Yeni g\u00f6revinde, Avrupa Ticari Fonksiyonu\u2019nun insan kaynaklar\u0131 stratejilerini \u015fekillendirerek b\u00f6lge genelinde yetenek yo\u011funlu\u011funu art\u0131rma, s\u00fcrekli geli\u015fim k\u00fclt\u00fcr\u00fcn\u00fc g\u00fc\u00e7lendirme ve organizasyon birimleri\/\u00fclkeler aras\u0131nda sinerji yaratma konular\u0131nda kritik bir rol \u00fcstlenecek. T\u00fcm bu \u00e7al\u0131\u015fmalar\u0131, Avrupa Ticari Fonksiyonu liderlik ekibinin bir \u00fcyesi olarak y\u00fcr\u00fctecek.<\/p>\n","protected":false},"excerpt":{"rendered":"<p>PepsiCo T\u00fcrkiye \u0130nsan Kaynaklar\u0131 K\u0131demli Direkt\u00f6r\u00fc \u00d6zlem \u00d6kten\u2019in sorumluluk alan\u0131 Avrupa Ticari Fonksiyonunu da kapsayacak \u015fekilde geni\u015fletildi. D\u00fcnyan\u0131n lider yiyecek ve i\u00e7ecek \u015firketlerinden PepsiCo, global&hellip;<\/p>\n","protected":false},"author":6,"featured_media":3081,"comment_status":"open","ping_status":"open","sticky":false,"template":"","format":"standard","meta":{"footnotes":""},"categories":[18],"tags":[],"class_list":["post-3080","post","type-post","status-publish","format-standard","has-post-thumbnail","hentry","category-atamalar"],"_links":{"self":[{"href":"https:\/\/www.mallandmotto.com\/index.php\/wp-json\/wp\/v2\/posts\/3080","targetHints":{"allow":["GET"]}}],"collection":[{"href":"https:\/\/www.mallandmotto.com\/index.php\/wp-json\/wp\/v2\/posts"}],"about":[{"href":"https:\/\/www.mallandmotto.com\/index.php\/wp-json\/wp\/v2\/types\/post"}],"author":[{"embeddable":true,"href":"https:\/\/www.mallandmotto.com\/index.php\/wp-json\/wp\/v2\/users\/6"}],"replies":[{"embeddable":true,"href":"https:\/\/www.mallandmotto.com\/index.php\/wp-json\/wp\/v2\/comments?post=3080"}],"version-history":[{"count":1,"href":"https:\/\/www.mallandmotto.com\/index.php\/wp-json\/wp\/v2\/posts\/3080\/revisions"}],"predecessor-version":[{"id":3082,"href":"https:\/\/www.mallandmotto.com\/index.php\/wp-json\/wp\/v2\/posts\/3080\/revisions\/3082"}],"wp:featuredmedia":[{"embeddable":true,"href":"https:\/\/www.mallandmotto.com\/index.php\/wp-json\/wp\/v2\/media\/3081"}],"wp:attachment":[{"href":"https:\/\/www.mallandmotto.com\/index.php\/wp-json\/wp\/v2\/media?parent=3080"}],"wp:term":[{"taxonomy":"category","embeddable":true,"href":"https:\/\/www.mallandmotto.com\/index.php\/wp-json\/wp\/v2\/categories?post=3080"},{"taxonomy":"post_tag","embeddable":true,"href":"https:\/\/www.mallandmotto.com\/index.php\/wp-json\/wp\/v2\/tags?post=3080"}],"curies":[{"name":"wp","href":"https:\/\/api.w.org\/{rel}","templated":true}]}}