{"id":3107,"date":"2025-08-17T09:41:31","date_gmt":"2025-08-17T09:41:31","guid":{"rendered":"https:\/\/www.mallandmotto.com\/?p=3107"},"modified":"2025-08-17T09:41:31","modified_gmt":"2025-08-17T09:41:31","slug":"otomobil-piyasasi-canlaniyor","status":"publish","type":"post","link":"https:\/\/www.mallandmotto.com\/index.php\/2025\/08\/17\/otomobil-piyasasi-canlaniyor\/","title":{"rendered":"Otomobil Piyasas\u0131 Canlan\u0131yor"},"content":{"rendered":"\n<h3 class=\"wp-block-heading\"><strong>Bah\u00e7e\u015fehir \u00dcniversitesi Ekonomik ve Toplumsal Ara\u015ft\u0131rmalar Merkezi (BETAM) taraf\u0131ndan\u00a0<a href=\"http:\/\/sahibinden.com\/\" target=\"_blank\" rel=\"noreferrer noopener\">sahibinden.com<\/a>&#8216;da yay\u0131nlanan ilanlardan hareketle haz\u0131rlanan ve ikinci el otomobil piyasas\u0131n\u0131n genel durumunu analiz eden &#8220;Otomobil Piyasas\u0131 G\u00f6r\u00fcn\u00fcm\u00fc&#8221; raporu yay\u0131mland\u0131.\u00a0<\/strong><\/h3>\n\n\n\n<p>Temmuz ay\u0131 verileri incelenerek haz\u0131rlanan rapora g\u00f6re; otomobil talep endeksi ge\u00e7en y\u0131l\u0131n ayn\u0131 ay\u0131na y\u00fczde 17,2, bir \u00f6nceki aya k\u0131yasla y\u00fczde 19,1 oran\u0131n y\u00fckseldi. Otomobil piyasas\u0131nda canl\u0131l\u0131k g\u00f6stergesi olarak nitelendirilen sat\u0131lan otomobil say\u0131s\u0131n\u0131n sat\u0131l\u0131k ilan say\u0131s\u0131na oran\u0131 ge\u00e7en aya k\u0131yasla 4,1 puan artarak y\u00fczde 25,5 oldu. Bir di\u011fer canl\u0131l\u0131k \u00f6l\u00e7\u00fct\u00fc olarak kullan\u0131lan sat\u0131l\u0131k otomobil ilanlar\u0131n\u0131n ne kadar s\u00fcre yay\u0131nda kald\u0131klar\u0131n\u0131 g\u00f6steren kapat\u0131lan ilan ya\u015f\u0131 ise ge\u00e7en aya k\u0131yasla 0,6 g\u00fcn uzayarak 22,9 g\u00fcn oldu.<\/p>\n\n\n\n<p><strong>Reel fiyatlarda y\u0131ll\u0131k de\u011fi\u015fim negatifte devam ediyor<\/strong><\/p>\n\n\n\n<p>Y\u0131ll\u0131k bazda negatif seyreden enflasyondan ar\u0131nd\u0131r\u0131lm\u0131\u015f otomobil fiyatlar\u0131; 2023 May\u0131s\u2019ta y\u00fczde<\/p>\n\n\n\n<p>-47,9\u2019a ula\u015fan de\u011fi\u015fim oran\u0131 takip eden aylarda s\u00fcrekli azalarak 2024 Haziran\u2019da y\u00fczde -41,4\u2019e gerilemi\u015fti. Bu tarihten sonra y\u0131ll\u0131k d\u00fc\u015f\u00fc\u015f oran\u0131 azalmaya ba\u015flayan reel fiyatlardaki y\u0131ll\u0131k de\u011fi\u015fim temmuzda y\u00fczde -13,9 oldu.<\/p>\n\n\n\n<p><strong>\u015eekil 1: Ortalama otomobil fiyat\u0131 (TL) (Sol panel), ortalama fiyat\u0131n\u0131n y\u0131ll\u0131k de\u011fi\u015fimi (%) (Sa\u011f panel)<\/strong><\/p>\n\n\n\n<figure class=\"wp-block-image\"><img decoding=\"async\" src=\"content-blocker:\/\/\" alt=\"Resim\"\/><\/figure>\n\n\n\n<p>Kaynak:&nbsp;<a href=\"http:\/\/sahibinden.com\/\" target=\"_blank\" rel=\"noreferrer noopener\">sahibinden.com<\/a>, Betam<\/p>\n\n\n\n<p><strong>Model y\u0131llar\u0131na g\u00f6re farkl\u0131 fiyat de\u011fi\u015fimleri<\/strong><\/p>\n\n\n\n<p>A\u011fustosta bir \u00f6nceki aya k\u0131yasla ya\u015f grubu fiyat analizine g\u00f6re ortalama fiyat t\u00fcm eski ya\u015f gruplar\u0131nda bir miktar y\u00fckseldi. Ortalama fiyat; 2004-2008 model y\u0131l\u0131nda 453 bin 255 TL, 2009-2013 model y\u0131l\u0131nda 723 bin 928 TL, 2014-2018 model y\u0131l\u0131nda ise 1 milyon 131 bin TL oldu. Bir \u00f6nceki y\u0131l\u0131n ayn\u0131 ay\u0131na k\u0131yasla otomobil fiyatlar\u0131 2004-2008 model y\u0131l\u0131nda y\u00fczde 0,9, 2009-2013 model y\u0131l\u0131nda y\u00fczde 8,2, 2014-2018 model y\u0131l\u0131nda ise y\u00fczde 13,9 art\u0131\u015f g\u00f6sterdi.<\/p>\n\n\n\n<p><strong>\u015eekil 2: Ya\u015f gruplar\u0131na g\u00f6re ortalama otomobil fiyat\u0131 (TL) (Sol panel), ya\u015f gruplar\u0131na g\u00f6re ortalama otomobil fiyat\u0131n\u0131n y\u0131ll\u0131k de\u011fi\u015fimi (%) (Sa\u011f panel)<\/strong><\/p>\n\n\n\n<figure class=\"wp-block-image\"><img decoding=\"async\" src=\"content-blocker:\/\/\" alt=\"Resim\"\/><\/figure>\n\n\n\n<p>Kaynak:&nbsp;<a href=\"http:\/\/sahibinden.com\/\" target=\"_blank\" rel=\"noreferrer noopener\">sahibinden.com<\/a>, Betam<\/p>\n\n\n\n<p><strong>Yak\u0131t t\u00fcrlerine g\u00f6re fiyat de\u011fi\u015fimleri<\/strong><\/p>\n\n\n\n<p>Benzin, benzin &amp; LPG, Dizel, hibrit ve elektrikli yak\u0131t t\u00fcrlerindeki ara\u00e7lar\u0131n fiyatlar\u0131n da incelendi\u011fi rapora g\u00f6re; ortalama otomobil fiyat\u0131 benzin t\u00fcr\u00fcnde 1 milyon 236 bin TL, benzin &amp; LPG t\u00fcr\u00fcnde 523 bin 545 TL, dizel t\u00fcr\u00fcnde 986 bin 515 TL, hibrit t\u00fcr\u00fcnde 2 milyon 270 bin TL ve elektriklide ise 3 milyon 335 bin TL oldu.<\/p>\n\n\n\n<p><strong>\u015eekil 3: Yak\u0131t t\u00fcr\u00fcne g\u00f6re ortalama otomobil fiyat\u0131 (TL) (Sol panel), yak\u0131t t\u00fcr\u00fcne g\u00f6re ortalama otomobil fiyat\u0131n\u0131n y\u0131ll\u0131k de\u011fi\u015fimi (%) (Sa\u011f panel)<\/strong><\/p>\n\n\n\n<figure class=\"wp-block-image\"><img decoding=\"async\" src=\"content-blocker:\/\/\" alt=\"Resim\"\/><\/figure>\n\n\n\n<p>Kaynak:&nbsp;<a href=\"http:\/\/sahibinden.com\/\" target=\"_blank\" rel=\"noreferrer noopener\">sahibinden.com<\/a>, Betam<\/p>\n\n\n\n<p><strong>Otomobil arz ve talebinde art\u0131\u015f<\/strong><\/p>\n\n\n\n<p>Sat\u0131l\u0131k otomobil ilan say\u0131s\u0131 haziran ay\u0131na k\u0131yasla y\u00fczde 2,2 artarak 988 bin 497 oldu. Otomobil talep endeksi de may\u0131s ve hazirandaki d\u00fc\u015f\u00fc\u015ften sonra temmuzda belirgin bir art\u0131\u015f g\u00f6sterdi. Otomobil talep endeksi hazirana k\u0131yasla y\u00fczde 19,1, bir \u00f6nceki y\u0131l\u0131n ayn\u0131 ay\u0131na k\u0131yasla y\u00fczde 17,2 daha y\u00fcksek ger\u00e7ekle\u015fti. Sat\u0131lan otomobil say\u0131s\u0131n\u0131n sat\u0131l\u0131k ilan say\u0131s\u0131na oran\u0131 ise 4,1 y\u00fczde puanl\u0131k art\u0131\u015fla y\u00fczde 25,5\u2019e y\u00fckseldi.<\/p>\n\n\n\n<p><strong>\u015eekil 4: Sat\u0131lan otomobil say\u0131s\u0131n\u0131n sat\u0131l\u0131k otomobil ilan say\u0131s\u0131na oran\u0131 (%) (Sol panel), sat\u0131lan ve sat\u0131l\u0131k otomobil say\u0131s\u0131 (Sa\u011f panel)&nbsp;<\/strong><\/p>\n\n\n\n<figure class=\"wp-block-image\"><img decoding=\"async\" src=\"content-blocker:\/\/\" alt=\"Resim\"\/><\/figure>\n\n\n\n<p>Kaynak:&nbsp;<a href=\"http:\/\/sahibinden.com\/\" target=\"_blank\" rel=\"noreferrer noopener\">sahibinden.com<\/a>, Betam<\/p>\n\n\n\n<p>Raporun devam\u0131na&nbsp;<a href=\"https:\/\/www.sahibinden.com\/kurumsal\/arac-raporlari\/sahibindex-otomobil-piyasasi-gorunumu---temmuz-2025\" target=\"_blank\" rel=\"noreferrer noopener\">buradan<\/a>&nbsp;ula\u015fabilirsiniz.<\/p>\n\n\n\n<p><strong><a href=\"http:\/\/sahibinden.com\/\" target=\"_blank\" rel=\"noreferrer noopener\">sahibinden.com<\/a>&nbsp;hakk\u0131nda<\/strong><\/p>\n\n\n\n<p>Aksoy Group b\u00fcnyesinde 2000 y\u0131l\u0131nda kurulan&nbsp;<a href=\"http:\/\/sahibinden.com\/\" target=\"_blank\" rel=\"noreferrer noopener\">sahibinden.com<\/a>, AR-GE merkezinde geli\u015ftirdi\u011fi yenilik\u00e7i \u00fcr\u00fcn ve hizmetlerle T\u00fcrkiye\u2019nin lider teknoloji \u015firketlerinden biri olmaya devam ediyor. Temmuz 2025 itibar\u0131yla ayda 62,9 milyon kullan\u0131c\u0131n\u0131n 577 milyon kez ziyaret ederek 16,8 milyar sayfa g\u00f6r\u00fcnt\u00fcledi\u011fi&nbsp;<a href=\"http:\/\/sahibinden.com\/\" target=\"_blank\" rel=\"noreferrer noopener\">sahibinden.com<\/a>; yakla\u015f\u0131k 1.000 \u00e7al\u0131\u015fan\u0131, 8 milyonu a\u015fk\u0131n aktif ilan ve y\u00fcz binlerce \u00fcr\u00fcn \u00e7e\u015fidiyle T\u00fcrkiye\u2019nin en b\u00fcy\u00fck elektronik ticaret ve ilan platformlar\u0131ndan birisi olma \u00f6zelli\u011fini ta\u015f\u0131yor.<\/p>\n","protected":false},"excerpt":{"rendered":"<p>Bah\u00e7e\u015fehir \u00dcniversitesi Ekonomik ve Toplumsal Ara\u015ft\u0131rmalar Merkezi (BETAM) taraf\u0131ndan\u00a0sahibinden.com&#8216;da yay\u0131nlanan ilanlardan hareketle haz\u0131rlanan ve ikinci el otomobil piyasas\u0131n\u0131n genel durumunu analiz eden &#8220;Otomobil Piyasas\u0131 G\u00f6r\u00fcn\u00fcm\u00fc&#8221;&hellip;<\/p>\n","protected":false},"author":6,"featured_media":3108,"comment_status":"open","ping_status":"open","sticky":false,"template":"","format":"standard","meta":{"footnotes":""},"categories":[28],"tags":[],"class_list":["post-3107","post","type-post","status-publish","format-standard","has-post-thumbnail","hentry","category-arastirma"],"_links":{"self":[{"href":"https:\/\/www.mallandmotto.com\/index.php\/wp-json\/wp\/v2\/posts\/3107","targetHints":{"allow":["GET"]}}],"collection":[{"href":"https:\/\/www.mallandmotto.com\/index.php\/wp-json\/wp\/v2\/posts"}],"about":[{"href":"https:\/\/www.mallandmotto.com\/index.php\/wp-json\/wp\/v2\/types\/post"}],"author":[{"embeddable":true,"href":"https:\/\/www.mallandmotto.com\/index.php\/wp-json\/wp\/v2\/users\/6"}],"replies":[{"embeddable":true,"href":"https:\/\/www.mallandmotto.com\/index.php\/wp-json\/wp\/v2\/comments?post=3107"}],"version-history":[{"count":1,"href":"https:\/\/www.mallandmotto.com\/index.php\/wp-json\/wp\/v2\/posts\/3107\/revisions"}],"predecessor-version":[{"id":3109,"href":"https:\/\/www.mallandmotto.com\/index.php\/wp-json\/wp\/v2\/posts\/3107\/revisions\/3109"}],"wp:featuredmedia":[{"embeddable":true,"href":"https:\/\/www.mallandmotto.com\/index.php\/wp-json\/wp\/v2\/media\/3108"}],"wp:attachment":[{"href":"https:\/\/www.mallandmotto.com\/index.php\/wp-json\/wp\/v2\/media?parent=3107"}],"wp:term":[{"taxonomy":"category","embeddable":true,"href":"https:\/\/www.mallandmotto.com\/index.php\/wp-json\/wp\/v2\/categories?post=3107"},{"taxonomy":"post_tag","embeddable":true,"href":"https:\/\/www.mallandmotto.com\/index.php\/wp-json\/wp\/v2\/tags?post=3107"}],"curies":[{"name":"wp","href":"https:\/\/api.w.org\/{rel}","templated":true}]}}