{"id":3172,"date":"2025-08-19T07:13:21","date_gmt":"2025-08-19T07:13:21","guid":{"rendered":"https:\/\/www.mallandmotto.com\/?p=3172"},"modified":"2025-08-19T07:13:22","modified_gmt":"2025-08-19T07:13:22","slug":"is-sanat-anadolu-sergileri-geliboludaydi","status":"publish","type":"post","link":"https:\/\/www.mallandmotto.com\/index.php\/2025\/08\/19\/is-sanat-anadolu-sergileri-geliboludaydi\/","title":{"rendered":"\u0130\u015f Sanat Anadolu Sergileri Gelibolu\u2019dayd\u0131"},"content":{"rendered":"\n<h3 class=\"wp-block-heading\"><strong>T\u00fcrkiye \u0130\u015f Bankas\u0131 Sanat Eserleri Koleksiyonu\u2019ndaki deniz peyzajlar\u0131ndan derlenen \u201cMavinin \u0130zinde\u201d se\u00e7kisi, 9-10 A\u011fustos\u2019ta Gelibolu\u2019daki sanatseverlerle bulu\u015ftu.<\/strong><\/h3>\n\n\n\n<p>\u0130\u015f Sanat\u2019\u0131n T\u00fcrkiye \u0130\u015f Bankas\u0131 Sanat Eserleri Koleksiyonu\u2019ndan yap\u0131lan \u00f6zel se\u00e7kileri sanatseverlerle bulu\u015fturdu\u011fu&nbsp;<strong>\u201cHerkes \u0130\u00e7in Sanat: Anadolu Sergileri\u201d<\/strong>, T\u00fcrk resim sanat\u0131n\u0131n g\u00fc\u00e7l\u00fc temsilcilerini \u00c7anakkale\u2019nin Gelibolu il\u00e7esinde bir araya getirdi.&nbsp;<\/p>\n\n\n\n<p>Koleksiyondaki deniz peyzajlar\u0131ndan derlenen&nbsp;<strong>\u201cMavinin \u0130zinde\u201d<\/strong>&nbsp;ba\u015fl\u0131kl\u0131 se\u00e7ki,&nbsp;<strong>9-10 A\u011fustos<\/strong>&nbsp;tarihlerinde T\u00fcrkiye \u0130\u015f Bankas\u0131&nbsp;<strong>Gelibolu \u015eubesi<\/strong>\u2019nde sergilendi. Se\u00e7kide I. D\u00fcnya Sava\u015f\u0131 s\u0131ras\u0131nda \u00c7anakkale M\u00fcstahkem Mevkii Ressaml\u0131\u011f\u0131 g\u00f6revinde bulunan<strong>&nbsp;<\/strong>Mehmet Ali Laga ve Gelibolu do\u011fumlu Elif Naci\u2019nin yan\u0131 s\u0131ra Hasan Vecih Bereketo\u011flu, \u0130brahim Safi, Adil Do\u011fan\u00e7ay, Erc\u00fcmend Kalmuk ve Hikmet Onat\u2019\u0131n eserleri yer ald\u0131. Se\u00e7kinin en \u00f6zel par\u00e7as\u0131 ise Feyhaman Duran\u2019\u0131n Gazi Mustafa Kemal Atat\u00fcrk\u2019\u00fc mavi g\u00f6zleri ve kararl\u0131 bak\u0131\u015flar\u0131yla resmetti\u011fi \u201cKalpakl\u0131 Atat\u00fcrk\u201d portresi oldu.<\/p>\n\n\n\n<p>\u0130\u015f Sanat Genel M\u00fcd\u00fcr\u00fc&nbsp;<strong>Zuhal \u00dcreten<\/strong>\u2019in ev sahipli\u011finde a\u00e7\u0131lan sergide sanat tarih\u00e7isi Do\u00e7. Dr. Ay\u015fe K\u00f6ksal sanat\u00e7\u0131lar ve eserler hakk\u0131nda ziyaret\u00e7ilere bilgi verdi. Sergide \u00e7ocuklara y\u00f6nelik at\u00f6lye \u00e7al\u0131\u015fmalar\u0131 da d\u00fczenlendi.<\/p>\n\n\n\n<p><strong>Bir Sonraki Durak, Afyon Kocatepe Olacak<\/strong><\/p>\n\n\n\n<p>T\u00fcrkiye \u0130\u015f Bankas\u0131 Resim Heykel M\u00fczesi\u2019nin \u00f6\u011frenme programlar\u0131 kapsam\u0131nda hayata ge\u00e7irilen Anadolu Sergileri\u2019nin Gelibolu\u2019daki a\u00e7\u0131l\u0131\u015f konu\u015fmas\u0131n\u0131 \u0130\u015f Sanat Genel M\u00fcd\u00fcr\u00fc Zuhal \u00dcreten yapt\u0131. \u201cKoleksiyonumuzun en de\u011ferli par\u00e7alar\u0131ndan, Feyhaman Duran\u2019\u0131n \u2018Kalpakl\u0131 Atat\u00fcrk\u2019 portresi ba\u015fta olmak \u00fczere, k\u0131ymetli sanat\u00e7\u0131lar\u0131m\u0131z\u0131n eserlerinden olu\u015fan bu \u00f6zel se\u00e7kiyi Gelibolu\u2019da ziyaret\u00e7isi ile bulu\u015fturmaktan mutluluk duyuyoruz,\u201d diyen \u00dcreten, \u00c7al ve Milas\u2019taki sergilerde oldu\u011fu gibi, bu se\u00e7kinin de yo\u011fun ilgi \u00e7ekece\u011fine inand\u0131klar\u0131n\u0131 s\u00f6yledi.<\/p>\n\n\n\n<p>Serginin, Mustafa Kemal komutas\u0131nda kazan\u0131lan ve tarihimizde bir d\u00f6n\u00fcm noktas\u0131 olan I. Anafartalar Muharebesi\u2019nin 110. y\u0131ld\u00f6n\u00fcm\u00fcnde ziyarete a\u00e7\u0131ld\u0131\u011f\u0131n\u0131 belirten \u00dcreten, \u201cBu anlaml\u0131 sergiyle, ba\u015fta B\u00fcy\u00fck \u00d6nderimiz Mustafa Kemal Atat\u00fcrk olmak \u00fczere, \u00c7anakkale Sava\u015f\u0131\u2019n\u0131n t\u00fcm kahramanlar\u0131n\u0131 da sayg\u0131 ve minnetle an\u0131yoruz,\u201d&nbsp;dedi.<\/p>\n\n\n\n<p>Ortak k\u00fclt\u00fcrel miras\u0131m\u0131z\u0131 do\u011fdu\u011fu topraklarda bug\u00fcn\u00fcn ku\u015faklar\u0131yla bulu\u015fturan Anadolu Sergileri\u2019nin bir sonraki etkinli\u011fi, 23-24 A\u011fustos tarihlerinde T\u00fcrkiye \u0130\u015f Bankas\u0131 Kocatepe \u015eubesi\u2019nde d\u00fczenlenecek.<\/p>\n","protected":false},"excerpt":{"rendered":"<p>T\u00fcrkiye \u0130\u015f Bankas\u0131 Sanat Eserleri Koleksiyonu\u2019ndaki deniz peyzajlar\u0131ndan derlenen \u201cMavinin \u0130zinde\u201d se\u00e7kisi, 9-10 A\u011fustos\u2019ta Gelibolu\u2019daki sanatseverlerle bulu\u015ftu. \u0130\u015f Sanat\u2019\u0131n T\u00fcrkiye \u0130\u015f Bankas\u0131 Sanat Eserleri Koleksiyonu\u2019ndan&hellip;<\/p>\n","protected":false},"author":6,"featured_media":3173,"comment_status":"open","ping_status":"open","sticky":false,"template":"","format":"standard","meta":{"footnotes":""},"categories":[22],"tags":[],"class_list":["post-3172","post","type-post","status-publish","format-standard","has-post-thumbnail","hentry","category-kultursanat"],"_links":{"self":[{"href":"https:\/\/www.mallandmotto.com\/index.php\/wp-json\/wp\/v2\/posts\/3172","targetHints":{"allow":["GET"]}}],"collection":[{"href":"https:\/\/www.mallandmotto.com\/index.php\/wp-json\/wp\/v2\/posts"}],"about":[{"href":"https:\/\/www.mallandmotto.com\/index.php\/wp-json\/wp\/v2\/types\/post"}],"author":[{"embeddable":true,"href":"https:\/\/www.mallandmotto.com\/index.php\/wp-json\/wp\/v2\/users\/6"}],"replies":[{"embeddable":true,"href":"https:\/\/www.mallandmotto.com\/index.php\/wp-json\/wp\/v2\/comments?post=3172"}],"version-history":[{"count":1,"href":"https:\/\/www.mallandmotto.com\/index.php\/wp-json\/wp\/v2\/posts\/3172\/revisions"}],"predecessor-version":[{"id":3174,"href":"https:\/\/www.mallandmotto.com\/index.php\/wp-json\/wp\/v2\/posts\/3172\/revisions\/3174"}],"wp:featuredmedia":[{"embeddable":true,"href":"https:\/\/www.mallandmotto.com\/index.php\/wp-json\/wp\/v2\/media\/3173"}],"wp:attachment":[{"href":"https:\/\/www.mallandmotto.com\/index.php\/wp-json\/wp\/v2\/media?parent=3172"}],"wp:term":[{"taxonomy":"category","embeddable":true,"href":"https:\/\/www.mallandmotto.com\/index.php\/wp-json\/wp\/v2\/categories?post=3172"},{"taxonomy":"post_tag","embeddable":true,"href":"https:\/\/www.mallandmotto.com\/index.php\/wp-json\/wp\/v2\/tags?post=3172"}],"curies":[{"name":"wp","href":"https:\/\/api.w.org\/{rel}","templated":true}]}}