{"id":3247,"date":"2025-08-20T06:07:03","date_gmt":"2025-08-20T06:07:03","guid":{"rendered":"https:\/\/www.mallandmotto.com\/?p=3247"},"modified":"2025-08-20T06:07:04","modified_gmt":"2025-08-20T06:07:04","slug":"atasay-ile-sehirde-yazi-kutla","status":"publish","type":"post","link":"https:\/\/www.mallandmotto.com\/index.php\/2025\/08\/20\/atasay-ile-sehirde-yazi-kutla\/","title":{"rendered":"Atasay ile \u015eehirde Yaz\u0131 Kutla"},"content":{"rendered":"\n<h3 class=\"wp-block-heading\"><strong>Ofiste sade bir \u0131\u015f\u0131lt\u0131, ak\u015fam terasta zarif bir dokunu\u015f, hafta sonu ka\u00e7amaklar\u0131nda \u00f6zg\u00fcr bir stil\u2026 Atasay\u2019\u0131n minimal ve zamans\u0131z tasar\u0131mlar\u0131, yaz\u0131n yal\u0131n \u015f\u0131kl\u0131\u011f\u0131n\u0131 \u015fehirde g\u00fcn boyu s\u00fcren bir stille bulu\u015fturuyor.<\/strong><\/h3>\n\n\n\n<p>Yaz mevsiminin hafifli\u011fi \u015fehirde de kendi ritmini buluyor. Hareketli sokaklar, spontane planlar, teras bulu\u015fmalar\u0131\u2026 Atasay\u2019\u0131n zamans\u0131z ve minimal tasar\u0131mlar\u0131, yaz\u0131n bu enerjik ruhuna e\u015flik ediyor. \u0130nce ask\u0131l\u0131 keten elbiselerin tamamlay\u0131c\u0131s\u0131 alt\u0131n halka k\u00fcpeler, sade topuzlara e\u015flik eden zarif kolyeler ya da bir ak\u015fam davetinde tek ba\u015f\u0131na stil yaratan p\u0131rlanta bir y\u00fcz\u00fck\u2026 &nbsp;Her par\u00e7a, g\u00fcn\u00fcn her an\u0131na e\u015flik eden sihirli bir dokunu\u015f sunuyor.<\/p>\n\n\n\n<p>Farkl\u0131 boylardaki ince zincirleri bir araya getirerek sade bir g\u00f6r\u00fcn\u00fcm\u00fc derinle\u015ftirmek ya da minimal bileklikleri \u00fcst \u00fcste kullanarak yal\u0131n bir siluete dikkat \u00e7ekici bir boyut eklemek m\u00fcmk\u00fcn oluyor. Yaz\u0131n co\u015fkusunu ad\u0131mlara ta\u015f\u0131mak isteyenler i\u00e7inse halhallar ne\u015feli bir tamamlay\u0131c\u0131 rol\u00fcnde. Sandaletlerle b\u00fct\u00fcnle\u015fen halhallar hem yaz\u0131n \u00f6zg\u00fcr ruhunu hem de s\u0131cak dokunu\u015funu bir arada yans\u0131t\u0131yor.&nbsp;<\/p>\n","protected":false},"excerpt":{"rendered":"<p>Ofiste sade bir \u0131\u015f\u0131lt\u0131, ak\u015fam terasta zarif bir dokunu\u015f, hafta sonu ka\u00e7amaklar\u0131nda \u00f6zg\u00fcr bir stil\u2026 Atasay\u2019\u0131n minimal ve zamans\u0131z tasar\u0131mlar\u0131, yaz\u0131n yal\u0131n \u015f\u0131kl\u0131\u011f\u0131n\u0131 \u015fehirde g\u00fcn&hellip;<\/p>\n","protected":false},"author":6,"featured_media":3248,"comment_status":"open","ping_status":"open","sticky":false,"template":"","format":"standard","meta":{"footnotes":""},"categories":[19],"tags":[],"class_list":["post-3247","post","type-post","status-publish","format-standard","has-post-thumbnail","hentry","category-vitrindekiler"],"_links":{"self":[{"href":"https:\/\/www.mallandmotto.com\/index.php\/wp-json\/wp\/v2\/posts\/3247","targetHints":{"allow":["GET"]}}],"collection":[{"href":"https:\/\/www.mallandmotto.com\/index.php\/wp-json\/wp\/v2\/posts"}],"about":[{"href":"https:\/\/www.mallandmotto.com\/index.php\/wp-json\/wp\/v2\/types\/post"}],"author":[{"embeddable":true,"href":"https:\/\/www.mallandmotto.com\/index.php\/wp-json\/wp\/v2\/users\/6"}],"replies":[{"embeddable":true,"href":"https:\/\/www.mallandmotto.com\/index.php\/wp-json\/wp\/v2\/comments?post=3247"}],"version-history":[{"count":1,"href":"https:\/\/www.mallandmotto.com\/index.php\/wp-json\/wp\/v2\/posts\/3247\/revisions"}],"predecessor-version":[{"id":3249,"href":"https:\/\/www.mallandmotto.com\/index.php\/wp-json\/wp\/v2\/posts\/3247\/revisions\/3249"}],"wp:featuredmedia":[{"embeddable":true,"href":"https:\/\/www.mallandmotto.com\/index.php\/wp-json\/wp\/v2\/media\/3248"}],"wp:attachment":[{"href":"https:\/\/www.mallandmotto.com\/index.php\/wp-json\/wp\/v2\/media?parent=3247"}],"wp:term":[{"taxonomy":"category","embeddable":true,"href":"https:\/\/www.mallandmotto.com\/index.php\/wp-json\/wp\/v2\/categories?post=3247"},{"taxonomy":"post_tag","embeddable":true,"href":"https:\/\/www.mallandmotto.com\/index.php\/wp-json\/wp\/v2\/tags?post=3247"}],"curies":[{"name":"wp","href":"https:\/\/api.w.org\/{rel}","templated":true}]}}