{"id":3296,"date":"2025-08-20T06:57:42","date_gmt":"2025-08-20T06:57:42","guid":{"rendered":"https:\/\/www.mallandmotto.com\/?p=3296"},"modified":"2025-08-20T06:57:43","modified_gmt":"2025-08-20T06:57:43","slug":"sehre-donuse-ozel-stil-rehberi-boynerde","status":"publish","type":"post","link":"https:\/\/www.mallandmotto.com\/index.php\/2025\/08\/20\/sehre-donuse-ozel-stil-rehberi-boynerde\/","title":{"rendered":"\u015eehre d\u00f6n\u00fc\u015fe \u00f6zel stil rehberi Boyner\u2019de"},"content":{"rendered":"\n<h3 class=\"wp-block-heading\"><strong>Sonbahar\u0131n serin ama yumu\u015fak esintileri kendini hissettirmeye ba\u015flam\u0131\u015fken gard\u0131roplar, yeni sezonun favorileri olan trikolar ve blazer ceketlerle g\u00fcncelleniyor. Hafif dokular, net siluetler ve modern detaylarla bu par\u00e7alar; \u015fehir temposunda ya da hafta sonu planlar\u0131nda \u00e7abas\u0131z \u015f\u0131kl\u0131k sunuyor.<\/strong><\/h3>\n\n\n\n<p>\u015eehre d\u00f6n\u00fc\u015flerin ba\u015flad\u0131\u011f\u0131 bu g\u00fcnlerde, renk bloklu trikolar, \u00e7izgili dokular ve g\u00fc\u00e7l\u00fc polo yakalar; Boyner\u2019in \u00f6zg\u00fcn markalar\u0131nda sezonun g\u00fcncel stil kodlar\u0131n\u0131 bir araya getiriyor.<br>&nbsp;N\u00f6tr ve do\u011fal tonlar sadeli\u011fi \u00f6ne \u00e7\u0131kar\u0131rken, pastel ile toprak tonlar\u0131 sonbahar\u0131n sakin ve karakteristik havas\u0131n\u0131 g\u00f6r\u00fcn\u00fcmlere ta\u015f\u0131yor.<\/p>\n\n\n\n<figure class=\"wp-block-image size-large is-resized\"><img fetchpriority=\"high\" decoding=\"async\" width=\"747\" height=\"1024\" src=\"https:\/\/www.mallandmotto.com\/wp-content\/uploads\/2025\/08\/1755066978_Boyner_Calvin_Klein_Jeans_5.499_TL-747x1024.jpg\" alt=\"\" class=\"wp-image-3298\" style=\"width:299px;height:auto\" srcset=\"https:\/\/www.mallandmotto.com\/wp-content\/uploads\/2025\/08\/1755066978_Boyner_Calvin_Klein_Jeans_5.499_TL-747x1024.jpg 747w, https:\/\/www.mallandmotto.com\/wp-content\/uploads\/2025\/08\/1755066978_Boyner_Calvin_Klein_Jeans_5.499_TL-219x300.jpg 219w, https:\/\/www.mallandmotto.com\/wp-content\/uploads\/2025\/08\/1755066978_Boyner_Calvin_Klein_Jeans_5.499_TL-768x1052.jpg 768w, https:\/\/www.mallandmotto.com\/wp-content\/uploads\/2025\/08\/1755066978_Boyner_Calvin_Klein_Jeans_5.499_TL.jpg 1100w\" sizes=\"(max-width: 747px) 100vw, 747px\" \/><\/figure>\n\n\n\n<p><strong>G\u00fcn boyu konforlu bir stil<\/strong><\/p>\n\n\n\n<p>Koleksiyondaki yumu\u015fak dokulu trikolar, g\u00fcn boyu konfor ve \u015f\u0131kl\u0131k arayanlar\u0131n radar\u0131na giriyor. Zarif detaylar\u0131yla \u00f6ne \u00e7\u0131kan blazer ceketler ise hem de\u011fi\u015fken hava ko\u015fullar\u0131na uyum sa\u011fl\u0131yor hem de sofistike bir g\u00f6r\u00fcn\u00fcm sunuyor.<\/p>\n\n\n\n<p>Boyner se\u00e7kisinde yer alan triko ve blazerlar\u0131 ke\u015ffetmek i\u00e7in Boyner\u2019i,&nbsp;boyner.com.tr\u2019yi, Boyner uygulamas\u0131n\u0131 ve Boyner Now\u2019\u0131 ziyaret edebilirsiniz.<\/p>\n\n\n\n<figure class=\"wp-block-image size-large is-resized\"><img decoding=\"async\" width=\"747\" height=\"1024\" src=\"https:\/\/www.mallandmotto.com\/wp-content\/uploads\/2025\/08\/1755066989_Boyner_Pinko_7.299_TL-747x1024.jpg\" alt=\"\" class=\"wp-image-3299\" style=\"width:282px;height:auto\" srcset=\"https:\/\/www.mallandmotto.com\/wp-content\/uploads\/2025\/08\/1755066989_Boyner_Pinko_7.299_TL-747x1024.jpg 747w, https:\/\/www.mallandmotto.com\/wp-content\/uploads\/2025\/08\/1755066989_Boyner_Pinko_7.299_TL-219x300.jpg 219w, https:\/\/www.mallandmotto.com\/wp-content\/uploads\/2025\/08\/1755066989_Boyner_Pinko_7.299_TL-768x1052.jpg 768w, https:\/\/www.mallandmotto.com\/wp-content\/uploads\/2025\/08\/1755066989_Boyner_Pinko_7.299_TL.jpg 1100w\" sizes=\"(max-width: 747px) 100vw, 747px\" \/><\/figure>\n","protected":false},"excerpt":{"rendered":"<p>Sonbahar\u0131n serin ama yumu\u015fak esintileri kendini hissettirmeye ba\u015flam\u0131\u015fken gard\u0131roplar, yeni sezonun favorileri olan trikolar ve blazer ceketlerle g\u00fcncelleniyor. Hafif dokular, net siluetler ve modern detaylarla&hellip;<\/p>\n","protected":false},"author":6,"featured_media":3297,"comment_status":"open","ping_status":"open","sticky":false,"template":"","format":"standard","meta":{"footnotes":""},"categories":[19],"tags":[],"class_list":["post-3296","post","type-post","status-publish","format-standard","has-post-thumbnail","hentry","category-vitrindekiler"],"_links":{"self":[{"href":"https:\/\/www.mallandmotto.com\/index.php\/wp-json\/wp\/v2\/posts\/3296","targetHints":{"allow":["GET"]}}],"collection":[{"href":"https:\/\/www.mallandmotto.com\/index.php\/wp-json\/wp\/v2\/posts"}],"about":[{"href":"https:\/\/www.mallandmotto.com\/index.php\/wp-json\/wp\/v2\/types\/post"}],"author":[{"embeddable":true,"href":"https:\/\/www.mallandmotto.com\/index.php\/wp-json\/wp\/v2\/users\/6"}],"replies":[{"embeddable":true,"href":"https:\/\/www.mallandmotto.com\/index.php\/wp-json\/wp\/v2\/comments?post=3296"}],"version-history":[{"count":1,"href":"https:\/\/www.mallandmotto.com\/index.php\/wp-json\/wp\/v2\/posts\/3296\/revisions"}],"predecessor-version":[{"id":3300,"href":"https:\/\/www.mallandmotto.com\/index.php\/wp-json\/wp\/v2\/posts\/3296\/revisions\/3300"}],"wp:featuredmedia":[{"embeddable":true,"href":"https:\/\/www.mallandmotto.com\/index.php\/wp-json\/wp\/v2\/media\/3297"}],"wp:attachment":[{"href":"https:\/\/www.mallandmotto.com\/index.php\/wp-json\/wp\/v2\/media?parent=3296"}],"wp:term":[{"taxonomy":"category","embeddable":true,"href":"https:\/\/www.mallandmotto.com\/index.php\/wp-json\/wp\/v2\/categories?post=3296"},{"taxonomy":"post_tag","embeddable":true,"href":"https:\/\/www.mallandmotto.com\/index.php\/wp-json\/wp\/v2\/tags?post=3296"}],"curies":[{"name":"wp","href":"https:\/\/api.w.org\/{rel}","templated":true}]}}