{"id":3332,"date":"2025-08-20T07:21:09","date_gmt":"2025-08-20T07:21:09","guid":{"rendered":"https:\/\/www.mallandmotto.com\/?p=3332"},"modified":"2025-08-20T07:21:10","modified_gmt":"2025-08-20T07:21:10","slug":"temmuzda-konut-satislari-zirvede","status":"publish","type":"post","link":"https:\/\/www.mallandmotto.com\/index.php\/2025\/08\/20\/temmuzda-konut-satislari-zirvede\/","title":{"rendered":"Temmuzda Konut Sat\u0131\u015flar\u0131 Zirvede"},"content":{"rendered":"\n<h3 class=\"wp-block-heading\">T\u00fcrkiye \u0130statistik Kurumu (T\u00dc\u0130K) verilerine g\u00f6re, T\u00fcrkiye genelinde konut sat\u0131\u015flar\u0131 temmuz ay\u0131nda ge\u00e7en y\u0131l\u0131n ayn\u0131 d\u00f6nemine g\u00f6re %12,4 artarak 142 bin 858 adede ula\u015ft\u0131. B\u00f6ylece sat\u0131\u015flar\u0131n son d\u00f6nemdeki y\u00fckseli\u015f e\u011filimi devam etti.<\/h3>\n\n\n\n<p>Hakan Bucak Gayrimenkul Y\u00f6netim Kurulu Ba\u015fkan\u0131, ayn\u0131 zamanda Gayrimenkul Giri\u015fimcisi Hakan Bucak, \u201cYat\u0131r\u0131mc\u0131 g\u00fcvenli limandan vazge\u00e7miyor\u201d diyerek verileri de\u011ferlendirdi.<\/p>\n\n\n\n<p><strong>&nbsp;Y\u0131l\u0131n en y\u00fcksek ayl\u0131k sat\u0131\u015f\u0131<\/strong><\/p>\n\n\n\n<p>Temmuz, 2025\u2019in en y\u00fcksek ayl\u0131k sat\u0131\u015f\u0131n\u0131n ger\u00e7ekle\u015fti\u011fi ay oldu. Ayr\u0131ca t\u00fcm zamanlar\u0131n en iyi ikinci temmuz ay\u0131 olarak kayda ge\u00e7ti. Ocak-Temmuz d\u00f6nemi sat\u0131\u015flar\u0131, %24,2 art\u0131\u015fla 834 bin 751 olarak ger\u00e7ekle\u015firken, 2020\u2019den sonraki en iyi ikinci 7 ayl\u0131k performans\u0131 ya\u015fand\u0131. Bucak, \u201cTalep b\u00f6yle devam ederse 2025\u2019in rekor y\u0131l\u0131 olmas\u0131 m\u00fcmk\u00fcn\u201d ifadelerini kulland\u0131.<\/p>\n\n\n\n<p><strong>Orta gelirli i\u00e7in kredi engel<\/strong><\/p>\n\n\n\n<p>Yat\u0131r\u0131m ama\u00e7l\u0131 al\u0131mlar\u0131n hareketli oldu\u011funu, ancak orta gelir grubunun konuta eri\u015fimde zorland\u0131\u011f\u0131n\u0131 belirten Bucak, \u015funlar\u0131 s\u00f6yledi: \u201cOrta ve orta \u00fcst\u00fc gelirli vatanda\u015flar i\u00e7in en b\u00fcy\u00fck sorun krediye eri\u015fim ve y\u00fcksek faiz oranlar\u0131. Temmuzda kredili sat\u0131\u015flar\u0131n pay\u0131 sadece %12,9 oldu; bu, y\u0131l\u0131n en d\u00fc\u015f\u00fck seviyesi.\u201d<\/p>\n\n\n\n<p><strong>\u00dcretimde temkin, arz sorunu kap\u0131da<\/strong><\/p>\n\n\n\n<p>Bucak\u2019a g\u00f6re piyasadaki bir di\u011fer kritik sorun ise konut \u00fcretimindeki yava\u015flama: \u201cKonut \u00fcreticileri, artan maliyetler ve \u00f6ng\u00f6r\u00fclemeyen piyasa \u015fartlar\u0131 nedeniyle temkinli hareket ediyor. Sat\u0131\u015flar canl\u0131 olmas\u0131na ra\u011fmen \u00fcretimin ayn\u0131 h\u0131zda ilerlememesi, arz sorununu b\u00fcy\u00fctebilir. Bar\u0131nma krizinin derinle\u015fmemesi i\u00e7in \u00fcretim mutlaka desteklenmeli.\u201d<\/p>\n","protected":false},"excerpt":{"rendered":"<p>T\u00fcrkiye \u0130statistik Kurumu (T\u00dc\u0130K) verilerine g\u00f6re, T\u00fcrkiye genelinde konut sat\u0131\u015flar\u0131 temmuz ay\u0131nda ge\u00e7en y\u0131l\u0131n ayn\u0131 d\u00f6nemine g\u00f6re %12,4 artarak 142 bin 858 adede ula\u015ft\u0131. B\u00f6ylece&hellip;<\/p>\n","protected":false},"author":6,"featured_media":3333,"comment_status":"open","ping_status":"open","sticky":false,"template":"","format":"standard","meta":{"footnotes":""},"categories":[28],"tags":[],"class_list":["post-3332","post","type-post","status-publish","format-standard","has-post-thumbnail","hentry","category-arastirma"],"_links":{"self":[{"href":"https:\/\/www.mallandmotto.com\/index.php\/wp-json\/wp\/v2\/posts\/3332","targetHints":{"allow":["GET"]}}],"collection":[{"href":"https:\/\/www.mallandmotto.com\/index.php\/wp-json\/wp\/v2\/posts"}],"about":[{"href":"https:\/\/www.mallandmotto.com\/index.php\/wp-json\/wp\/v2\/types\/post"}],"author":[{"embeddable":true,"href":"https:\/\/www.mallandmotto.com\/index.php\/wp-json\/wp\/v2\/users\/6"}],"replies":[{"embeddable":true,"href":"https:\/\/www.mallandmotto.com\/index.php\/wp-json\/wp\/v2\/comments?post=3332"}],"version-history":[{"count":1,"href":"https:\/\/www.mallandmotto.com\/index.php\/wp-json\/wp\/v2\/posts\/3332\/revisions"}],"predecessor-version":[{"id":3334,"href":"https:\/\/www.mallandmotto.com\/index.php\/wp-json\/wp\/v2\/posts\/3332\/revisions\/3334"}],"wp:featuredmedia":[{"embeddable":true,"href":"https:\/\/www.mallandmotto.com\/index.php\/wp-json\/wp\/v2\/media\/3333"}],"wp:attachment":[{"href":"https:\/\/www.mallandmotto.com\/index.php\/wp-json\/wp\/v2\/media?parent=3332"}],"wp:term":[{"taxonomy":"category","embeddable":true,"href":"https:\/\/www.mallandmotto.com\/index.php\/wp-json\/wp\/v2\/categories?post=3332"},{"taxonomy":"post_tag","embeddable":true,"href":"https:\/\/www.mallandmotto.com\/index.php\/wp-json\/wp\/v2\/tags?post=3332"}],"curies":[{"name":"wp","href":"https:\/\/api.w.org\/{rel}","templated":true}]}}