{"id":3399,"date":"2025-08-20T08:45:02","date_gmt":"2025-08-20T08:45:02","guid":{"rendered":"https:\/\/www.mallandmotto.com\/?p=3399"},"modified":"2025-08-20T08:45:03","modified_gmt":"2025-08-20T08:45:03","slug":"cennetin-batisinda-kadinin-devrimi-basliyor","status":"publish","type":"post","link":"https:\/\/www.mallandmotto.com\/index.php\/2025\/08\/20\/cennetin-batisinda-kadinin-devrimi-basliyor\/","title":{"rendered":"Cennetin Bat\u0131s\u0131nda, Kad\u0131n\u0131n Devrimi Ba\u015fl\u0131yor"},"content":{"rendered":"\n<h3 class=\"wp-block-heading\">Emre Erdemo\u011flu\u2019nun \u201cWest of Eden\u201d koleksiyonu, Bat\u0131 k\u00fclt\u00fcr\u00fcnden ilham alan g\u00fc\u00e7l\u00fc kad\u0131n hik\u00e2yesi ve cesur tasar\u0131mlar\u0131yla 31 A\u011fustos\u2019ta Moskova Fashion Week\u2019te moda severlerle bulu\u015fuyor.<\/h3>\n\n\n\n<p><strong>Ege Haz\u0131r Giyim ve Konfeksiyon \u0130hracat\u00e7\u0131lar\u0131 Birli\u011fi\u2019nce T\u00fcrk moda sekt\u00f6r\u00fcne kazand\u0131r\u0131lan, d\u00fcnyaca \u00fcnl\u00fc T\u00fcrk moda tasar\u0131mc\u0131s\u0131 Emre Erdemo\u011flu, 2027 Sonbahar\/K\u0131\u015f koleksiyonu \u201cWest of Eden\u201d ile moda d\u00fcnyas\u0131na g\u00fc\u00e7l\u00fc bir kad\u0131n hik\u00e2yesi ta\u015f\u0131yor.&nbsp;<\/strong><\/p>\n\n\n\n<p><strong>Koleksiyon, Amerikan Bat\u0131 k\u00fclt\u00fcr\u00fcnde uzun s\u00fcre g\u00f6lgede kalm\u0131\u015f \u201ccowgirl\u201d fig\u00fcr\u00fcnden ilham al\u0131yor; erkek egemen bir d\u00fcnyada kendi yolunu \u00e7izen, \u00f6zg\u00fcrl\u00fc\u011f\u00fcn\u00fc ve cesaretini hayk\u0131ran kad\u0131nlar\u0131n stil manifestosunu sunuyor.<\/strong><\/p>\n\n\n\n<p><strong>Defile, 31 A\u011fustos\u2019ta Moskova Fashion Week kapsam\u0131nda Zaryadye Park\u2019ta moda severlerle bulu\u015facak.<\/strong><\/p>\n\n\n\n<p><strong>\u0130lham Kayna\u011f\u0131: Bat\u0131\u2019n\u0131n K\u00fcllerinden Do\u011fan Cennet<\/strong><\/p>\n\n\n\n<p><strong>\u201cWest of Eden\u201d, cenneti terk eden de\u011fil; onu yeniden in\u015fa eden kad\u0131nlar\u0131n hik\u00e2yesi\u2026<\/strong><\/p>\n\n\n\n<p><strong>Annie Oakley, Lucille Mulhall ve Calamity Jane gibi efsanevi isimlerden beslenen koleksiyon, ge\u00e7mi\u015fin yasaklar\u0131na boyun e\u011fmeyen, kendi kurallar\u0131n\u0131 yazan kad\u0131nlara adan\u0131yor.<\/strong><\/p>\n\n\n\n<p><strong>Erdemo\u011flu, koleksiyonun ruhunu \u015f\u00f6yle tan\u0131ml\u0131yor:<\/strong><\/p>\n\n\n\n<p><strong>\u201cEden\u2019\u0131n do\u011fusunda g\u00fcnah vard\u0131, ama Bat\u0131\u2019s\u0131nda bir devrim\u2026 Kad\u0131n, sessizce g\u00f6\u011fe de\u011fil, toza kar\u0131\u015ft\u0131. \u2018West of Eden\u2019 bir d\u00fc\u015f de\u011fil; yeni bir ba\u015flang\u0131c\u0131n ad\u0131.\u201d<\/strong><\/p>\n\n\n\n<p><strong>Renkler ve Materyaller<\/strong><\/p>\n\n\n\n<p><strong>Koleksiyonun renk paleti, vah\u015fi Bat\u0131\u2019n\u0131n dramatik kontrastlar\u0131ndan olu\u015fuyor:<\/strong><\/p>\n\n\n\n<p><strong>Derin mavi, gece laciverti, kararm\u0131\u015f toprak, koyu bordo, tozlu gri, soft kahve, k\u0131z\u0131l bak\u0131r, is grisi, \u015farap k\u0131rm\u0131z\u0131s\u0131, g\u00f6lge mavi, koyu bronz, gece siyah\u0131 ve ay \u0131\u015f\u0131\u011f\u0131 grisi.<\/strong><\/p>\n\n\n\n<p><strong>Materyallerde ise denim, saten, ipek gibi z\u0131t dokular bir araya geliyor; sert kabuk ile hassas \u00f6z aras\u0131ndaki dengeyi&nbsp;yans\u0131t\u0131yor.<\/strong><\/p>\n","protected":false},"excerpt":{"rendered":"<p>Emre Erdemo\u011flu\u2019nun \u201cWest of Eden\u201d koleksiyonu, Bat\u0131 k\u00fclt\u00fcr\u00fcnden ilham alan g\u00fc\u00e7l\u00fc kad\u0131n hik\u00e2yesi ve cesur tasar\u0131mlar\u0131yla 31 A\u011fustos\u2019ta Moskova Fashion Week\u2019te moda severlerle bulu\u015fuyor. Ege&hellip;<\/p>\n","protected":false},"author":6,"featured_media":3400,"comment_status":"open","ping_status":"open","sticky":false,"template":"","format":"standard","meta":{"footnotes":""},"categories":[19],"tags":[],"class_list":["post-3399","post","type-post","status-publish","format-standard","has-post-thumbnail","hentry","category-vitrindekiler"],"_links":{"self":[{"href":"https:\/\/www.mallandmotto.com\/index.php\/wp-json\/wp\/v2\/posts\/3399","targetHints":{"allow":["GET"]}}],"collection":[{"href":"https:\/\/www.mallandmotto.com\/index.php\/wp-json\/wp\/v2\/posts"}],"about":[{"href":"https:\/\/www.mallandmotto.com\/index.php\/wp-json\/wp\/v2\/types\/post"}],"author":[{"embeddable":true,"href":"https:\/\/www.mallandmotto.com\/index.php\/wp-json\/wp\/v2\/users\/6"}],"replies":[{"embeddable":true,"href":"https:\/\/www.mallandmotto.com\/index.php\/wp-json\/wp\/v2\/comments?post=3399"}],"version-history":[{"count":1,"href":"https:\/\/www.mallandmotto.com\/index.php\/wp-json\/wp\/v2\/posts\/3399\/revisions"}],"predecessor-version":[{"id":3401,"href":"https:\/\/www.mallandmotto.com\/index.php\/wp-json\/wp\/v2\/posts\/3399\/revisions\/3401"}],"wp:featuredmedia":[{"embeddable":true,"href":"https:\/\/www.mallandmotto.com\/index.php\/wp-json\/wp\/v2\/media\/3400"}],"wp:attachment":[{"href":"https:\/\/www.mallandmotto.com\/index.php\/wp-json\/wp\/v2\/media?parent=3399"}],"wp:term":[{"taxonomy":"category","embeddable":true,"href":"https:\/\/www.mallandmotto.com\/index.php\/wp-json\/wp\/v2\/categories?post=3399"},{"taxonomy":"post_tag","embeddable":true,"href":"https:\/\/www.mallandmotto.com\/index.php\/wp-json\/wp\/v2\/tags?post=3399"}],"curies":[{"name":"wp","href":"https:\/\/api.w.org\/{rel}","templated":true}]}}