{"id":3409,"date":"2025-08-20T08:51:46","date_gmt":"2025-08-20T08:51:46","guid":{"rendered":"https:\/\/www.mallandmotto.com\/?p=3409"},"modified":"2025-08-28T10:10:44","modified_gmt":"2025-08-28T10:10:44","slug":"polisan-holding-2025-2-ceyrek-sonuclarini-acikladi","status":"publish","type":"post","link":"https:\/\/www.mallandmotto.com\/index.php\/2025\/08\/20\/polisan-holding-2025-2-ceyrek-sonuclarini-acikladi\/","title":{"rendered":"Polisan Holding 2025 2. \u00c7eyrek Sonu\u00e7lar\u0131n\u0131 A\u00e7\u0131klad\u0131"},"content":{"rendered":"\n<h3 class=\"wp-block-heading\"><strong>Polisan Holding, 2025 y\u0131l\u0131n\u0131n ilk alt\u0131 ay\u0131nda 2,8milyar TL konsolide gelir ve 488milyon TL Faiz, Amortisman ve Vergi \u00d6ncesi K\u00e2r (FAV\u00d6K) elde etti.\u00a0<\/strong><\/h3>\n\n\n\n<p>Polisan Holding, 2025 y\u0131l\u0131n\u0131n ilk alt\u0131 ay\u0131nda 2,8milyar TL konsolide gelir, 651milyon TL br\u00fct k\u00e2r ve 488milyon TL Faiz, Amortisman ve Vergi \u00d6ncesi K\u00e2r (FAV\u00d6K) elde etti. Holding, zorlu piyasa ko\u015fullar\u0131n\u0131n devam etti\u011fi bu d\u00f6nemde, operasyonel verimlilik ve bilan\u00e7o y\u00f6netiminin yan\u0131s\u0131ra portf\u00f6y yap\u0131land\u0131r\u0131lmas\u0131na y\u00f6nelik stratejik ad\u0131mlar att\u0131.<\/p>\n\n\n\n<p>Y\u0131l\u0131n ilk yar\u0131s\u0131nda al\u0131nan \u00f6nemli kararlar aras\u0131nda, Polisan Holding\u2019in Yunanistan\u2019daki i\u015ftiraki Polisan Hellas\u2019ta, PET sekt\u00f6r\u00fcndeki talep daralmas\u0131 ve ekonomik ko\u015fullar nedeniyle \u00fcretim faaliyetlerinin durdurulmas\u0131 \u00f6ne \u00e7\u0131kt\u0131. Holding, Hellas\u2019\u0131n bor\u00e7lulu\u011funu azaltmak amac\u0131yla finansal deste\u011fini s\u00fcrd\u00fcrd\u00fc ve bor\u00e7lar yeniden yap\u0131land\u0131r\u0131ld\u0131.&nbsp;<strong>Polisan Holding<\/strong>&nbsp;<strong>CEO\u2019su Cantekin Din\u00e7erler<\/strong>, bu kararla Holding\u2019in k\u00e2rl\u0131l\u0131\u011f\u0131 \u00fczerindeki bask\u0131n\u0131n azalt\u0131lmas\u0131n\u0131n hedeflendi\u011fini belirtti. Ayr\u0131ca, Hellas paylar\u0131n\u0131n sat\u0131\u015f\u0131 i\u00e7in potansiyel al\u0131c\u0131larla g\u00f6r\u00fc\u015fmelerin devam etti\u011fini de ifade etti.<\/p>\n\n\n\n<p>Polisan Holding\u2019in ba\u011fl\u0131 ortakl\u0131klar\u0131n\u0131n ihtiya\u00e7lar\u0131 ve yat\u0131r\u0131m planlar\u0131 do\u011frultusunda, Dilovas\u0131 kamp\u00fcs\u00fcnde yakla\u015f\u0131k 22,75 bin m\u00b2\u2019lik bir alanda fiziksel olarak reorganizasyon ve at\u0131l yap\u0131lar\u0131n kald\u0131r\u0131larak m\u00fcsait hale getirilmesine y\u00f6nelik \u00e7al\u0131\u015fmalar\u0131n devam etti\u011fini belirten Din\u00e7erler, \u201cBu alanlar\u0131n gelir yaratacak \u015fekilde yeniden de\u011ferlendirilmesine, Poliport\u2019a tahsis edilen 8 bin m<sup>2<\/sup>\u2019lik Ge\u00e7ici Depolama Alan\u0131 ile ba\u015fland\u0131\u201d a\u00e7\u0131klamas\u0131n\u0131 yapt\u0131.<\/p>\n\n\n\n<p>Polisan Holding\u2019in Boya Grubu i\u015ftiraklerinin (<strong>Polisan Kansai Boya ve Rohm &amp; Haas<\/strong>) k\u0131smi b\u00f6l\u00fcnme yoluyla yeni kurulacak&nbsp;<strong>Marmara Holding A.\u015e<\/strong>.\u2019ye devri ile ilgili CEO Din\u00e7erler, \u201cBoya Grubu\u2019nun kendi dinamikleriyle b\u00fcy\u00fcmesini sa\u011flayacak bu ad\u0131m, Holding\u2019in stratejik hedeflerine daha net odaklanmas\u0131na imk\u00e2n tan\u0131yacak. B\u00f6l\u00fcnmenin t\u00fcm payda\u015flar\u0131m\u0131z i\u00e7in de\u011fer yarataca\u011f\u0131na inan\u0131yoruz\u201d dedi. S\u00f6z konusu b\u00f6l\u00fcnme ba\u015fvurusu, Sermaye Piyasas\u0131 Kurulu (SPK) taraf\u0131ndan 23 Temmuz 2025 tarihinde onayland\u0131. B\u00f6l\u00fcnmeye ili\u015fkin Ola\u011fan\u00fcst\u00fc Genel Kurul toplant\u0131s\u0131 29 A\u011fustos 2025 tarihinde ger\u00e7ekle\u015ftirilecek.<\/p>\n\n\n\n<p><strong>Polisan Holding CEO\u2019su Cantekin Din\u00e7erler<\/strong>, finansal sonu\u00e7lara ili\u015fkin de\u011ferlendirmesinde \u015fu ifadeleri kulland\u0131: \u201c<em>Polisan Holding\u2019in finansal performans\u0131, k\u00fcresel ve yerel ekonomik ko\u015fullardan do\u011frudan etkileniyor. Avrupa\u2019daki ekonomik durgunluk ve T\u00fcrkiye\u2019de i\u00e7 talepte ya\u015fanan zay\u0131flama, kur-enflasyon makas\u0131n\u0131n daralsada hen\u00fcz kapanmamas\u0131 \u00f6zellikle sanayi \u00fcretimi \u00fczerinde bask\u0131 olu\u015fturmaya devam ediyor. Zay\u0131f seyreden piyasa ko\u015fullar\u0131, artan finansman maliyetleri ve y\u00fcksek i\u015fletme sermayesi ihtiyac\u0131na kar\u015f\u0131 ald\u0131\u011f\u0131m\u0131z \u00f6nlemlerle mali yap\u0131m\u0131z\u0131 korumaya devam ederken bir yandan da portf\u00f6y yap\u0131land\u0131r\u0131lmas\u0131na y\u00f6nelik stratejik ad\u0131mlar att\u0131k. Bu kapsamda; Polisan Hellas\u2019ta \u00fcretimin durdurulmas\u0131, Dilovas\u0131 kamp\u00fcs\u00fcn\u00fcn fiziksel olarak reorganizasyonu, Boya Grubu i\u015ftiraklerinin k\u0131smi b\u00f6l\u00fcnme s\u00fcrecinin ba\u015flat\u0131lmas\u0131 \u00f6ne \u00e7\u0131kan ba\u015fl\u0131klar oldu<\/em>\u201d dedi.<\/p>\n","protected":false},"excerpt":{"rendered":"<p>Polisan Holding, 2025 y\u0131l\u0131n\u0131n ilk alt\u0131 ay\u0131nda 2,8milyar TL konsolide gelir ve 488milyon TL Faiz, Amortisman ve Vergi \u00d6ncesi K\u00e2r (FAV\u00d6K) elde etti.\u00a0 Polisan Holding,&hellip;<\/p>\n","protected":false},"author":6,"featured_media":3410,"comment_status":"open","ping_status":"open","sticky":false,"template":"","format":"standard","meta":{"footnotes":""},"categories":[28],"tags":[],"class_list":["post-3409","post","type-post","status-publish","format-standard","has-post-thumbnail","hentry","category-arastirma"],"_links":{"self":[{"href":"https:\/\/www.mallandmotto.com\/index.php\/wp-json\/wp\/v2\/posts\/3409","targetHints":{"allow":["GET"]}}],"collection":[{"href":"https:\/\/www.mallandmotto.com\/index.php\/wp-json\/wp\/v2\/posts"}],"about":[{"href":"https:\/\/www.mallandmotto.com\/index.php\/wp-json\/wp\/v2\/types\/post"}],"author":[{"embeddable":true,"href":"https:\/\/www.mallandmotto.com\/index.php\/wp-json\/wp\/v2\/users\/6"}],"replies":[{"embeddable":true,"href":"https:\/\/www.mallandmotto.com\/index.php\/wp-json\/wp\/v2\/comments?post=3409"}],"version-history":[{"count":1,"href":"https:\/\/www.mallandmotto.com\/index.php\/wp-json\/wp\/v2\/posts\/3409\/revisions"}],"predecessor-version":[{"id":3411,"href":"https:\/\/www.mallandmotto.com\/index.php\/wp-json\/wp\/v2\/posts\/3409\/revisions\/3411"}],"wp:featuredmedia":[{"embeddable":true,"href":"https:\/\/www.mallandmotto.com\/index.php\/wp-json\/wp\/v2\/media\/3410"}],"wp:attachment":[{"href":"https:\/\/www.mallandmotto.com\/index.php\/wp-json\/wp\/v2\/media?parent=3409"}],"wp:term":[{"taxonomy":"category","embeddable":true,"href":"https:\/\/www.mallandmotto.com\/index.php\/wp-json\/wp\/v2\/categories?post=3409"},{"taxonomy":"post_tag","embeddable":true,"href":"https:\/\/www.mallandmotto.com\/index.php\/wp-json\/wp\/v2\/tags?post=3409"}],"curies":[{"name":"wp","href":"https:\/\/api.w.org\/{rel}","templated":true}]}}